{"id":1060,"date":"2014-03-29T12:35:36","date_gmt":"2014-03-29T12:35:36","guid":{"rendered":"http:\/\/finnmarksarkivene.no\/?p=1060"},"modified":"2015-05-11T08:14:20","modified_gmt":"2015-05-11T08:14:20","slug":"vadso-faglige-samorganisasjon","status":"publish","type":"post","link":"https:\/\/finnmarksarkivene.no\/?p=1060","title":{"rendered":"Vads\u00f8 Faglige Samorganisasjon"},"content":{"rendered":"<p>Da Finnmark Faglige Samorganisasjon ble flyttet fra Vads\u00f8 til Hammerfest, ble Vads\u00f8 Faglige Samorganisasjon konstituert med et eget utvalg 10. august 1951. Arkivmaterialet til organisasjonen oppbevares ved Finnmark fylkesbibliotek.<!--more--><\/p>\n<table border=\"1\" cellspacing=\"0\" cellpadding=\"0\">\n<tbody>\n<tr>\n<td valign=\"top\" width=\"196\">Arkivnavn<\/td>\n<td valign=\"top\" width=\"416\">Vads\u00f8 Faglige Samorganisasjon<\/td>\n<\/tr>\n<tr>\n<td valign=\"top\" width=\"196\">Arkivskaper<\/td>\n<td valign=\"top\" width=\"416\">Vads\u00f8 Faglige Samorganisasjon<\/td>\n<\/tr>\n<tr>\n<td valign=\"top\" width=\"196\">Arkivref \u00a0 (id)<\/td>\n<td valign=\"top\" width=\"416\">FMFB\u00a0 \/ PA-1085<\/td>\n<\/tr>\n<tr>\n<td valign=\"top\" width=\"196\">Reg.base<\/td>\n<td valign=\"top\" width=\"416\">ASTA<\/td>\n<\/tr>\n<tr>\n<td valign=\"top\" width=\"196\">Publ. base \u00a0 (evt. link til katalogen)<\/td>\n<td valign=\"top\" width=\"416\"><a href=\"http:\/\/www.arkivportalen.no\/side\/arkiv\/detaljer?arkivId=no-FMFB_arkiv_000000003392\" target=\"_blank\">Arkivportalen<\/a><\/td>\n<\/tr>\n<tr>\n<td valign=\"top\" width=\"196\">Type \u00a0 materiale, evt. ogs\u00e5 innholdstype<\/td>\n<td valign=\"top\" width=\"416\">Styrem\u00f8teprotokoll<\/td>\n<\/tr>\n<tr>\n<td valign=\"top\" width=\"196\">Tidsperiode<\/td>\n<td valign=\"top\" width=\"416\">1951 &#8211; 1964<\/td>\n<\/tr>\n<tr>\n<td valign=\"top\" width=\"196\">Type\u00a0 virksomhet<\/td>\n<td valign=\"top\" width=\"416\">Interesseorganisasjoner<\/td>\n<\/tr>\n<tr>\n<td valign=\"top\" width=\"196\">Sted \/ omr\u00e5de<\/td>\n<td valign=\"top\" width=\"416\">Vads\u00f8<\/td>\n<\/tr>\n<tr>\n<td valign=\"top\" width=\"196\">Spr\u00e5k<\/td>\n<td valign=\"top\" width=\"416\">Norsk<\/td>\n<\/tr>\n<tr>\n<td valign=\"top\" width=\"196\">Ordningsgrad<\/td>\n<td valign=\"top\" width=\"416\">Ordnet<\/td>\n<\/tr>\n<tr>\n<td valign=\"top\" width=\"196\">Omfang<\/td>\n<td valign=\"top\" width=\"416\">styrem\u00f8teprotokoll<\/td>\n<\/tr>\n<tr>\n<td valign=\"top\" width=\"196\">Arkivliste<\/td>\n<td valign=\"top\" width=\"416\"><a href=\"https:\/\/finnmarksarkivene.no\/?p=1060&amp;preview=true&amp;preview_id=1060&amp;preview_nonce=476438db9b\" target=\"_blank\">A-0085 Vads\u00f8 Faglige Samorganisasjon<\/a><\/td>\n<\/tr>\n<tr>\n<td valign=\"top\" width=\"196\">Digitalisering \u00a0 (evt. link til dig. filer)<\/td>\n<td valign=\"top\" width=\"416\">Nei<\/td>\n<\/tr>\n<tr>\n<td valign=\"top\" width=\"196\">Oppbevarings- \u00a0 \/deponeringssted<\/td>\n<td valign=\"top\" width=\"416\">Finnmark\u00a0 fylkesbibliotek<\/td>\n<\/tr>\n<tr>\n<td valign=\"top\" width=\"196\">Kontaktopplysninger<\/td>\n<td valign=\"top\" width=\"416\"><a href=\"http:\/\/www.finnmarkfylkesbibliotek.no\/tjenester\/privatarkiv\/\" target=\"_blank\">Finnmark fylkesbibliotek<\/a><\/td>\n<\/tr>\n<tr>\n<td valign=\"top\" width=\"196\">Spesielle \u00a0 bemerkninger<br \/>\n(fysisk tilstand, klausul osv.)<\/td>\n<td valign=\"top\" width=\"416\">&#8211;<\/td>\n<\/tr>\n<\/tbody>\n<\/table>\n<p>&nbsp;<\/p>\n","protected":false},"excerpt":{"rendered":"Da Finnmark Faglige Samorganisasjon ble flyttet fra Vads\u00f8 til Hammerfest, ble Vads\u00f8 Faglige Samorganisasjon konstituert med et eget utvalg 10. august 1951. Arkivmaterialet til organisasjonen oppbevares ved Finnmark fylkesbibliotek.","protected":false},"author":1,"featured_media":0,"comment_status":"closed","ping_status":"closed","sticky":false,"template":"","format":"standard","meta":[],"categories":[123],"tags":[63],"_links":{"self":[{"href":"https:\/\/finnmarksarkivene.no\/index.php?rest_route=\/wp\/v2\/posts\/1060"}],"collection":[{"href":"https:\/\/finnmarksarkivene.no\/index.php?rest_route=\/wp\/v2\/posts"}],"about":[{"href":"https:\/\/finnmarksarkivene.no\/index.php?rest_route=\/wp\/v2\/types\/post"}],"author":[{"embeddable":true,"href":"https:\/\/finnmarksarkivene.no\/index.php?rest_route=\/wp\/v2\/users\/1"}],"replies":[{"embeddable":true,"href":"https:\/\/finnmarksarkivene.no\/index.php?rest_route=%2Fwp%2Fv2%2Fcomments&post=1060"}],"version-history":[{"count":3,"href":"https:\/\/finnmarksarkivene.no\/index.php?rest_route=\/wp\/v2\/posts\/1060\/revisions"}],"predecessor-version":[{"id":3672,"href":"https:\/\/finnmarksarkivene.no\/index.php?rest_route=\/wp\/v2\/posts\/1060\/revisions\/3672"}],"wp:attachment":[{"href":"https:\/\/finnmarksarkivene.no\/index.php?rest_route=%2Fwp%2Fv2%2Fmedia&parent=1060"}],"wp:term":[{"taxonomy":"category","embeddable":true,"href":"https:\/\/finnmarksarkivene.no\/index.php?rest_route=%2Fwp%2Fv2%2Fcategories&post=1060"},{"taxonomy":"post_tag","embeddable":true,"href":"https:\/\/finnmarksarkivene.no\/index.php?rest_route=%2Fwp%2Fv2%2Ftags&post=1060"}],"curies":[{"name":"wp","href":"https:\/\/api.w.org\/{rel}","templated":true}]}}