{"id":1085,"date":"2014-03-29T13:05:46","date_gmt":"2014-03-29T13:05:46","guid":{"rendered":"http:\/\/finnmarksarkivene.no\/?p=1085"},"modified":"2021-08-26T06:05:04","modified_gmt":"2021-08-26T06:05:04","slug":"var-fremtid","status":"publish","type":"post","link":"https:\/\/finnmarksarkivene.no\/?p=1085","title":{"rendered":"V\u00e5r Fremtid"},"content":{"rendered":"<p>P\u00e5 et m\u00f8te 18. januar 1912,16 dager etter at Vads\u00f8 sosialdemokratiske ungdomslag (senere Vads\u00f8 Arbeiderungdomslag) ble opprettet, bestemte styret \u00e5 starte et eget blad. Bladet fikk navnet &#8220;Vor Fremtid&#8221;, senere &#8220;V\u00e5r Fremtid&#8221;. Bladet ble et viktig organ for laget.<\/p>\n<p><!--more--><\/p>\n<table border=\"1\" cellspacing=\"0\" cellpadding=\"0\">\n<tbody>\n<tr>\n<td valign=\"top\" width=\"196\">Arkivnavn<\/td>\n<td valign=\"top\" width=\"416\">V\u00e5r Fremtid<\/td>\n<\/tr>\n<tr>\n<td valign=\"top\" width=\"196\">Arkivskaper<\/td>\n<td valign=\"top\" width=\"416\">V\u00e5r Fremtid<\/td>\n<\/tr>\n<tr>\n<td valign=\"top\" width=\"196\">Arkivref. (id)<\/td>\n<td valign=\"top\" width=\"416\">FMFB\/PA\/1026<\/td>\n<\/tr>\n<tr>\n<td valign=\"top\" width=\"196\">Reg. base<\/td>\n<td valign=\"top\" width=\"416\">ASTA<\/td>\n<\/tr>\n<tr>\n<td valign=\"top\" width=\"196\">Publ. base (evt. link til katalogen)<\/td>\n<td valign=\"top\" width=\"416\"><a href=\"http:\/\/www.arkivportalen.no\/side\/arkiv\/detaljer?arkivId=no-FMFB_arkiv_000000000595%20\" target=\"_blank\" rel=\"noopener\">Arkivportalen<\/a><\/td>\n<\/tr>\n<tr>\n<td valign=\"top\" width=\"196\">Type materiale, evt. ogs\u00e5 innholdstype<\/td>\n<td valign=\"top\" width=\"416\">H\u00e5ndkrevne lagsavis-protokoll<\/td>\n<\/tr>\n<tr>\n<td valign=\"top\" width=\"196\">Tidsperiode<\/td>\n<td valign=\"top\" width=\"416\">1914 &#8211; 1964<\/td>\n<\/tr>\n<tr>\n<td valign=\"top\" width=\"196\">Type virksomhet<\/td>\n<td valign=\"top\" width=\"416\">Politiske partier<\/td>\n<\/tr>\n<tr>\n<td valign=\"top\" width=\"196\">Sted \/ omr\u00e5de<\/td>\n<td valign=\"top\" width=\"416\">Vads\u00f8<\/td>\n<\/tr>\n<tr>\n<td valign=\"top\" width=\"196\">Spr\u00e5k<\/td>\n<td valign=\"top\" width=\"416\">Norsk<\/td>\n<\/tr>\n<tr>\n<td valign=\"top\" width=\"196\">Ordningsgrad<\/td>\n<td valign=\"top\" width=\"416\">Ferdig ordnet<\/td>\n<\/tr>\n<tr>\n<td valign=\"top\" width=\"196\">Omfang<\/td>\n<td valign=\"top\" width=\"416\">9 protokoller (0,3 hyllemeter)<\/td>\n<\/tr>\n<tr>\n<td valign=\"top\" width=\"196\">Arkivliste<\/td>\n<td valign=\"top\" width=\"416\"><a href=\"https:\/\/finnmarksarkivene.no\/wp-content\/uploads\/2014\/03\/A-0026-V%C3%A5r-Fremtid.pdf\" target=\"_blank\" rel=\"noopener\">A-0026 V\u00e5r Fremtid<\/a><\/td>\n<\/tr>\n<tr>\n<td valign=\"top\" width=\"196\">Digitalisering (evt. link til dig. filer)<\/td>\n<td valign=\"top\" width=\"416\">Nei<\/td>\n<\/tr>\n<tr>\n<td valign=\"top\" width=\"196\">Oppbevarings- \u00a0 \/deponeringssted<\/td>\n<td valign=\"top\" width=\"416\">Troms og Finnmark fylkesbibliotek<\/td>\n<\/tr>\n<tr>\n<td valign=\"top\" width=\"196\">Kontaktopplysninger<\/td>\n<td valign=\"top\" width=\"416\"><a href=\"http:\/\/fylkesbibliotek.tffk.no\/foto-og-privatarkiv\/privatarkiv\/\" target=\"_blank\" rel=\"noopener\">Troms og Finnmark fylkesbibliotek<\/a><\/td>\n<\/tr>\n<tr>\n<td valign=\"top\" width=\"196\">Spesielle bemerkninger<br \/>\n(fysisk tilstand, klausul osv.)<\/td>\n<td valign=\"top\" width=\"416\"><\/td>\n<\/tr>\n<\/tbody>\n<\/table>\n","protected":false},"excerpt":{"rendered":"P\u00e5 et m\u00f8te 18. januar 1912,16 dager etter at Vads\u00f8 sosialdemokratiske ungdomslag (senere Vads\u00f8 Arbeiderungdomslag) ble opprettet, bestemte styret \u00e5 starte et eget blad. Bladet fikk navnet &#8220;Vor Fremtid&#8221;, senere &#8220;V\u00e5r Fremtid&#8221;. Bladet ble et viktig organ for laget.","protected":false},"author":1,"featured_media":0,"comment_status":"closed","ping_status":"closed","sticky":false,"template":"","format":"standard","meta":[],"categories":[131],"tags":[63],"_links":{"self":[{"href":"https:\/\/finnmarksarkivene.no\/index.php?rest_route=\/wp\/v2\/posts\/1085"}],"collection":[{"href":"https:\/\/finnmarksarkivene.no\/index.php?rest_route=\/wp\/v2\/posts"}],"about":[{"href":"https:\/\/finnmarksarkivene.no\/index.php?rest_route=\/wp\/v2\/types\/post"}],"author":[{"embeddable":true,"href":"https:\/\/finnmarksarkivene.no\/index.php?rest_route=\/wp\/v2\/users\/1"}],"replies":[{"embeddable":true,"href":"https:\/\/finnmarksarkivene.no\/index.php?rest_route=%2Fwp%2Fv2%2Fcomments&post=1085"}],"version-history":[{"count":4,"href":"https:\/\/finnmarksarkivene.no\/index.php?rest_route=\/wp\/v2\/posts\/1085\/revisions"}],"predecessor-version":[{"id":8503,"href":"https:\/\/finnmarksarkivene.no\/index.php?rest_route=\/wp\/v2\/posts\/1085\/revisions\/8503"}],"wp:attachment":[{"href":"https:\/\/finnmarksarkivene.no\/index.php?rest_route=%2Fwp%2Fv2%2Fmedia&parent=1085"}],"wp:term":[{"taxonomy":"category","embeddable":true,"href":"https:\/\/finnmarksarkivene.no\/index.php?rest_route=%2Fwp%2Fv2%2Fcategories&post=1085"},{"taxonomy":"post_tag","embeddable":true,"href":"https:\/\/finnmarksarkivene.no\/index.php?rest_route=%2Fwp%2Fv2%2Ftags&post=1085"}],"curies":[{"name":"wp","href":"https:\/\/api.w.org\/{rel}","templated":true}]}}