{"id":1255,"date":"2014-03-29T16:09:35","date_gmt":"2014-03-29T16:09:35","guid":{"rendered":"http:\/\/finnmarksarkivene.no\/?p=1255"},"modified":"2015-09-03T08:23:56","modified_gmt":"2015-09-03T08:23:56","slug":"vadso-bokkafe-al","status":"publish","type":"post","link":"https:\/\/finnmarksarkivene.no\/?p=1255","title":{"rendered":"Vads\u00f8 bokkaf\u00e9 A\/L"},"content":{"rendered":"<p>Stiftelsesm\u00f8te til Vads\u00f8 bokkaf\u00e9 A\/L ble holdt i 2. desember 1978. P\u00e5 dette m\u00f8tet ble f\u00f8lgende styre valgt: Torkild Alsvik (leder), Else Alexandersen (forretningsf\u00f8rer), Berit Roth Niemi (styremedlem), Ingolf Schanche (styremedlem), Kurt Marki (styremedlem), Anne Marta Steinnes S\u00f8nvisen (varamedlem) og Randi Sj\u00f8lie (varamedlem).<\/p>\n<p><!--more--><br \/>\nDet f\u00f8rste \u00e5ret ble bokkaf\u00e9en drevet p\u00e5 privat basis f\u00f8r andelslaget ble stiftet. Andelslaget var \u00e5pent for alle som var enig i lagets form\u00e5l, som var \u00e5 fremme medlemmenes interesser ved \u00e5 spre sosialistisk litteratur og kultur. Andelslaget hadde ikke \u00f8konomisk form\u00e5l, og det utbetaltes ikke \u00f8konomisk utbytte til andelshaverne.<br \/>\nI l\u00f8pet av det f\u00f8rste ordin\u00e6re drifts\u00e5ret var det 19 \u00e5pningsdager for kaf\u00e9en. Dette var tiln\u00e6rmet annenhver l\u00f8rdag med unntak av sommerm\u00e5nedene og andre ferier. I tillegg hadde bokkaf\u00e9en ansvaret for bokdisker p\u00e5 spesielle arrangementer som 8. mars og 1. mai i Vads\u00f8.<\/p>\n<p><!--more--><\/p>\n<table border=\"1\" cellspacing=\"0\" cellpadding=\"0\">\n<tbody>\n<tr>\n<td valign=\"top\" width=\"196\">Arkivnavn<\/td>\n<td valign=\"top\" width=\"416\">Vads\u00f8 bokkaf\u00e9 A\/L<\/td>\n<\/tr>\n<tr>\n<td valign=\"top\" width=\"196\">Arkivskaper<\/td>\n<td valign=\"top\" width=\"416\">Vads\u00f8 bokkaf\u00e9 A\/L<\/td>\n<\/tr>\n<tr>\n<td valign=\"top\" width=\"196\">Arkivref \u00a0 (id)<\/td>\n<td valign=\"top\" width=\"416\">FMFB\/ PA\/1051<\/td>\n<\/tr>\n<tr>\n<td valign=\"top\" width=\"196\">Reg.base<\/td>\n<td valign=\"top\" width=\"416\">ASTA<\/td>\n<\/tr>\n<tr>\n<td valign=\"top\" width=\"196\">Publ. base \u00a0 (evt. link til katalogen)<\/td>\n<td valign=\"top\" width=\"416\"><a href=\"http:\/\/www.arkivportalen.no\/side\/arkiv\/detaljer?arkivId=no-FMFB_arkiv_000000001388%20%20\" target=\"_blank\">Arkivportalen<\/a><\/td>\n<\/tr>\n<tr>\n<td valign=\"top\" width=\"196\">Type \u00a0 materiale, ev. ogs\u00e5 innholdstype<\/td>\n<td valign=\"top\" width=\"416\">Korrespondanse \u00a0 og saksdokumenter, regnskapsmateriale<\/td>\n<\/tr>\n<tr>\n<td valign=\"top\" width=\"196\">Tidsperiode<\/td>\n<td valign=\"top\" width=\"416\">1978 &#8211; 1985<\/td>\n<\/tr>\n<tr>\n<td valign=\"top\" width=\"196\">Type \u00a0 virksomhet<\/td>\n<td valign=\"top\" width=\"416\">Ideologiske og kulturelle organisasjoner<\/td>\n<\/tr>\n<tr>\n<td valign=\"top\" width=\"196\">Sted \/ omr\u00e5de<\/td>\n<td valign=\"top\" width=\"416\">Vads\u00f8<\/td>\n<\/tr>\n<tr>\n<td valign=\"top\" width=\"196\">Spr\u00e5k<\/td>\n<td valign=\"top\" width=\"416\">Norsk<\/td>\n<\/tr>\n<tr>\n<td valign=\"top\" width=\"196\">Ordningsgrad<\/td>\n<td valign=\"top\" width=\"416\">Ferdig ordnet og katalogisert<\/td>\n<\/tr>\n<tr>\n<td valign=\"top\" width=\"196\">Omfang<\/td>\n<td valign=\"top\" width=\"416\">0,2 hyllemeter<\/td>\n<\/tr>\n<tr>\n<td valign=\"top\" width=\"196\">Arkivliste<\/td>\n<td valign=\"top\" width=\"416\"><a href=\"https:\/\/finnmarksarkivene.no\/?p=1255&amp;preview=true&amp;preview_id=1255&amp;preview_nonce=f1bdfe88f0\" target=\"_blank\">A-0051 Vads\u00f8 bokkafe<\/a><\/td>\n<\/tr>\n<tr>\n<td valign=\"top\" width=\"196\">Digitalisering (evt. link til dig. filer)<\/td>\n<td valign=\"top\" width=\"416\">Nei<\/td>\n<\/tr>\n<tr>\n<td valign=\"top\" width=\"196\">Oppbevarings- \u00a0 \/deponeringssted<\/td>\n<td valign=\"top\" width=\"416\">Finnmark\u00a0fylkesbibliotek<\/td>\n<\/tr>\n<tr>\n<td valign=\"top\" width=\"196\">Kontaktopplysninger<\/td>\n<td valign=\"top\" width=\"416\"><a href=\"http:\/\/www.finnmarkfylkesbibliotek.no\/tjenester\/privatarkiv\/\" target=\"_blank\">Finnmark fylkesbibliotek<\/a><\/td>\n<\/tr>\n<tr>\n<td valign=\"top\" width=\"196\">Spesielle bemerkninger<br \/>\n(fysisk tilstand, klausul osv.)<\/td>\n<td valign=\"top\" width=\"416\">&#8211;<\/td>\n<\/tr>\n<\/tbody>\n<\/table>\n<p>&nbsp;<\/p>\n","protected":false},"excerpt":{"rendered":"Stiftelsesm\u00f8te til Vads\u00f8 bokkaf\u00e9 A\/L ble holdt i 2. desember 1978. P\u00e5 dette m\u00f8tet ble f\u00f8lgende styre valgt: Torkild Alsvik (leder), Else Alexandersen (forretningsf\u00f8rer), Berit Roth Niemi (styremedlem), Ingolf Schanche (styremedlem), Kurt Marki (styremedlem), Anne Marta Steinnes S\u00f8nvisen (varamedlem) og Randi Sj\u00f8lie (varamedlem).","protected":false},"author":1,"featured_media":0,"comment_status":"closed","ping_status":"closed","sticky":false,"template":"","format":"standard","meta":[],"categories":[137],"tags":[237,259,63],"_links":{"self":[{"href":"https:\/\/finnmarksarkivene.no\/index.php?rest_route=\/wp\/v2\/posts\/1255"}],"collection":[{"href":"https:\/\/finnmarksarkivene.no\/index.php?rest_route=\/wp\/v2\/posts"}],"about":[{"href":"https:\/\/finnmarksarkivene.no\/index.php?rest_route=\/wp\/v2\/types\/post"}],"author":[{"embeddable":true,"href":"https:\/\/finnmarksarkivene.no\/index.php?rest_route=\/wp\/v2\/users\/1"}],"replies":[{"embeddable":true,"href":"https:\/\/finnmarksarkivene.no\/index.php?rest_route=%2Fwp%2Fv2%2Fcomments&post=1255"}],"version-history":[{"count":5,"href":"https:\/\/finnmarksarkivene.no\/index.php?rest_route=\/wp\/v2\/posts\/1255\/revisions"}],"predecessor-version":[{"id":4088,"href":"https:\/\/finnmarksarkivene.no\/index.php?rest_route=\/wp\/v2\/posts\/1255\/revisions\/4088"}],"wp:attachment":[{"href":"https:\/\/finnmarksarkivene.no\/index.php?rest_route=%2Fwp%2Fv2%2Fmedia&parent=1255"}],"wp:term":[{"taxonomy":"category","embeddable":true,"href":"https:\/\/finnmarksarkivene.no\/index.php?rest_route=%2Fwp%2Fv2%2Fcategories&post=1255"},{"taxonomy":"post_tag","embeddable":true,"href":"https:\/\/finnmarksarkivene.no\/index.php?rest_route=%2Fwp%2Fv2%2Ftags&post=1255"}],"curies":[{"name":"wp","href":"https:\/\/api.w.org\/{rel}","templated":true}]}}