{"id":1261,"date":"2014-03-29T16:12:14","date_gmt":"2014-03-29T16:12:14","guid":{"rendered":"http:\/\/finnmarksarkivene.no\/?p=1261"},"modified":"2015-09-03T08:22:44","modified_gmt":"2015-09-03T08:22:44","slug":"samradet-for-bibliotekarene-i-finnmark","status":"publish","type":"post","link":"https:\/\/finnmarksarkivene.no\/?p=1261","title":{"rendered":"Samr\u00e5det for bibliotekarene i Finnmark"},"content":{"rendered":"<p align=\"LEFT\"><span style=\"font-size: medium;\">F\u00f8rste samr\u00e5dingsm\u00f8te mellom bibliotekarene i Finnmark ble holdt i Kirkenes 12.-13. 9.1959.\u00a0 R\u00e5det ble nedlagt i 1972. Arkivmateriale etter r\u00e5det oppbevares ved Finnmark fylkesbibliotek.<\/span><\/p>\n<p align=\"LEFT\"><!--more--><\/p>\n<table border=\"1\" cellspacing=\"0\" cellpadding=\"0\">\n<tbody>\n<tr>\n<td valign=\"top\" width=\"196\">Arkivnavn<\/td>\n<td valign=\"top\" width=\"416\">Samr\u00e5dingsm\u00f8ter mellom bibliotekarene i Finnmark<\/td>\n<\/tr>\n<tr>\n<td valign=\"top\" width=\"196\">Arkivskaper<\/td>\n<td valign=\"top\" width=\"416\">Samr\u00e5det for bibliotekarene i Finnmark<\/td>\n<\/tr>\n<tr>\n<td valign=\"top\" width=\"196\">Arkivref. (id)<\/td>\n<td valign=\"top\" width=\"416\">FMFB\/PA-1096<\/td>\n<\/tr>\n<tr>\n<td valign=\"top\" width=\"196\">Reg. base<\/td>\n<td valign=\"top\" width=\"416\">Asta<\/td>\n<\/tr>\n<tr>\n<td valign=\"top\" width=\"196\">Publ. base (evt. link til katalogen)<\/td>\n<td valign=\"top\" width=\"416\"><a href=\"http:\/\/www.arkivportalen.no\/side\/arkiv\/detaljer?arkivId=no-FMFB_arkiv_000000003609\">Arkivportalen<\/a><\/td>\n<\/tr>\n<tr>\n<td valign=\"top\" width=\"196\">Type materiale, evt. ogs\u00e5 innholdstype<\/td>\n<td valign=\"top\" width=\"416\">M\u00f8teprotokoll<\/td>\n<\/tr>\n<tr>\n<td valign=\"top\" width=\"196\">Tidsperiode<\/td>\n<td valign=\"top\" width=\"416\">1959 &#8211; 1972<\/td>\n<\/tr>\n<tr>\n<td valign=\"top\" width=\"196\">Type virksomhet<\/td>\n<td valign=\"top\" width=\"416\">Ideologiske og kulturelle organisasjoner<\/td>\n<\/tr>\n<tr>\n<td valign=\"top\" width=\"196\">Sted \/ omr\u00e5de<\/td>\n<td valign=\"top\" width=\"416\">Vads\u00f8<\/td>\n<\/tr>\n<tr>\n<td valign=\"top\" width=\"196\">Spr\u00e5k<\/td>\n<td valign=\"top\" width=\"416\">Norsk<\/td>\n<\/tr>\n<tr>\n<td valign=\"top\" width=\"196\">Ordningsgrad<\/td>\n<td valign=\"top\" width=\"416\">Ordnet<\/td>\n<\/tr>\n<tr>\n<td valign=\"top\" width=\"196\">Omfang<\/td>\n<td valign=\"top\" width=\"416\">1 protokoll<\/td>\n<\/tr>\n<tr>\n<td valign=\"top\" width=\"196\">Arkivliste<\/td>\n<td valign=\"top\" width=\"416\"><a href=\"https:\/\/finnmarksarkivene.no\/wp-content\/uploads\/2014\/03\/A-0096-Samr%C3%A5dingsm%C3%B8ter-bibliotekarene-i-Finnmark1.pdf\" target=\"_blank\">A-0096 Samr\u00e5dingsm\u00f8ter bibliotekarene i Finnmark<\/a><\/td>\n<\/tr>\n<tr>\n<td valign=\"top\" width=\"196\">Digitalisering (evt. link til dig. filer)<\/td>\n<td valign=\"top\" width=\"416\">Nei<\/td>\n<\/tr>\n<tr>\n<td valign=\"top\" width=\"196\">Oppbevarings- \/deponeringssted<\/td>\n<td valign=\"top\" width=\"416\">Finnmark fylkesbibliotek<\/td>\n<\/tr>\n<tr>\n<td valign=\"top\" width=\"196\">Kontaktopplysninger<\/td>\n<td valign=\"top\" width=\"416\"><a href=\"http:\/\/www.finnmarkfylkesbibliotek.no\/tjenester\/privatarkiv\/\" target=\"_blank\">Finnmark fylkesbibliotek<\/a><\/td>\n<\/tr>\n<tr>\n<td valign=\"top\" width=\"196\">Spesielle bemerkninger<br \/>\n(fysisk tilstand, klausul osv.)<\/td>\n<td valign=\"top\" width=\"416\">&#8211;<\/td>\n<\/tr>\n<\/tbody>\n<\/table>\n<h2><\/h2>\n<p>&nbsp;<\/p>\n<h2><a href=\"http:\/\/www.fm.fylkesbibl.no\/web\/index.php\/privatarkiv\/fellesgrovkatalogforfinnmark\/1312-samradet-for-bibliotekarene-i-finnmark\">\u00a0<\/a><\/h2>\n","protected":false},"excerpt":{"rendered":"F\u00f8rste samr\u00e5dingsm\u00f8te mellom bibliotekarene i Finnmark ble holdt i Kirkenes 12.-13. 9.1959.\u00a0 R\u00e5det ble nedlagt i 1972. Arkivmateriale etter r\u00e5det oppbevares ved Finnmark fylkesbibliotek.","protected":false},"author":1,"featured_media":0,"comment_status":"closed","ping_status":"closed","sticky":false,"template":"","format":"standard","meta":[],"categories":[137],"tags":[63],"_links":{"self":[{"href":"https:\/\/finnmarksarkivene.no\/index.php?rest_route=\/wp\/v2\/posts\/1261"}],"collection":[{"href":"https:\/\/finnmarksarkivene.no\/index.php?rest_route=\/wp\/v2\/posts"}],"about":[{"href":"https:\/\/finnmarksarkivene.no\/index.php?rest_route=\/wp\/v2\/types\/post"}],"author":[{"embeddable":true,"href":"https:\/\/finnmarksarkivene.no\/index.php?rest_route=\/wp\/v2\/users\/1"}],"replies":[{"embeddable":true,"href":"https:\/\/finnmarksarkivene.no\/index.php?rest_route=%2Fwp%2Fv2%2Fcomments&post=1261"}],"version-history":[{"count":6,"href":"https:\/\/finnmarksarkivene.no\/index.php?rest_route=\/wp\/v2\/posts\/1261\/revisions"}],"predecessor-version":[{"id":4087,"href":"https:\/\/finnmarksarkivene.no\/index.php?rest_route=\/wp\/v2\/posts\/1261\/revisions\/4087"}],"wp:attachment":[{"href":"https:\/\/finnmarksarkivene.no\/index.php?rest_route=%2Fwp%2Fv2%2Fmedia&parent=1261"}],"wp:term":[{"taxonomy":"category","embeddable":true,"href":"https:\/\/finnmarksarkivene.no\/index.php?rest_route=%2Fwp%2Fv2%2Fcategories&post=1261"},{"taxonomy":"post_tag","embeddable":true,"href":"https:\/\/finnmarksarkivene.no\/index.php?rest_route=%2Fwp%2Fv2%2Ftags&post=1261"}],"curies":[{"name":"wp","href":"https:\/\/api.w.org\/{rel}","templated":true}]}}