{"id":1275,"date":"2014-03-29T16:21:14","date_gmt":"2014-03-29T16:21:14","guid":{"rendered":"http:\/\/finnmarksarkivene.no\/?p=1275"},"modified":"2015-05-11T12:02:13","modified_gmt":"2015-05-11T12:02:13","slug":"komiteen-for-kvenmonumentet","status":"publish","type":"post","link":"https:\/\/finnmarksarkivene.no\/?p=1275","title":{"rendered":"Komiteen for kvenmonumentet"},"content":{"rendered":"<p>Arkivet inneholder korrespondanse og saksdokumenter etter planleggingskomiteen som ble opprettet i 1970 for \u00e5 reise et monument for den kvenske innvandringen til Varanger-omr\u00e5det. Avdukingen av monumentet skjedde 18. juni 1977 i Vads\u00f8. Statsoverhodene president Kekkonen, kong Olav og kong Carl Gustav deltok ved h\u00f8ytideligheten sammen med 200 offisielle og flere tusen uoffisielle gjester fra de tre nordiske land. \u00a0Arkivet som best\u00e5r av Arvid Sveens unike fotoserie av montering og avduking av monumentet.\u00a0<!--more--><\/p>\n<table border=\"1\" cellspacing=\"0\" cellpadding=\"0\">\n<tbody>\n<tr>\n<td valign=\"top\" width=\"196\">Arkivnavn<\/td>\n<td valign=\"top\" width=\"416\">Komiteen for kvenmonumentet<\/td>\n<\/tr>\n<tr>\n<td valign=\"top\" width=\"196\">Arkivskaper<\/td>\n<td valign=\"top\" width=\"416\">Komiteen for kvenmonumentet<\/td>\n<\/tr>\n<tr>\n<td valign=\"top\" width=\"196\">Arkivref \u00a0 (id)<\/td>\n<td valign=\"top\" width=\"416\">FMFB\/ PA-1034<\/td>\n<\/tr>\n<tr>\n<td valign=\"top\" width=\"196\">Reg.base<\/td>\n<td valign=\"top\" width=\"416\">ASTA<\/td>\n<\/tr>\n<tr>\n<td valign=\"top\" width=\"196\">Publ. base \u00a0 (evt. link til katalogen)<\/td>\n<td valign=\"top\" width=\"416\"><a href=\"https:\/\/finnmarksarkivene.no\/wp-content\/uploads\/2014\/03\/A-0034-Komit%C3%A9en-for-innvandrermonumentet.pdf\" target=\"_blank\">A-0034 Komit\u00e9en for innvandrermonumentet<\/a><\/td>\n<\/tr>\n<tr>\n<td valign=\"top\" width=\"196\">Type materiale, evt. ogs\u00e5 innholdstype<\/td>\n<td valign=\"top\" width=\"416\">Korrespondanse og saksdokumenter, fotografier, trykksaker og avisutklipp<\/td>\n<\/tr>\n<tr>\n<td valign=\"top\" width=\"196\">Tidsperiode<\/td>\n<td valign=\"top\" width=\"416\">1971 &#8211; 1979<\/td>\n<\/tr>\n<tr>\n<td valign=\"top\" width=\"196\">Type virksomhet<\/td>\n<td valign=\"top\" width=\"416\">Ideologiske og \u00a0 kulturelle organisasjoner<\/td>\n<\/tr>\n<tr>\n<td valign=\"top\" width=\"196\">Sted \/ omr\u00e5de<\/td>\n<td valign=\"top\" width=\"416\">Vads\u00f8<\/td>\n<\/tr>\n<tr>\n<td valign=\"top\" width=\"196\">Spr\u00e5k<\/td>\n<td valign=\"top\" width=\"416\">Norsk<\/td>\n<\/tr>\n<tr>\n<td valign=\"top\" width=\"196\">Ordningsgrad<\/td>\n<td valign=\"top\" width=\"416\">Ferdig ordnet og\u00a0katalogisert<\/td>\n<\/tr>\n<tr>\n<td valign=\"top\" width=\"196\">Omfang<\/td>\n<td valign=\"top\" width=\"416\">0,5 hyllemeter<\/td>\n<\/tr>\n<tr>\n<td valign=\"top\" width=\"196\">Arkivliste<\/td>\n<td valign=\"top\" width=\"416\">Ferdig katalog<\/td>\n<\/tr>\n<tr>\n<td valign=\"top\" width=\"196\">Digitalisering (evt. link til dig. filer)<\/td>\n<td valign=\"top\" width=\"416\">Nei<\/td>\n<\/tr>\n<tr>\n<td valign=\"top\" width=\"196\">Oppbevarings- \u00a0 \/deponeringssted<\/td>\n<td valign=\"top\" width=\"416\">Finnmark fylkesbibliotek<\/td>\n<\/tr>\n<tr>\n<td valign=\"top\" width=\"196\">Kontaktopplysninger<\/td>\n<td valign=\"top\" width=\"416\"><a href=\"http:\/\/www.finnmarkfylkesbibliotek.no\/tjenester\/privatarkiv\/\" target=\"_blank\">Finnmark fylkesbibliotek<\/a><\/td>\n<\/tr>\n<tr>\n<td valign=\"top\" width=\"196\">Spesielle bemerkninger<br \/>\n(fysisk tilstand, klausul osv.)<\/td>\n<td valign=\"top\" width=\"416\">\u00a0&#8211;<\/td>\n<\/tr>\n<\/tbody>\n<\/table>\n<p>&nbsp;<\/p>\n","protected":false},"excerpt":{"rendered":"Arkivet inneholder korrespondanse og saksdokumenter etter planleggingskomiteen som ble opprettet i 1970 for \u00e5 reise et monument for den kvenske innvandringen til Varanger-omr\u00e5det. Avdukingen av monumentet skjedde 18. juni 1977 i Vads\u00f8. Statsoverhodene president Kekkonen, kong Olav og kong Carl Gustav deltok ved h\u00f8ytideligheten sammen med 200 offisielle og flere tusen uoffisielle gjester fra de [&hellip;]","protected":false},"author":1,"featured_media":0,"comment_status":"closed","ping_status":"closed","sticky":false,"template":"","format":"standard","meta":[],"categories":[137,152],"tags":[401,310,113,63],"_links":{"self":[{"href":"https:\/\/finnmarksarkivene.no\/index.php?rest_route=\/wp\/v2\/posts\/1275"}],"collection":[{"href":"https:\/\/finnmarksarkivene.no\/index.php?rest_route=\/wp\/v2\/posts"}],"about":[{"href":"https:\/\/finnmarksarkivene.no\/index.php?rest_route=\/wp\/v2\/types\/post"}],"author":[{"embeddable":true,"href":"https:\/\/finnmarksarkivene.no\/index.php?rest_route=\/wp\/v2\/users\/1"}],"replies":[{"embeddable":true,"href":"https:\/\/finnmarksarkivene.no\/index.php?rest_route=%2Fwp%2Fv2%2Fcomments&post=1275"}],"version-history":[{"count":4,"href":"https:\/\/finnmarksarkivene.no\/index.php?rest_route=\/wp\/v2\/posts\/1275\/revisions"}],"predecessor-version":[{"id":3771,"href":"https:\/\/finnmarksarkivene.no\/index.php?rest_route=\/wp\/v2\/posts\/1275\/revisions\/3771"}],"wp:attachment":[{"href":"https:\/\/finnmarksarkivene.no\/index.php?rest_route=%2Fwp%2Fv2%2Fmedia&parent=1275"}],"wp:term":[{"taxonomy":"category","embeddable":true,"href":"https:\/\/finnmarksarkivene.no\/index.php?rest_route=%2Fwp%2Fv2%2Fcategories&post=1275"},{"taxonomy":"post_tag","embeddable":true,"href":"https:\/\/finnmarksarkivene.no\/index.php?rest_route=%2Fwp%2Fv2%2Ftags&post=1275"}],"curies":[{"name":"wp","href":"https:\/\/api.w.org\/{rel}","templated":true}]}}