{"id":128,"date":"2014-03-16T14:11:20","date_gmt":"2014-03-16T14:11:20","guid":{"rendered":"http:\/\/finnmarksarkivene.no\/?p=128"},"modified":"2019-04-10T07:41:08","modified_gmt":"2019-04-10T07:41:08","slug":"arkitekt-trond-m-e-dancke","status":"publish","type":"post","link":"https:\/\/finnmarksarkivene.no\/?p=128","title":{"rendered":"Trond Dancke"},"content":{"rendered":"<p>Arkitekt Trond Dancke var en sentral personen i gjenreisningsadministrasjonen i Finnmark. Arkivet ble avlevert til gjenreisningsmuseet i 1997 etter initiativ fra Dancke selv (Odd Selnes). Odd Selnes tok imot arkivet og la det i arkivbokser.\u00a0 Arkivet er ordnet og katalogisert p\u00e5 Gjenreisningsmuseet i Hammerfest.<\/p>\n<p><!--more--><\/p>\n<table border=\"1\" cellspacing=\"0\" cellpadding=\"0\">\n<tbody>\n<tr>\n<td valign=\"top\" width=\"196\">Arkivnavn<\/td>\n<td valign=\"top\" width=\"416\">Trond Dancke<\/td>\n<\/tr>\n<tr>\n<td valign=\"top\" width=\"196\">Arkivskaper<\/td>\n<td valign=\"top\" width=\"416\">Arkitekt Trond Dancke<\/td>\n<\/tr>\n<tr>\n<td valign=\"top\" width=\"196\">Arkivref. (id)<\/td>\n<td valign=\"top\" width=\"416\">GMA 03\/1997<\/p>\n<p>Aksesjon GMH1997-004<\/td>\n<\/tr>\n<tr>\n<td valign=\"top\" width=\"196\">Reg. base<\/td>\n<td valign=\"top\" width=\"416\">&#8211;<\/td>\n<\/tr>\n<tr>\n<td valign=\"top\" width=\"196\">Publ. base (evt. link til katalogen)<\/td>\n<td valign=\"top\" width=\"416\">&#8211;<\/td>\n<\/tr>\n<tr>\n<td valign=\"top\" width=\"196\">Type materiale, evt. ogs\u00e5 innholdstype<\/td>\n<td valign=\"top\" width=\"416\">Se <a href=\"https:\/\/finnmarksarkivene.no\/wp-content\/uploads\/2014\/03\/Arkivkatalog-Trond-Danckes-privatarkiv.pdf\" target=\"_blank\" rel=\"noopener\">Arkivkatalog Trond Danckes privatarkiv<\/a> utarbeidet av Tove Johansen<\/td>\n<\/tr>\n<tr>\n<td valign=\"top\" width=\"196\">Tidsperiode<\/td>\n<td valign=\"top\" width=\"416\">1937- 1994<\/td>\n<\/tr>\n<tr>\n<td valign=\"top\" width=\"196\">Type virksomhet<\/td>\n<td valign=\"top\" width=\"416\">Arkitektkontor<\/td>\n<\/tr>\n<tr>\n<td valign=\"top\" width=\"196\">Sted \/ omr\u00e5de<\/td>\n<td valign=\"top\" width=\"416\">Hammerfest og omegn<\/td>\n<\/tr>\n<tr>\n<td valign=\"top\" width=\"196\">Spr\u00e5k<\/td>\n<td valign=\"top\" width=\"416\">Norsk<\/td>\n<\/tr>\n<tr>\n<td valign=\"top\" width=\"196\">Ordningsgrad<\/td>\n<td valign=\"top\" width=\"416\">Ordnet, katalogisert<\/td>\n<\/tr>\n<tr>\n<td valign=\"top\" width=\"196\">Omfang<\/td>\n<td valign=\"top\" width=\"416\">6,5 hyllemeter<\/td>\n<\/tr>\n<tr>\n<td valign=\"top\" width=\"196\">Arkivliste<\/td>\n<td valign=\"top\" width=\"416\">En grundig <a href=\"https:\/\/finnmarksarkivene.no\/wp-content\/uploads\/2014\/03\/Arkivkatalog-Trond-Danckes-privatarkiv.pdf\" target=\"_blank\" rel=\"noopener\">Arkivkatalog <\/a><\/td>\n<\/tr>\n<tr>\n<td valign=\"top\" width=\"196\">Digitalisering (evt. link til dig. filer)<\/td>\n<td valign=\"top\" width=\"416\">&#8211;<\/td>\n<\/tr>\n<tr>\n<td valign=\"top\" width=\"196\">Oppbevarings- \u00a0 \/deponeringssted<\/td>\n<td valign=\"top\" width=\"416\">Museene for kystkultur og gjenreisning i Finnmark, avd. Gjenreisningsmuseet<\/td>\n<\/tr>\n<tr>\n<td valign=\"top\" width=\"196\">Kontaktopplysninger<\/td>\n<td valign=\"top\" width=\"416\"><a href=\"http:\/\/www.kystmuseene.no\/gjenreisningsmuseet-for-finnmark-og-nord-troms.107297.no.html\" target=\"_blank\" rel=\"noopener\">Gjenreisningsmuseet<\/a><\/td>\n<\/tr>\n<tr>\n<td valign=\"top\" width=\"196\">Spesielle bemerkninger<br \/>\n(fysisk tilstand, klausul osv.)<\/td>\n<td valign=\"top\" width=\"416\">Arkivet etter Trond Dancke er f\u00f8rst og fremst resultatet av hans arbeid knyttet til Finnmark. I arkivkatalogen er arkivet systematisert i omvendt kronologisk rekkef\u00f8lge der de nyeste prosjekter og arbeider kommer f\u00f8rst. Dette er gjort fordi hele arkivet er preget av det siste avsluttende prosjektet, historia om gjenreisninga av Finnmark. Deretter kommer hans arbeid med generalplanene for Vard\u00f8 og B\u00e5tsfjord p\u00e5 1970-tallet. Materialet etter Dancke lange fartstid i gjenreisningens tjeneste p\u00e5 fylkesniv\u00e5 i Vads\u00f8 er ordnet til slutt. I tillegg til dette materialet er frittst\u00e5ende kopier av tidsskrift, publikasjoner, b\u00f8ker mv. ordnet under overskriften \u00abPublikasjoner\u00bb. Store deler av arkivet best\u00e5r av trykksaker som offentlige dokumenter, hefter, avisutklipp og kopi av artikler vedr\u00f8rende krig, evakuering og gjenreisning, men dette er integrert i det \u00f8vrige materialet.<\/td>\n<\/tr>\n<\/tbody>\n<\/table>\n<p>&nbsp;<\/p>\n","protected":false},"excerpt":{"rendered":"Arkitekt Trond Dancke var en sentral personen i gjenreisningsadministrasjonen i Finnmark. Arkivet ble avlevert til gjenreisningsmuseet i 1997 etter initiativ fra Dancke selv (Odd Selnes). Odd Selnes tok imot arkivet og la det i arkivbokser.\u00a0 Arkivet er ordnet og katalogisert p\u00e5 Gjenreisningsmuseet i Hammerfest.","protected":false},"author":1,"featured_media":7256,"comment_status":"open","ping_status":"open","sticky":false,"template":"","format":"standard","meta":[],"categories":[51,145],"tags":[171],"_links":{"self":[{"href":"https:\/\/finnmarksarkivene.no\/index.php?rest_route=\/wp\/v2\/posts\/128"}],"collection":[{"href":"https:\/\/finnmarksarkivene.no\/index.php?rest_route=\/wp\/v2\/posts"}],"about":[{"href":"https:\/\/finnmarksarkivene.no\/index.php?rest_route=\/wp\/v2\/types\/post"}],"author":[{"embeddable":true,"href":"https:\/\/finnmarksarkivene.no\/index.php?rest_route=\/wp\/v2\/users\/1"}],"replies":[{"embeddable":true,"href":"https:\/\/finnmarksarkivene.no\/index.php?rest_route=%2Fwp%2Fv2%2Fcomments&post=128"}],"version-history":[{"count":8,"href":"https:\/\/finnmarksarkivene.no\/index.php?rest_route=\/wp\/v2\/posts\/128\/revisions"}],"predecessor-version":[{"id":7261,"href":"https:\/\/finnmarksarkivene.no\/index.php?rest_route=\/wp\/v2\/posts\/128\/revisions\/7261"}],"wp:featuredmedia":[{"embeddable":true,"href":"https:\/\/finnmarksarkivene.no\/index.php?rest_route=\/wp\/v2\/media\/7256"}],"wp:attachment":[{"href":"https:\/\/finnmarksarkivene.no\/index.php?rest_route=%2Fwp%2Fv2%2Fmedia&parent=128"}],"wp:term":[{"taxonomy":"category","embeddable":true,"href":"https:\/\/finnmarksarkivene.no\/index.php?rest_route=%2Fwp%2Fv2%2Fcategories&post=128"},{"taxonomy":"post_tag","embeddable":true,"href":"https:\/\/finnmarksarkivene.no\/index.php?rest_route=%2Fwp%2Fv2%2Ftags&post=128"}],"curies":[{"name":"wp","href":"https:\/\/api.w.org\/{rel}","templated":true}]}}