{"id":1598,"date":"2014-03-30T15:08:46","date_gmt":"2014-03-30T15:08:46","guid":{"rendered":"http:\/\/finnmarksarkivene.no\/?p=1598"},"modified":"2021-08-26T07:06:55","modified_gmt":"2021-08-26T07:06:55","slug":"mikkola-samlingen","status":"publish","type":"post","link":"https:\/\/finnmarksarkivene.no\/?p=1598","title":{"rendered":"Mikkolasamlingen"},"content":{"rendered":"<p>Samlingen inneholder dokumentasjon fra Aksel Konrad Mikkola og hans etterkommere. Aksel Konrad Mikkola (17.06.1891 &#8211; 08.03.1975) var sm\u00e5bruker, kj\u00f8pmann, ekspedit\u00f8r, lokalpolitiker og Arbeiderparti-representant p\u00e5 Stortinget fra 1934-1945.<\/p>\n<p><!--more--><\/p>\n<table border=\"1\" cellspacing=\"0\" cellpadding=\"0\">\n<tbody>\n<tr>\n<td valign=\"top\" width=\"196\">Arkivnavn<\/td>\n<td valign=\"top\" width=\"416\">Mikkolasamlingen<\/td>\n<\/tr>\n<tr>\n<td valign=\"top\" width=\"196\">Arkivskaper<\/td>\n<td valign=\"top\" width=\"416\">Mikkolasamlingen<\/td>\n<\/tr>\n<tr>\n<td valign=\"top\" width=\"196\">Arkivref. (id)<\/td>\n<td valign=\"top\" width=\"416\">FMFB\/PA-1099<\/td>\n<\/tr>\n<tr>\n<td valign=\"top\" width=\"196\">Reg.base<\/td>\n<td valign=\"top\" width=\"416\">Asta<\/td>\n<\/tr>\n<tr>\n<td valign=\"top\" width=\"196\">Publ. base\u00a0(evt. link til katalogen)<\/td>\n<td valign=\"top\" width=\"416\">Arkivportalen<\/td>\n<\/tr>\n<tr>\n<td valign=\"top\" width=\"196\">Type \u00a0 materiale, ev. ogs\u00e5 innholdstype<\/td>\n<td valign=\"top\" width=\"416\">Dokumentarkiv, fotografier og negativer, avisartikler og b\u00f8ker<\/td>\n<\/tr>\n<tr>\n<td valign=\"top\" width=\"196\">Tidsperiode<\/td>\n<td valign=\"top\" width=\"416\">1888-1979<\/td>\n<\/tr>\n<tr>\n<td valign=\"top\" width=\"196\">Type virksomhet<\/td>\n<td valign=\"top\" width=\"416\">Personarkiver<\/td>\n<\/tr>\n<tr>\n<td valign=\"top\" width=\"196\">Sted \/ omr\u00e5de<\/td>\n<td valign=\"top\" width=\"416\">Neiden i S\u00f8r-Varanger<\/td>\n<\/tr>\n<tr>\n<td valign=\"top\" width=\"196\">Spr\u00e5k<\/td>\n<td valign=\"top\" width=\"416\">Norsk<\/td>\n<\/tr>\n<tr>\n<td valign=\"top\" width=\"196\">Ordningsgrad<\/td>\n<td valign=\"top\" width=\"416\">Ordnet og\u00a0katalogisert<\/td>\n<\/tr>\n<tr>\n<td valign=\"top\" width=\"196\">Omfang<\/td>\n<td valign=\"top\" width=\"416\"><\/td>\n<\/tr>\n<tr>\n<td valign=\"top\" width=\"196\">Arkivliste<\/td>\n<td valign=\"top\" width=\"416\"><a href=\"https:\/\/finnmarksarkivene.no\/wp-content\/uploads\/2014\/03\/A-0099-Mikkolasamlingen-2.pdf\" target=\"_blank\" rel=\"noopener\">A-0099 Mikkolasamlingen<\/a><\/td>\n<\/tr>\n<tr>\n<td valign=\"top\" width=\"196\">Digitalisering\u00a0(evt. link til dig. filer)<\/td>\n<td valign=\"top\" width=\"416\">Alle dokumentene er digitalisert (ta kontakt med biblioteket)<a href=\"https:\/\/finnmarksarkivene.no\/wp-content\/uploads\/2014\/03\/Mikkola-slekten.pdf\" target=\"_blank\" rel=\"noopener noreferrer\">Mikkola-slekten<\/a><\/td>\n<\/tr>\n<tr>\n<td valign=\"top\" width=\"196\">Oppbevarings-\/deponeringssted<\/td>\n<td valign=\"top\" width=\"416\">Troms og Finnmark fylkesbibliotek<\/td>\n<\/tr>\n<tr>\n<td valign=\"top\" width=\"196\">Kontaktopplysninger<\/td>\n<td valign=\"top\" width=\"416\"><a href=\"https:\/\/fylkesbibliotek.tffk.no\/foto-og-privatarkiv\/privatarkiv\/\" target=\"_blank\" rel=\"noopener\">https:\/\/fylkesbibliotek.tffk.no\/foto-og-privatarkiv\/privatarkiv\/<\/a><\/td>\n<\/tr>\n<tr>\n<td valign=\"top\" width=\"196\">Spesielle\u00a0bemerkninger (fysisk \u00a0 tilstand, klausul osv.)<\/td>\n<td valign=\"top\" width=\"416\">Deponeringsavtale med Aud og Solbj\u00f8rg Mikkola, Neiden.<\/p>\n<p>I tillegg til politiker og sm\u00e5bruker var Aksel Konrad Mikkola\u00a0 ogs\u00e5 en ekspedit\u00f8r for Finnmark fylkesredieriets anl\u00f8psstedet i Neiden. En av avleveringer besto av to stykker protokoller tilh\u00f8rende anl\u00f8psstedet: Ankommet gods 1936-1937 og Billettfortegnelser 1927\u20141941.\u00a0 Siden dette materialet er en del av Finnmark fylkesrederiets arkiv overf\u00f8res det til IKA Finnmark IKS i Lakselv som har ansvar for kommunale og fylkeskommunale arkiver.<\/p>\n<p><a href=\"http:\/\/www.ikaf.no\/\" target=\"_blank\" rel=\"noopener\">www.ikaf.no<\/a><\/td>\n<\/tr>\n<\/tbody>\n<\/table>\n","protected":false},"excerpt":{"rendered":"Samlingen inneholder dokumentasjon fra Aksel Konrad Mikkola og hans etterkommere. Aksel Konrad Mikkola (17.06.1891 &#8211; 08.03.1975) var sm\u00e5bruker, kj\u00f8pmann, ekspedit\u00f8r, lokalpolitiker og Arbeiderparti-representant p\u00e5 Stortinget fra 1934-1945.","protected":false},"author":1,"featured_media":2580,"comment_status":"closed","ping_status":"closed","sticky":false,"template":"","format":"standard","meta":[],"categories":[143,31],"tags":[333,302,70],"_links":{"self":[{"href":"https:\/\/finnmarksarkivene.no\/index.php?rest_route=\/wp\/v2\/posts\/1598"}],"collection":[{"href":"https:\/\/finnmarksarkivene.no\/index.php?rest_route=\/wp\/v2\/posts"}],"about":[{"href":"https:\/\/finnmarksarkivene.no\/index.php?rest_route=\/wp\/v2\/types\/post"}],"author":[{"embeddable":true,"href":"https:\/\/finnmarksarkivene.no\/index.php?rest_route=\/wp\/v2\/users\/1"}],"replies":[{"embeddable":true,"href":"https:\/\/finnmarksarkivene.no\/index.php?rest_route=%2Fwp%2Fv2%2Fcomments&post=1598"}],"version-history":[{"count":28,"href":"https:\/\/finnmarksarkivene.no\/index.php?rest_route=\/wp\/v2\/posts\/1598\/revisions"}],"predecessor-version":[{"id":8516,"href":"https:\/\/finnmarksarkivene.no\/index.php?rest_route=\/wp\/v2\/posts\/1598\/revisions\/8516"}],"wp:featuredmedia":[{"embeddable":true,"href":"https:\/\/finnmarksarkivene.no\/index.php?rest_route=\/wp\/v2\/media\/2580"}],"wp:attachment":[{"href":"https:\/\/finnmarksarkivene.no\/index.php?rest_route=%2Fwp%2Fv2%2Fmedia&parent=1598"}],"wp:term":[{"taxonomy":"category","embeddable":true,"href":"https:\/\/finnmarksarkivene.no\/index.php?rest_route=%2Fwp%2Fv2%2Fcategories&post=1598"},{"taxonomy":"post_tag","embeddable":true,"href":"https:\/\/finnmarksarkivene.no\/index.php?rest_route=%2Fwp%2Fv2%2Ftags&post=1598"}],"curies":[{"name":"wp","href":"https:\/\/api.w.org\/{rel}","templated":true}]}}