{"id":1612,"date":"2014-03-30T17:02:12","date_gmt":"2014-03-30T17:02:12","guid":{"rendered":"http:\/\/finnmarksarkivene.no\/?p=1612"},"modified":"2021-08-26T07:06:03","modified_gmt":"2021-08-26T07:06:03","slug":"gottfred-pedersens-samling-ved-finnmark-fylkesbibliotek","status":"publish","type":"post","link":"https:\/\/finnmarksarkivene.no\/?p=1612","title":{"rendered":"Gottfred Pedersens samling ved Troms og Finnmark fylkesbibliotek"},"content":{"rendered":"<p><span style=\"font-family: 'Calibri','sans-serif'; mso-ascii-theme-font: minor-latin; mso-hansi-theme-font: minor-latin;\">Gottfred Pedersen (1911-1941), f\u00f8dt i Vads\u00f8, organist og komponist. Debuterte som pianist 1938. Virket som organist og korleder m.m. i Vads\u00f8. Komponerte orgelstykker og sanger. Foto- ja notesamlinger etter han oppbevares b\u00e5de Finnmark fylkesbibliotek og Vads\u00f8 museum.<br \/>\n<\/span><\/p>\n<p style=\"line-height: 150%;\"><!--more--><\/p>\n<table border=\"1\" cellspacing=\"0\" cellpadding=\"0\">\n<tbody>\n<tr>\n<td valign=\"top\" width=\"196\">Arkivnavn<\/td>\n<td valign=\"top\" width=\"416\">Gottfred Pedersens samling<\/td>\n<\/tr>\n<tr>\n<td valign=\"top\" width=\"196\">Arkivskaper<\/td>\n<td valign=\"top\" width=\"416\">Gottfred Pedersen<\/td>\n<\/tr>\n<tr>\n<td valign=\"top\" width=\"196\">Arkivref. (id)<\/td>\n<td valign=\"top\" width=\"416\">FMFB\/0140<\/td>\n<\/tr>\n<tr>\n<td valign=\"top\" width=\"196\">Reg. base<\/td>\n<td valign=\"top\" width=\"416\">Asta<\/td>\n<\/tr>\n<tr>\n<td valign=\"top\" width=\"196\">Publ. base (evt. link til katalogen)<\/td>\n<td valign=\"top\" width=\"416\"><a href=\"http:\/\/www.arkivportalen.no\/side\/arkiv\/detaljer?arkivId=no-FMFB_arkiv_000000004296\" target=\"_blank\" rel=\"noopener\">Arkivportalen<\/a><\/td>\n<\/tr>\n<tr>\n<td valign=\"top\" width=\"196\">Type materiale, evt. ogs\u00e5 innholdstype<\/td>\n<td valign=\"top\" width=\"416\">Private brev og saksdokumenter, utklippsb\u00f8ker, fotografier, samt en stor notesamling.<\/td>\n<\/tr>\n<tr>\n<td valign=\"top\" width=\"196\">Tidsperiode<\/td>\n<td valign=\"top\" width=\"416\">1938 &#8211; 1941<\/td>\n<\/tr>\n<tr>\n<td valign=\"top\" width=\"196\">Type virksomhet<\/td>\n<td valign=\"top\" width=\"416\">Arkiv etter privatpersoner<\/td>\n<\/tr>\n<tr>\n<td valign=\"top\" width=\"196\">Sted \/ omr\u00e5de<\/td>\n<td valign=\"top\" width=\"416\">Vads\u00f8<\/td>\n<\/tr>\n<tr>\n<td valign=\"top\" width=\"196\">Spr\u00e5k<\/td>\n<td valign=\"top\" width=\"416\">Norsk<\/td>\n<\/tr>\n<tr>\n<td valign=\"top\" width=\"196\">Ordningsgrad<\/td>\n<td valign=\"top\" width=\"416\">Nei<\/td>\n<\/tr>\n<tr>\n<td valign=\"top\" width=\"196\">Omfang<\/td>\n<td valign=\"top\" width=\"416\"><\/td>\n<\/tr>\n<tr>\n<td valign=\"top\" width=\"196\">Arkivliste<\/td>\n<td valign=\"top\" width=\"416\">JA<\/td>\n<\/tr>\n<tr>\n<td valign=\"top\" width=\"196\">Digitalisering (evt. link til dig. filer)<\/td>\n<td valign=\"top\" width=\"416\">En del av fotografiene er digitalisert og publisert i\u00a0Bibliofil:\u00a0<a href=\"http:\/\/bilde.samsok.no\/cgi-bin\/samsok-bilde\" target=\"_blank\" rel=\"noopener\">Sams\u00f8k i Bibliofil<\/a><\/td>\n<\/tr>\n<tr>\n<td valign=\"top\" width=\"196\">Oppbevarings- \u00a0 \/deponeringssted<\/td>\n<td valign=\"top\" width=\"416\">Troms og Finnmark fylkesbibliotek<\/td>\n<\/tr>\n<tr>\n<td valign=\"top\" width=\"196\">Kontaktopplysninger<\/td>\n<td valign=\"top\" width=\"416\"><a href=\"http:\/\/fylkesbibliotek.tffk.no\/foto-og-privatarkiv\/privatarkiv\/\" target=\"_blank\" rel=\"noopener\">Troms og Finnmark fylkesbibliotek<\/a><\/td>\n<\/tr>\n<tr>\n<td valign=\"top\" width=\"196\">Spesielle bemerkninger<br \/>\n(fysisk tilstand, klausul osv.)<\/td>\n<td valign=\"top\" width=\"416\">Fotografiene har f\u00e5tt tilvekstnr. 16007:001-021 og 16009:001<\/p>\n<p><a href=\"https:\/\/finnmarksarkivene.no\/wp-content\/uploads\/2014\/03\/Gottfred-Pedersens-biografi.pdf\" target=\"_blank\" rel=\"noopener\">Gottfred Pedersens biografi skrevet av Sofie Pedersen<\/a><\/p>\n<p><a href=\"https:\/\/finnmarksarkivene.no\/wp-content\/uploads\/2014\/03\/Gottfred-Pedersen-av-K\u00e5re-Nordling.pdf\" target=\"_blank\" rel=\"noopener\">Gottfred Pedersen av K\u00e5re Nordling<\/a><\/td>\n<\/tr>\n<\/tbody>\n<\/table>\n<p><a href=\"http:\/\/www.fm.fylkesbibl.no\/web\/index.php\/privatarkiv\/fellesgrovkatalogforfinnmark\/1066-pedersen-gottfred\" target=\"_blank\" rel=\"noopener\">\u00a0<\/a><\/p>\n","protected":false},"excerpt":{"rendered":"Gottfred Pedersen (1911-1941), f\u00f8dt i Vads\u00f8, organist og komponist. Debuterte som pianist 1938. Virket som organist og korleder m.m. i Vads\u00f8. Komponerte orgelstykker og sanger. Foto- ja notesamlinger etter han oppbevares b\u00e5de Finnmark fylkesbibliotek og Vads\u00f8 museum.","protected":false},"author":1,"featured_media":0,"comment_status":"closed","ping_status":"closed","sticky":false,"template":"","format":"standard","meta":[],"categories":[143,148],"tags":[228,63],"_links":{"self":[{"href":"https:\/\/finnmarksarkivene.no\/index.php?rest_route=\/wp\/v2\/posts\/1612"}],"collection":[{"href":"https:\/\/finnmarksarkivene.no\/index.php?rest_route=\/wp\/v2\/posts"}],"about":[{"href":"https:\/\/finnmarksarkivene.no\/index.php?rest_route=\/wp\/v2\/types\/post"}],"author":[{"embeddable":true,"href":"https:\/\/finnmarksarkivene.no\/index.php?rest_route=\/wp\/v2\/users\/1"}],"replies":[{"embeddable":true,"href":"https:\/\/finnmarksarkivene.no\/index.php?rest_route=%2Fwp%2Fv2%2Fcomments&post=1612"}],"version-history":[{"count":17,"href":"https:\/\/finnmarksarkivene.no\/index.php?rest_route=\/wp\/v2\/posts\/1612\/revisions"}],"predecessor-version":[{"id":8515,"href":"https:\/\/finnmarksarkivene.no\/index.php?rest_route=\/wp\/v2\/posts\/1612\/revisions\/8515"}],"wp:attachment":[{"href":"https:\/\/finnmarksarkivene.no\/index.php?rest_route=%2Fwp%2Fv2%2Fmedia&parent=1612"}],"wp:term":[{"taxonomy":"category","embeddable":true,"href":"https:\/\/finnmarksarkivene.no\/index.php?rest_route=%2Fwp%2Fv2%2Fcategories&post=1612"},{"taxonomy":"post_tag","embeddable":true,"href":"https:\/\/finnmarksarkivene.no\/index.php?rest_route=%2Fwp%2Fv2%2Ftags&post=1612"}],"curies":[{"name":"wp","href":"https:\/\/api.w.org\/{rel}","templated":true}]}}