{"id":1928,"date":"2014-04-01T17:52:06","date_gmt":"2014-04-01T17:52:06","guid":{"rendered":"http:\/\/finnmarksarkivene.no\/?p=1928"},"modified":"2018-01-10T11:19:01","modified_gmt":"2018-01-10T11:19:01","slug":"per-alseen-samlingen","status":"publish","type":"post","link":"https:\/\/finnmarksarkivene.no\/?p=1928","title":{"rendered":"Alseen-arkivet"},"content":{"rendered":"<p>Etter storbombingen i august 1944 ble det akutt behov for \u00e5 skaffe husv\u00e6re til familiene i Vard\u00f8 som hadde mistet hjemmene sine. Per Alseens far, Oskar Alseen, ble trukket inn i dette arbeidet, og etter hvert med i organisering av transport n\u00e5r de sivile m\u00e5tte forlate byen og stedene omkring &#8211; vestv\u00e6rene som de ble kalt. Arkivmateriale som Per Alseen avleverte til Finnmark fylkesbibliotek i mars 2011 har h\u00f8rt til hans far.<!--more--><\/p>\n<table>\n<tbody>\n<tr>\n<td width=\"196\">Arkivnavn<\/td>\n<td width=\"416\">Per Alseen<\/td>\n<\/tr>\n<tr>\n<td width=\"196\">Arkivskaper<\/td>\n<td width=\"416\">Oskar Alseen<\/td>\n<\/tr>\n<tr>\n<td width=\"196\">Arkivref (id)<\/td>\n<td width=\"416\">FMFB\/PA\/1183<\/td>\n<\/tr>\n<tr>\n<td width=\"196\">Reg.base<\/td>\n<td width=\"416\">Asta<\/td>\n<\/tr>\n<tr>\n<td width=\"196\">Publ. base (evt. link til katalogen)<\/td>\n<td width=\"416\"><a href=\"http:\/\/www.arkivportalen.no\/side\/arkiv\/detaljer?arkivId=no-FMFB_arkiv_000000004692\" target=\"_blank\" rel=\"noopener noreferrer\">Arkivportalen<\/a><\/td>\n<\/tr>\n<tr>\n<td width=\"196\">Type materiale, ev. ogs\u00e5 innholdstype<\/td>\n<td width=\"416\">Samling av dokumenter knyttet til evakuering av Vard\u00f8 i 1944: Kunngj\u00f8ringer, telegrammer, manntall over evakuerte, intrukser og veledninger, avis Finnmarkens fremtid 15. April 1940<\/td>\n<\/tr>\n<tr>\n<td width=\"196\">Tidsperiode<\/td>\n<td width=\"416\">1940-1944<\/td>\n<\/tr>\n<tr>\n<td width=\"196\">Type virksomhet<\/td>\n<td width=\"416\"><\/td>\n<\/tr>\n<tr>\n<td width=\"196\">Sted \/ omr\u00e5de<\/td>\n<td width=\"416\"><\/td>\n<\/tr>\n<tr>\n<td width=\"196\">Spr\u00e5k<\/td>\n<td width=\"416\">Norsk<\/td>\n<\/tr>\n<tr>\n<td width=\"196\">Ordningsgrad<\/td>\n<td width=\"416\">ordnet<\/td>\n<\/tr>\n<tr>\n<td width=\"196\">Omfang<\/td>\n<td width=\"416\"><\/td>\n<\/tr>\n<tr>\n<td width=\"196\">Arkivliste<\/td>\n<td width=\"416\"><a href=\"https:\/\/finnmarksarkivene.no\/wp-content\/uploads\/2014\/04\/A-0183-Alseen-arkivet.pdf\">A-0183 Alseen-arkivet<\/a><\/td>\n<\/tr>\n<tr>\n<td width=\"196\">Digitalisering (evt. link til dig. filer)<\/td>\n<td width=\"416\"><\/td>\n<\/tr>\n<tr>\n<td width=\"196\">Oppbevarings- \/deponeringssted<\/td>\n<td width=\"416\">Finnmark fylkesbibliotek<\/td>\n<\/tr>\n<tr>\n<td width=\"196\">Kontaktopplysninger<\/td>\n<td width=\"416\"><a href=\"http:\/\/www.finnmarkfylkesbibliotek.no\/tjenester\/privatarkiv\/\" target=\"_blank\" rel=\"noopener noreferrer\">Finnmark fylkesbibliotek<\/a><\/td>\n<\/tr>\n<tr>\n<td width=\"196\">Spesielle bemerkninger<\/p>\n<p>(fysisk tilstand, klausul osv.)<\/td>\n<td width=\"416\"><a href=\"https:\/\/finnmarksarkivene.no\/wp-content\/uploads\/2014\/04\/Brev-fra-Per-Alseen-Evakuering.pdf\">Brev fra Per Alseen i forbindelse med avleveringen<\/a><\/td>\n<\/tr>\n<\/tbody>\n<\/table>\n<p>&nbsp;<\/p>\n<p>&nbsp;<\/p>\n","protected":false},"excerpt":{"rendered":"Etter storbombingen i august 1944 ble det akutt behov for \u00e5 skaffe husv\u00e6re til familiene i Vard\u00f8 som hadde mistet hjemmene sine. Per Alseens far, Oskar Alseen, ble trukket inn i dette arbeidet, og etter hvert med i organisering av transport n\u00e5r de sivile m\u00e5tte forlate byen og stedene omkring &#8211; vestv\u00e6rene som de ble [&hellip;]","protected":false},"author":1,"featured_media":0,"comment_status":"closed","ping_status":"closed","sticky":false,"template":"","format":"standard","meta":[],"categories":[145],"tags":[265,65],"_links":{"self":[{"href":"https:\/\/finnmarksarkivene.no\/index.php?rest_route=\/wp\/v2\/posts\/1928"}],"collection":[{"href":"https:\/\/finnmarksarkivene.no\/index.php?rest_route=\/wp\/v2\/posts"}],"about":[{"href":"https:\/\/finnmarksarkivene.no\/index.php?rest_route=\/wp\/v2\/types\/post"}],"author":[{"embeddable":true,"href":"https:\/\/finnmarksarkivene.no\/index.php?rest_route=\/wp\/v2\/users\/1"}],"replies":[{"embeddable":true,"href":"https:\/\/finnmarksarkivene.no\/index.php?rest_route=%2Fwp%2Fv2%2Fcomments&post=1928"}],"version-history":[{"count":9,"href":"https:\/\/finnmarksarkivene.no\/index.php?rest_route=\/wp\/v2\/posts\/1928\/revisions"}],"predecessor-version":[{"id":5779,"href":"https:\/\/finnmarksarkivene.no\/index.php?rest_route=\/wp\/v2\/posts\/1928\/revisions\/5779"}],"wp:attachment":[{"href":"https:\/\/finnmarksarkivene.no\/index.php?rest_route=%2Fwp%2Fv2%2Fmedia&parent=1928"}],"wp:term":[{"taxonomy":"category","embeddable":true,"href":"https:\/\/finnmarksarkivene.no\/index.php?rest_route=%2Fwp%2Fv2%2Fcategories&post=1928"},{"taxonomy":"post_tag","embeddable":true,"href":"https:\/\/finnmarksarkivene.no\/index.php?rest_route=%2Fwp%2Fv2%2Ftags&post=1928"}],"curies":[{"name":"wp","href":"https:\/\/api.w.org\/{rel}","templated":true}]}}