{"id":1973,"date":"2014-04-01T18:15:40","date_gmt":"2014-04-01T18:15:40","guid":{"rendered":"http:\/\/finnmarksarkivene.no\/?p=1973"},"modified":"2014-04-03T18:09:31","modified_gmt":"2014-04-03T18:09:31","slug":"arvid-petterson-arkivet-ved-gjenreisningsmuseet","status":"publish","type":"post","link":"https:\/\/finnmarksarkivene.no\/?p=1973","title":{"rendered":"Arvid Petterson-arkivet ved Gjenreisningsmuseet"},"content":{"rendered":"<p><span style=\"font-family: 'Calibri','sans-serif'; mso-ascii-theme-font: minor-latin; mso-hansi-theme-font: minor-latin; mso-bidi-font-family: Arial;\">Arvid Petterson er f\u00f8dt i Brennelv i Porsanger. Petterson har skrevet en rekke bygdeb\u00f8ker og andre historiske b\u00f8ker om Finnmark under krigen og i gjenreisningstiden. Han har ogs\u00e5 utf\u00f8rt en rekke dokumentasjonsprosjekter i kvenske bosetningsomr\u00e5der. Se ogs\u00e5 arkivet <a title=\"Tvangsevakuering i Finnmark og Nord-Troms 1944-45\" href=\"https:\/\/finnmarksarkivene.no\/?p=1922\">Tvangsevakuering 1944-45<\/a>.\u00a0<\/span><!--more--><\/p>\n<table border=\"1\" cellspacing=\"0\" cellpadding=\"0\">\n<tbody>\n<tr>\n<td valign=\"top\" width=\"196\">Arkivnavn<\/td>\n<td valign=\"top\" width=\"416\">Arvid Petterson-arkivet<\/td>\n<\/tr>\n<tr>\n<td valign=\"top\" width=\"196\">Arkivskaper<\/td>\n<td valign=\"top\" width=\"416\">Arvid Petterson<\/td>\n<\/tr>\n<tr>\n<td valign=\"top\" width=\"196\">Arkivref. (id)<\/td>\n<td valign=\"top\" width=\"416\">GMA 3\/02<br \/>\nGMA 05\/04<br \/>\nGMA 06\/04<br \/>\nGMA 24\/04<br \/>\nGMA 19\/05<br \/>\nGMA 59\/06<br \/>\nGMA 4\/11<\/td>\n<\/tr>\n<tr>\n<td valign=\"top\" width=\"196\">Reg. base<\/td>\n<td valign=\"top\" width=\"416\">&#8211;<\/td>\n<\/tr>\n<tr>\n<td valign=\"top\" width=\"196\">Publ. base (evt. link til katalogen)<\/td>\n<td valign=\"top\" width=\"416\">&#8211;<\/td>\n<\/tr>\n<tr>\n<td valign=\"top\" width=\"196\">Type materiale, evt. ogs\u00e5 innholdstype<\/td>\n<td valign=\"top\" width=\"416\">Foredrag, liste p\u00e5 bakgrunn av boka Alta bataljons historie 1898-1995, 1 1 cd, 1 diskett, utklipp fra Finnmarksposten om Cornelius Moes bok \u201dFinnmarksdikte\u201d, kataloger lydb\u00e5ndopptak, prosjektet Tvangsevakuering og overvintring 1944-1945 av Arvid Petterson, lydb\u00e5ndkasetter med kopi av opptak av fortellinger fra tvangsevakuering og overvintring 1944-1945, landhandel i Porsanger 1926-1969<\/td>\n<\/tr>\n<tr>\n<td valign=\"top\" width=\"196\">Tidsperiode<\/td>\n<td valign=\"top\" width=\"416\">1898 \u2013 1996<\/td>\n<\/tr>\n<tr>\n<td valign=\"top\" width=\"196\">Type virksomhet<\/td>\n<td valign=\"top\" width=\"416\">Samling av dokumenter ang\u00e5ende flykt og tvangsevakuering (Huleboer),<br \/>\nFinnmarksgraver, krig og gjenreisning<\/td>\n<\/tr>\n<tr>\n<td valign=\"top\" width=\"196\">Sted \/ omr\u00e5de<\/td>\n<td valign=\"top\" width=\"416\">Finnmark<\/td>\n<\/tr>\n<tr>\n<td valign=\"top\" width=\"196\">Spr\u00e5k<\/td>\n<td valign=\"top\" width=\"416\">Norsk<\/td>\n<\/tr>\n<tr>\n<td valign=\"top\" width=\"196\">Ordningsgrad<\/td>\n<td valign=\"top\" width=\"416\">Ikke ordnet<\/td>\n<\/tr>\n<tr>\n<td valign=\"top\" width=\"196\">Omfang<\/td>\n<td valign=\"top\" width=\"416\">6 esker, 5 mapper<\/td>\n<\/tr>\n<tr>\n<td valign=\"top\" width=\"196\">Arkivliste<\/td>\n<td valign=\"top\" width=\"416\">Intern arkivliste<\/td>\n<\/tr>\n<tr>\n<td valign=\"top\" width=\"196\">Digitalisering (evt. link til dig. filer)<\/td>\n<td valign=\"top\" width=\"416\">Nei<\/td>\n<\/tr>\n<tr>\n<td valign=\"top\" width=\"196\">Oppbevarings- \u00a0 \/deponeringssted<\/td>\n<td valign=\"top\" width=\"416\">Museene for kystkultur og gjenreisning i Finnmark, avd. Gjenreisningsmuseet<\/td>\n<\/tr>\n<tr>\n<td valign=\"top\" width=\"196\">Kontaktopplysninger<\/td>\n<td valign=\"top\" width=\"416\"><a href=\"http:\/\/www.kystmuseene.no\/gjenreisningsmuseet-for-finnmark-og-nord-troms.107297.no.html\" target=\"_blank\">Gjenreisningsmuseet<\/a><\/td>\n<\/tr>\n<tr>\n<td valign=\"top\" width=\"196\">Spesielle bemerkninger<br \/>\n(fysisk tilstand, klausul osv.)<\/td>\n<td valign=\"top\" width=\"416\">&#8211;<\/td>\n<\/tr>\n<\/tbody>\n<\/table>\n<p>&nbsp;<\/p>\n","protected":false},"excerpt":{"rendered":"Arvid Petterson er f\u00f8dt i Brennelv i Porsanger. Petterson har skrevet en rekke bygdeb\u00f8ker og andre historiske b\u00f8ker om Finnmark under krigen og i gjenreisningstiden. Han har ogs\u00e5 utf\u00f8rt en rekke dokumentasjonsprosjekter i kvenske bosetningsomr\u00e5der. Se ogs\u00e5 arkivet Tvangsevakuering 1944-45.\u00a0","protected":false},"author":1,"featured_media":0,"comment_status":"closed","ping_status":"closed","sticky":false,"template":"","format":"standard","meta":[],"categories":[153,145,146],"tags":[171,77,265],"_links":{"self":[{"href":"https:\/\/finnmarksarkivene.no\/index.php?rest_route=\/wp\/v2\/posts\/1973"}],"collection":[{"href":"https:\/\/finnmarksarkivene.no\/index.php?rest_route=\/wp\/v2\/posts"}],"about":[{"href":"https:\/\/finnmarksarkivene.no\/index.php?rest_route=\/wp\/v2\/types\/post"}],"author":[{"embeddable":true,"href":"https:\/\/finnmarksarkivene.no\/index.php?rest_route=\/wp\/v2\/users\/1"}],"replies":[{"embeddable":true,"href":"https:\/\/finnmarksarkivene.no\/index.php?rest_route=%2Fwp%2Fv2%2Fcomments&post=1973"}],"version-history":[{"count":4,"href":"https:\/\/finnmarksarkivene.no\/index.php?rest_route=\/wp\/v2\/posts\/1973\/revisions"}],"predecessor-version":[{"id":2092,"href":"https:\/\/finnmarksarkivene.no\/index.php?rest_route=\/wp\/v2\/posts\/1973\/revisions\/2092"}],"wp:attachment":[{"href":"https:\/\/finnmarksarkivene.no\/index.php?rest_route=%2Fwp%2Fv2%2Fmedia&parent=1973"}],"wp:term":[{"taxonomy":"category","embeddable":true,"href":"https:\/\/finnmarksarkivene.no\/index.php?rest_route=%2Fwp%2Fv2%2Fcategories&post=1973"},{"taxonomy":"post_tag","embeddable":true,"href":"https:\/\/finnmarksarkivene.no\/index.php?rest_route=%2Fwp%2Fv2%2Ftags&post=1973"}],"curies":[{"name":"wp","href":"https:\/\/api.w.org\/{rel}","templated":true}]}}