{"id":2149,"date":"2014-04-03T16:15:51","date_gmt":"2014-04-03T16:15:51","guid":{"rendered":"http:\/\/finnmarksarkivene.no\/?p=2149"},"modified":"2014-04-04T07:18:20","modified_gmt":"2014-04-04T07:18:20","slug":"samisk-eldre-kulturhistoriske-boksamling","status":"publish","type":"post","link":"https:\/\/finnmarksarkivene.no\/?p=2149","title":{"rendered":"Samisk eldre kulturhistoriske boksamling"},"content":{"rendered":"<p>Adolf Steen var f\u00f8dt 1906 i Syvde p\u00e5 Sunnm\u00f8re. I tidsrommet 1937-1969 var han sekret\u00e6r i S\u00f8rlandet krets av Samemisjonen, med bopel i Kristiansand. Han d\u00f8de \u00e5ret etter i Kristiansand. Steen var en ivrig samler av eldre b\u00f8ker. Hans boksamlinger oppbevares ved Guovdageainnu Gili\u0161illju\/Kautokeino bygdetun.<\/p>\n<p><!--more--><\/p>\n<table border=\"1\" cellspacing=\"0\" cellpadding=\"0\">\n<tbody>\n<tr>\n<td valign=\"top\" width=\"196\">Arkivnavn<\/td>\n<td valign=\"top\" width=\"416\">Samisk eldre kulturhistorisk boksamling<\/td>\n<\/tr>\n<tr>\n<td valign=\"top\" width=\"196\">Arkivskaper<\/td>\n<td valign=\"top\" width=\"416\">Adolf Steen\/ Gili\u0161illju\u00a0Kautokeino bygdetun\u00a0\/ Alf Isak Keskitalo<\/td>\n<\/tr>\n<tr>\n<td valign=\"top\" width=\"196\">Arkivref. (id)<\/td>\n<td valign=\"top\" width=\"416\">&#8211;<\/td>\n<\/tr>\n<tr>\n<td valign=\"top\" width=\"196\">Reg. base<\/td>\n<td valign=\"top\" width=\"416\">&#8211;<\/td>\n<\/tr>\n<tr>\n<td valign=\"top\" width=\"196\">Publ. base (evt. link til katalogen)<\/td>\n<td valign=\"top\" width=\"416\">&#8211;<\/td>\n<\/tr>\n<tr>\n<td valign=\"top\" width=\"196\">Type materiale, evt. ogs\u00e5 innholdstype<\/td>\n<td valign=\"top\" width=\"416\">B\u00f8ker, blant annet A.Steens bibel fra 1700.<\/td>\n<\/tr>\n<tr>\n<td valign=\"top\" width=\"196\">Tidsperiode<\/td>\n<td valign=\"top\" width=\"416\">1700 &#8211;<\/td>\n<\/tr>\n<tr>\n<td valign=\"top\" width=\"196\">Type virksomhet<\/td>\n<td valign=\"top\" width=\"416\">Offentlig\u00a0ark. materiale<\/td>\n<\/tr>\n<tr>\n<td valign=\"top\" width=\"196\">Sted \/ omr\u00e5de<\/td>\n<td valign=\"top\" width=\"416\">S\u00e1pmi<\/td>\n<\/tr>\n<tr>\n<td valign=\"top\" width=\"196\">Spr\u00e5k<\/td>\n<td valign=\"top\" width=\"416\">Samisk \/ norsk<\/td>\n<\/tr>\n<tr>\n<td valign=\"top\" width=\"196\">Ordningsgrad<\/td>\n<td valign=\"top\" width=\"416\">Samlet i hylle\/skap\/ safe \/ monter<\/td>\n<\/tr>\n<tr>\n<td valign=\"top\" width=\"196\">Omfang<\/td>\n<td valign=\"top\" width=\"416\">Ca.40 i safe og montre<\/td>\n<\/tr>\n<tr>\n<td valign=\"top\" width=\"196\">Arkivliste<\/td>\n<td valign=\"top\" width=\"416\">Katalogisert<\/td>\n<\/tr>\n<tr>\n<td valign=\"top\" width=\"196\">Digitalisering\u00a0(evt. link til dig. filer)<\/td>\n<td valign=\"top\" width=\"416\">&#8211;<\/td>\n<\/tr>\n<tr>\n<td valign=\"top\" width=\"196\">Oppbevarings- \u00a0 \/deponeringssted<\/td>\n<td valign=\"top\" width=\"416\">RDM-Guovdageainnu gili\u0161illju &#8211; RDM-Kautokeino bygdetun<\/td>\n<\/tr>\n<tr>\n<td valign=\"top\" width=\"196\">Kontaktopplysninger<\/td>\n<td valign=\"top\" width=\"416\"><a href=\"http:\/\/rdm.no\/norsk\/\" target=\"_blank\">RDM-Kautokeino bygdetun<\/a><\/td>\n<\/tr>\n<tr>\n<td valign=\"top\" width=\"196\">Spesielle bemerkninger<br \/>\n(fysisk tilstand, klausul osv.)<\/td>\n<td valign=\"top\" width=\"416\">&#8211;<\/td>\n<\/tr>\n<\/tbody>\n<\/table>\n<p>&nbsp;<\/p>\n","protected":false},"excerpt":{"rendered":"Adolf Steen var f\u00f8dt 1906 i Syvde p\u00e5 Sunnm\u00f8re. I tidsrommet 1937-1969 var han sekret\u00e6r i S\u00f8rlandet krets av Samemisjonen, med bopel i Kristiansand. Han d\u00f8de \u00e5ret etter i Kristiansand. Steen var en ivrig samler av eldre b\u00f8ker. Hans boksamlinger oppbevares ved Guovdageainnu Gili\u0161illju\/Kautokeino bygdetun.","protected":false},"author":1,"featured_media":0,"comment_status":"closed","ping_status":"closed","sticky":false,"template":"","format":"standard","meta":[],"categories":[151],"tags":[259,176,112],"_links":{"self":[{"href":"https:\/\/finnmarksarkivene.no\/index.php?rest_route=\/wp\/v2\/posts\/2149"}],"collection":[{"href":"https:\/\/finnmarksarkivene.no\/index.php?rest_route=\/wp\/v2\/posts"}],"about":[{"href":"https:\/\/finnmarksarkivene.no\/index.php?rest_route=\/wp\/v2\/types\/post"}],"author":[{"embeddable":true,"href":"https:\/\/finnmarksarkivene.no\/index.php?rest_route=\/wp\/v2\/users\/1"}],"replies":[{"embeddable":true,"href":"https:\/\/finnmarksarkivene.no\/index.php?rest_route=%2Fwp%2Fv2%2Fcomments&post=2149"}],"version-history":[{"count":3,"href":"https:\/\/finnmarksarkivene.no\/index.php?rest_route=\/wp\/v2\/posts\/2149\/revisions"}],"predecessor-version":[{"id":2244,"href":"https:\/\/finnmarksarkivene.no\/index.php?rest_route=\/wp\/v2\/posts\/2149\/revisions\/2244"}],"wp:attachment":[{"href":"https:\/\/finnmarksarkivene.no\/index.php?rest_route=%2Fwp%2Fv2%2Fmedia&parent=2149"}],"wp:term":[{"taxonomy":"category","embeddable":true,"href":"https:\/\/finnmarksarkivene.no\/index.php?rest_route=%2Fwp%2Fv2%2Fcategories&post=2149"},{"taxonomy":"post_tag","embeddable":true,"href":"https:\/\/finnmarksarkivene.no\/index.php?rest_route=%2Fwp%2Fv2%2Ftags&post=2149"}],"curies":[{"name":"wp","href":"https:\/\/api.w.org\/{rel}","templated":true}]}}