{"id":2177,"date":"2014-04-03T16:30:26","date_gmt":"2014-04-03T16:30:26","guid":{"rendered":"http:\/\/finnmarksarkivene.no\/?p=2177"},"modified":"2021-02-08T07:46:17","modified_gmt":"2021-02-08T07:46:17","slug":"esbensen-pa-bakken","status":"publish","type":"post","link":"https:\/\/finnmarksarkivene.no\/?p=2177","title":{"rendered":"Esbenseng\u00e5rden p\u00e5 Bakken"},"content":{"rendered":"<p><span style=\"mso-bidi-font-size: 12.0pt; color: #1a1a1a;\">Esbensen var en kjent kj\u00f8pmannsfamilie i Vads\u00f8. Eiendommen &#8220;<\/span>Esbenseng\u00e5rden p\u00e5 Bakken&#8221; (jf. Esbenseng\u00e5rden p\u00e5 Sletten) h\u00f8rte til Andreas Brodtkorb Esbensen &#8211; b\u00e5de handelsmann og predikant-\u00a0 kalt &#8220;Bikko&#8221; \/ &#8220;Bikku&#8221;. Han var f\u00f8dt i 1916 og d\u00f8de i 2008. I tillegg til \u00e5 v\u00e6re l\u00e6stadiansk predikant og handelsmann, satt han lenge i kommunestyret i Vads\u00f8 for H\u00f8yre og var dessuten finsk visekonsul i \u00e5rene 1946-57. Hans etterlatte dokumeneter oppbevares ved Finnmark fylkesbibliotek.<\/p>\n<p><!--more--><\/p>\n<table border=\"1\" cellspacing=\"0\" cellpadding=\"0\">\n<tbody>\n<tr>\n<td valign=\"top\" width=\"196\">Arkivnavn<\/td>\n<td valign=\"top\" width=\"416\">Esbensen p\u00e5 Bakken<\/td>\n<\/tr>\n<tr>\n<td valign=\"top\" width=\"196\">Arkivskaper<\/td>\n<td valign=\"top\" width=\"416\">Familien Esbensen<\/td>\n<\/tr>\n<tr>\n<td valign=\"top\" width=\"196\">Arkivref. (id)<\/td>\n<td valign=\"top\" width=\"416\">FMFB\/ PA-1104<\/td>\n<\/tr>\n<tr>\n<td valign=\"top\" width=\"196\">Reg. base<\/td>\n<td valign=\"top\" width=\"416\">ASTA<\/td>\n<\/tr>\n<tr>\n<td valign=\"top\" width=\"196\">Publ. base (evt. link til katalogen)<\/td>\n<td valign=\"top\" width=\"416\"><a href=\"http:\/\/www.fm.fylkesbibl.no\/web\/images\/A-0104_Esbenseng\u00e5rden_p\u00e5_Bakken.pdf\" target=\"_blank\" rel=\"noopener\">Finnmarks fylkesbibliotekets hjemmeside<\/a><\/td>\n<\/tr>\n<tr>\n<td valign=\"top\" width=\"196\">Type materiale, evt. ogs\u00e5 innholdstype<\/td>\n<td valign=\"top\" width=\"416\">Kontrakter,\u00a0skj\u00f8ter, religi\u00f8se tekster, notisbok<\/td>\n<\/tr>\n<tr>\n<td valign=\"top\" width=\"196\">Tidsperiode<\/td>\n<td valign=\"top\" width=\"416\">1850 &#8211; 1899<\/td>\n<\/tr>\n<tr>\n<td valign=\"top\" width=\"196\">Type virksomhet<\/td>\n<td valign=\"top\" width=\"416\">Arkiv fra \/ etter privatpersoner<\/td>\n<\/tr>\n<tr>\n<td valign=\"top\" width=\"196\">Sted \/ omr\u00e5de<\/td>\n<td valign=\"top\" width=\"416\">Vads\u00f8<\/td>\n<\/tr>\n<tr>\n<td valign=\"top\" width=\"196\">Spr\u00e5k<\/td>\n<td valign=\"top\" width=\"416\">Norsk<\/td>\n<\/tr>\n<tr>\n<td valign=\"top\" width=\"196\">Ordningsgrad<\/td>\n<td valign=\"top\" width=\"416\">Ordnet<\/td>\n<\/tr>\n<tr>\n<td valign=\"top\" width=\"196\">Omfang<\/td>\n<td valign=\"top\" width=\"416\">Noen dokumenter<\/td>\n<\/tr>\n<tr>\n<td valign=\"top\" width=\"196\">Arkivliste<\/td>\n<td valign=\"top\" width=\"416\"><a href=\"https:\/\/finnmarksarkivene.no\/wp-content\/uploads\/2014\/04\/A-0104-Esbenseng\u00e5rden-p\u00e5-Bakken.pdf\" target=\"_blank\" rel=\"noopener\">A-0104 Esbenseng\u00e5rden p\u00e5 Bakken<\/a><\/td>\n<\/tr>\n<tr>\n<td valign=\"top\" width=\"196\">Digitalisering (evt. link til dig. filer)<\/td>\n<td valign=\"top\" width=\"416\">Nei<\/td>\n<\/tr>\n<tr>\n<td valign=\"top\" width=\"196\">Oppbevarings- \u00a0 \/deponeringssted<\/td>\n<td valign=\"top\" width=\"416\">Finnmark fylkesbibliotek<\/td>\n<\/tr>\n<tr>\n<td valign=\"top\" width=\"196\">Kontaktopplysninger<\/td>\n<td valign=\"top\" width=\"416\"><a href=\"http:\/\/www.fm.fylkesbibl.no\/web\/\" target=\"_blank\" rel=\"noopener\">Finnmark fylkesbibliotek<\/a><\/td>\n<\/tr>\n<tr>\n<td valign=\"top\" width=\"196\">Spesielle bemerkninger<br \/>\n(fysisk tilstand, klausul osv.)<\/td>\n<td valign=\"top\" width=\"416\">Originale dokumentene er skjermet fra offentlogheten p.g.a. skj\u00f8rbarhet.<\/td>\n<\/tr>\n<\/tbody>\n<\/table>\n<p>&nbsp;<\/p>\n","protected":false},"excerpt":{"rendered":"Esbensen var en kjent kj\u00f8pmannsfamilie i Vads\u00f8. Eiendommen &#8220;Esbenseng\u00e5rden p\u00e5 Bakken&#8221; (jf. Esbenseng\u00e5rden p\u00e5 Sletten) h\u00f8rte til Andreas Brodtkorb Esbensen &#8211; b\u00e5de handelsmann og predikant-\u00a0 kalt &#8220;Bikko&#8221; \/ &#8220;Bikku&#8221;. Han var f\u00f8dt i 1916 og d\u00f8de i 2008. I tillegg til \u00e5 v\u00e6re l\u00e6stadiansk predikant og handelsmann, satt han lenge i kommunestyret i Vads\u00f8 for [&hellip;]","protected":false},"author":1,"featured_media":0,"comment_status":"closed","ping_status":"closed","sticky":false,"template":"","format":"standard","meta":[],"categories":[151],"tags":[83,219,63],"_links":{"self":[{"href":"https:\/\/finnmarksarkivene.no\/index.php?rest_route=\/wp\/v2\/posts\/2177"}],"collection":[{"href":"https:\/\/finnmarksarkivene.no\/index.php?rest_route=\/wp\/v2\/posts"}],"about":[{"href":"https:\/\/finnmarksarkivene.no\/index.php?rest_route=\/wp\/v2\/types\/post"}],"author":[{"embeddable":true,"href":"https:\/\/finnmarksarkivene.no\/index.php?rest_route=\/wp\/v2\/users\/1"}],"replies":[{"embeddable":true,"href":"https:\/\/finnmarksarkivene.no\/index.php?rest_route=%2Fwp%2Fv2%2Fcomments&post=2177"}],"version-history":[{"count":9,"href":"https:\/\/finnmarksarkivene.no\/index.php?rest_route=\/wp\/v2\/posts\/2177\/revisions"}],"predecessor-version":[{"id":8058,"href":"https:\/\/finnmarksarkivene.no\/index.php?rest_route=\/wp\/v2\/posts\/2177\/revisions\/8058"}],"wp:attachment":[{"href":"https:\/\/finnmarksarkivene.no\/index.php?rest_route=%2Fwp%2Fv2%2Fmedia&parent=2177"}],"wp:term":[{"taxonomy":"category","embeddable":true,"href":"https:\/\/finnmarksarkivene.no\/index.php?rest_route=%2Fwp%2Fv2%2Fcategories&post=2177"},{"taxonomy":"post_tag","embeddable":true,"href":"https:\/\/finnmarksarkivene.no\/index.php?rest_route=%2Fwp%2Fv2%2Ftags&post=2177"}],"curies":[{"name":"wp","href":"https:\/\/api.w.org\/{rel}","templated":true}]}}