{"id":2366,"date":"2014-04-10T17:14:10","date_gmt":"2014-04-10T17:14:10","guid":{"rendered":"http:\/\/finnmarksarkivene.no\/?p=2366"},"modified":"2015-09-30T10:30:48","modified_gmt":"2015-09-30T10:30:48","slug":"prost-beronkas-testamentariske-gave","status":"publish","type":"post","link":"https:\/\/finnmarksarkivene.no\/?p=2366","title":{"rendered":"Prost Beronkas testamentariske gave"},"content":{"rendered":"<p>\u00abHvis Johan skal fortsette p\u00e5 skolen m\u00e5 han f\u00e5 seg anskaffet briller. P. L\u00f8vberg\u00bb.<\/p>\n<p><!--more--><\/p>\n<div>\n<div id=\"id_5346cce04aecf0530207945\">Johan Beronka (1885-1965) var prest, prost, spr\u00e5kforsker og lokalhistoriker.\u00a0I hans etterlatte arkiv finner man blant annet en intakt karakterseddel som tilh\u00f8rer den 9 \u00e5r gamle Beronka. Karakterene er aldeles ikke verst \u2013 for den fremtidige spr\u00e5kmannen og forskeren &#8211; men bedre kan de bli i f\u00f8lge l\u00e6rerinnen Pauline L\u00f8vberg som sender en klar beskjed til foreldrene, skrevet i margen: \u201dHvis Johan skal fortsette p\u00e5 skolen m\u00e5 han f\u00e5 seg anskaffet briller. P. L\u00f8vberg\u201d.\u00a0 Beronka hadde mesteparten av livet svekket syn. De siste fem \u00e5r var han helt blind.<\/div>\n<div><\/div>\n<div><strong style=\"line-height: 1.5em;\"><strong style=\"line-height: 1.5em;\">F\u00f8rste kven med norsk embetseksamen<\/strong><\/strong><\/div>\n<div>\n<div>\n<div id=\"attachment_2367\" style=\"width: 310px\" class=\"wp-caption alignright\"><a href=\"https:\/\/finnmarksarkivene.no\/wp-content\/uploads\/2014\/04\/beronka_05021034.jpg\"><img aria-describedby=\"caption-attachment-2367\" loading=\"lazy\" class=\"size-medium wp-image-2367\" alt=\"Bak fra v.: Johan Beronka, Inga Esbensen, \u00abNusse\u00bb (13), \u00abs\u00f8ster Marie\u00bb, Wold Chauffen. Foran fra v.: Vivi (12), Eva (11), ukjent jente. Bildet er fra Finnmark fylkesbiblioteks fotoarkiv.\" src=\"https:\/\/finnmarksarkivene.no\/wp-content\/uploads\/2014\/04\/beronka_05021034-300x295.jpg\" width=\"300\" height=\"295\" srcset=\"https:\/\/finnmarksarkivene.no\/wp-content\/uploads\/2014\/04\/beronka_05021034-300x295.jpg 300w, https:\/\/finnmarksarkivene.no\/wp-content\/uploads\/2014\/04\/beronka_05021034.jpg 519w\" sizes=\"(max-width: 300px) 100vw, 300px\" \/><\/a><p id=\"caption-attachment-2367\" class=\"wp-caption-text\">Bak fra v.: Johan Beronka, Inga Esbensen, \u00abNusse\u00bb (13), \u00abs\u00f8ster Marie\u00bb, Wold Chauffen. Foran fra v.: Vivi (12), Eva (11), ukjent jente. Bildet er fra Finnmark fylkesbiblioteks fotoarkiv.<\/p><\/div>\n<\/div>\n<p>Johan Beronka vokste opp i Ytre Kvenby i Vads\u00f8 som s\u00f8nn til fisker og sm\u00e5bruker Johan Beronka og Marie Erika Tapio.\u00a0Beronka er trolig den f\u00f8rste kvenen med norsk embetseksamen. Han giftet seg med Inga Esbensen, datter av kj\u00f8pmann Hans Fredrik Esbensen.<\/p>\n<p><strong>Spr\u00e5kgeni, vitenskapsmann og opplysningsmann<\/strong><\/p>\n<p>Beronka studerte teologi i Kristiania og ble cand. theol. i 1914. I tillegg studerte han semittiske spr\u00e5k og inuittiske dialekter og tok eksamen i samisk og finsk. Etter hvert kunne han n\u00e6rmere\u00a0ti ulike spr\u00e5k, i tillegg til finsk, norsk og samisk.<\/p>\n<p>De vitenskapelig mest meritterende studiene gjorde han nettopp innen spr\u00e5kforskning. Hans \u00abSyntaktiske iagttagelser fra de finske dialekter i Vads\u00f8 og Porsanger\u00bb og \u00abIagttagelser fra orddannelses- og forml\u00e6ren i de finske dialekter i Vads\u00f8 og Porsanger\u00bb var banebrytende for studiet av kvensk spr\u00e5k.<\/p>\n<p>Han publiserte to bemerkelsesverdige forskningsarbeider ogs\u00e5 om samisk spr\u00e5k, \u00abLappische Kasusstudien I og II\u00bb. \u00a0Beronka gjorde ogs\u00e5 opptegnelser om samiske og finske stedsnavn i Varanger-omr\u00e5det, Pasvikdalen og Porsanger.<\/p>\n<p>Beronka var opptatt av folkeopplysning. I mer enn ti \u00e5r var han formann i styret for Finmarksbiblioteket. Han gav ut en rekke publikasjoner av lokalhistorisk art, bl.a. \u00abVads\u00f8 bys historie\u00bb.<\/p>\n<div id=\"attachment_2368\" style=\"width: 195px\" class=\"wp-caption alignright\"><a href=\"https:\/\/finnmarksarkivene.no\/wp-content\/uploads\/2014\/04\/karakterseddel.jpg\"><img aria-describedby=\"caption-attachment-2368\" loading=\"lazy\" class=\"size-medium wp-image-2368\" alt=\"I hans etterlatte arkiv finner man en intakt karakterseddel som tilh\u00f8rer den 9 \u00e5r gamle Beronka. Karakterene er aldeles ikke verst \u2013 for den fremtidige spr\u00e5kmannen og forskeren - men bedre kan de bli i f\u00f8lge l\u00e6reren som sender en klar beskjed til foreldrene, skrevet i margen: \u201dHvis Johan skal fortsette p\u00e5 skolen m\u00e5 han f\u00e5 seg briller. P. L\u00f8vberg\u201d.\" src=\"https:\/\/finnmarksarkivene.no\/wp-content\/uploads\/2014\/04\/karakterseddel-185x300.jpg\" width=\"185\" height=\"300\" srcset=\"https:\/\/finnmarksarkivene.no\/wp-content\/uploads\/2014\/04\/karakterseddel-185x300.jpg 185w, https:\/\/finnmarksarkivene.no\/wp-content\/uploads\/2014\/04\/karakterseddel.jpg 594w\" sizes=\"(max-width: 185px) 100vw, 185px\" \/><\/a><p id=\"caption-attachment-2368\" class=\"wp-caption-text\">I hans etterlatte arkiv finner man en intakt karakterseddel som tilh\u00f8rer den 9 \u00e5r gamle Beronka.<\/p><\/div>\n<p><strong>Prost mot fornorskingspolitikk<\/strong><\/p>\n<p>Beronka var sogneprest f\u00f8rst i Porsanger, s\u00e5 Vads\u00f8 og fra 1924 prost i Varanger.\u00a0I denne perioden stilte han seg kritisk til norske myndigheters fornorskingspolitikk overfor samer og kvener. Dette bidrog til at det ble s\u00e5dd tvil om hans nasjonale lojalitet, noe han selv f\u00f8lte urettferdig. I 1931 flyttet han til Hurum der han var blitt utnevnt til sogneprest, en stilling han hadde til 1945.<\/p>\n<p>Prost Beronkas testamentariske gave best\u00e5r av en stor mengde faglitteratur, notathefter og opptegnelser b\u00e5de p\u00e5 samisk og kvensk, samt personlige brev og andre dokumenter. Samlingen er n\u00e5 ordnet, katalogisert og tilgjengeliggjort for bruk.<\/p>\n<ul>\n<li><a href=\"https:\/\/finnmarksarkivene.no\/?p=2153\">Her finner du informasjon om dette arkivet<\/a><\/li>\n<\/ul>\n<p>&nbsp;<\/p>\n<p>Kilde:<\/p>\n<p>Niemi, Einar. (2009, 13. februar). Johan Beronka. I Norsk biografisk leksikon. Hentet 10. april 2014 fra https:\/\/nbl.snl.no\/Johan_Beronka.<\/p>\n<\/div>\n<\/div>\n","protected":false},"excerpt":{"rendered":"\u00abHvis Johan skal fortsette p\u00e5 skolen m\u00e5 han f\u00e5 seg anskaffet briller. P. L\u00f8vberg\u00bb.","protected":false},"author":1,"featured_media":2374,"comment_status":"closed","ping_status":"closed","sticky":false,"template":"","format":"standard","meta":[],"categories":[11],"tags":[401,310,113,348,63],"_links":{"self":[{"href":"https:\/\/finnmarksarkivene.no\/index.php?rest_route=\/wp\/v2\/posts\/2366"}],"collection":[{"href":"https:\/\/finnmarksarkivene.no\/index.php?rest_route=\/wp\/v2\/posts"}],"about":[{"href":"https:\/\/finnmarksarkivene.no\/index.php?rest_route=\/wp\/v2\/types\/post"}],"author":[{"embeddable":true,"href":"https:\/\/finnmarksarkivene.no\/index.php?rest_route=\/wp\/v2\/users\/1"}],"replies":[{"embeddable":true,"href":"https:\/\/finnmarksarkivene.no\/index.php?rest_route=%2Fwp%2Fv2%2Fcomments&post=2366"}],"version-history":[{"count":41,"href":"https:\/\/finnmarksarkivene.no\/index.php?rest_route=\/wp\/v2\/posts\/2366\/revisions"}],"predecessor-version":[{"id":4175,"href":"https:\/\/finnmarksarkivene.no\/index.php?rest_route=\/wp\/v2\/posts\/2366\/revisions\/4175"}],"wp:featuredmedia":[{"embeddable":true,"href":"https:\/\/finnmarksarkivene.no\/index.php?rest_route=\/wp\/v2\/media\/2374"}],"wp:attachment":[{"href":"https:\/\/finnmarksarkivene.no\/index.php?rest_route=%2Fwp%2Fv2%2Fmedia&parent=2366"}],"wp:term":[{"taxonomy":"category","embeddable":true,"href":"https:\/\/finnmarksarkivene.no\/index.php?rest_route=%2Fwp%2Fv2%2Fcategories&post=2366"},{"taxonomy":"post_tag","embeddable":true,"href":"https:\/\/finnmarksarkivene.no\/index.php?rest_route=%2Fwp%2Fv2%2Ftags&post=2366"}],"curies":[{"name":"wp","href":"https:\/\/api.w.org\/{rel}","templated":true}]}}