{"id":2403,"date":"2014-04-13T11:26:45","date_gmt":"2014-04-13T11:26:45","guid":{"rendered":"http:\/\/finnmarksarkivene.no\/?p=2403"},"modified":"2015-02-19T08:53:52","modified_gmt":"2015-02-19T08:53:52","slug":"fagseminar-om-immateriell-kultur-i-kirkenes-20-21-5","status":"publish","type":"post","link":"https:\/\/finnmarksarkivene.no\/?p=2403","title":{"rendered":"Fagseminar om immateriell kultur i Kirkenes 20.-21.5.14"},"content":{"rendered":"<p>Det arkivfaglige nettverket, Finnmarksarkivene \u2013 Finnm\u00e1rkkuarkiivvat &#8211; Finmarkun arkiivit v\/ Finnmark fylkesbibliotek og Varanger Museum, avd. S\u00f8r-Varanger inviterer til samling i Kirkenes.\u00a0Seminaret holdes i Rica Arctic Kirkenes.<\/p>\n<p><!--more--><\/p>\n<p>Seminaravgiften vil v\u00e6re 1500 kr. (dekker lunsj \/ kaffe \/ frukt \/ kake p\u00e5 begge m\u00f8tedagene og treretters middag).<br \/>\nDet er mulighet til \u00e5 f\u00e5 en omvisning ved Grenselandsmuseet 21. mai etter seminaret. Forh\u00e5ndsp\u00e5melding.<\/p>\n<p><b>P\u00e5meldingsfrist er 4.5.<\/b> P\u00e5meldingen sendes til Helena Maliniemi:<\/p>\n<p><a href=\"mailto:helena.maliniemi@ffk.no\">helena.maliniemi@ffk.no<\/a><\/p>\n<p><a href=\"https:\/\/finnmarksarkivene.no\/wp-content\/uploads\/2014\/04\/Program1.pdf\" target=\"_blank\">Program<\/a><\/p>\n<div id=\"attachment_1996\" style=\"width: 910px\" class=\"wp-caption aligncenter\"><a href=\"https:\/\/finnmarksarkivene.no\/wp-content\/uploads\/2014\/03\/Rune-Rautio-21.jpg\" target=\"_blank\"><img aria-describedby=\"caption-attachment-1996\" loading=\"lazy\" class=\"size-large wp-image-1996 \" alt=\"Bildet er fra i fjor\u00e5rets samling  i Troms\u00f8 hvor blant annet Rune Rautio holdt foredrag om sitt krigshistoriske arkiv. Foto: Hannele Fors\" src=\"https:\/\/finnmarksarkivene.no\/wp-content\/uploads\/2014\/03\/Rune-Rautio-21-1024x666.jpg\" width=\"900\" height=\"585\" srcset=\"https:\/\/finnmarksarkivene.no\/wp-content\/uploads\/2014\/03\/Rune-Rautio-21-1024x666.jpg 1024w, https:\/\/finnmarksarkivene.no\/wp-content\/uploads\/2014\/03\/Rune-Rautio-21-300x195.jpg 300w, https:\/\/finnmarksarkivene.no\/wp-content\/uploads\/2014\/03\/Rune-Rautio-21.jpg 2000w\" sizes=\"(max-width: 900px) 100vw, 900px\" \/><\/a><p id=\"caption-attachment-1996\" class=\"wp-caption-text\">Bildet er fra fagseminar 2013 i Troms\u00f8 hvor blant annet Rune Rautio holdt foredrag om sitt krigshistoriske arkiv. Foto: Hannele Fors<\/p><\/div>\n<p>&nbsp;<\/p>\n","protected":false},"excerpt":{"rendered":"Det arkivfaglige nettverket, Finnmarksarkivene \u2013 Finnm\u00e1rkkuarkiivvat &#8211; Finmarkun arkiivit v\/ Finnmark fylkesbibliotek og Varanger Museum, avd. S\u00f8r-Varanger inviterer til samling i Kirkenes.\u00a0Seminaret holdes i Rica Arctic Kirkenes.","protected":false},"author":1,"featured_media":1996,"comment_status":"closed","ping_status":"closed","sticky":false,"template":"","format":"standard","meta":[],"categories":[11],"tags":[],"_links":{"self":[{"href":"https:\/\/finnmarksarkivene.no\/index.php?rest_route=\/wp\/v2\/posts\/2403"}],"collection":[{"href":"https:\/\/finnmarksarkivene.no\/index.php?rest_route=\/wp\/v2\/posts"}],"about":[{"href":"https:\/\/finnmarksarkivene.no\/index.php?rest_route=\/wp\/v2\/types\/post"}],"author":[{"embeddable":true,"href":"https:\/\/finnmarksarkivene.no\/index.php?rest_route=\/wp\/v2\/users\/1"}],"replies":[{"embeddable":true,"href":"https:\/\/finnmarksarkivene.no\/index.php?rest_route=%2Fwp%2Fv2%2Fcomments&post=2403"}],"version-history":[{"count":14,"href":"https:\/\/finnmarksarkivene.no\/index.php?rest_route=\/wp\/v2\/posts\/2403\/revisions"}],"predecessor-version":[{"id":3274,"href":"https:\/\/finnmarksarkivene.no\/index.php?rest_route=\/wp\/v2\/posts\/2403\/revisions\/3274"}],"wp:featuredmedia":[{"embeddable":true,"href":"https:\/\/finnmarksarkivene.no\/index.php?rest_route=\/wp\/v2\/media\/1996"}],"wp:attachment":[{"href":"https:\/\/finnmarksarkivene.no\/index.php?rest_route=%2Fwp%2Fv2%2Fmedia&parent=2403"}],"wp:term":[{"taxonomy":"category","embeddable":true,"href":"https:\/\/finnmarksarkivene.no\/index.php?rest_route=%2Fwp%2Fv2%2Fcategories&post=2403"},{"taxonomy":"post_tag","embeddable":true,"href":"https:\/\/finnmarksarkivene.no\/index.php?rest_route=%2Fwp%2Fv2%2Ftags&post=2403"}],"curies":[{"name":"wp","href":"https:\/\/api.w.org\/{rel}","templated":true}]}}