{"id":2565,"date":"2014-04-23T11:19:21","date_gmt":"2014-04-23T11:19:21","guid":{"rendered":"http:\/\/finnmarksarkivene.no\/?p=2565"},"modified":"2018-02-02T14:10:54","modified_gmt":"2018-02-02T14:10:54","slug":"plaanat","status":"publish","type":"post","link":"https:\/\/finnmarksarkivene.no\/?p=2565","title":{"rendered":"Hallitteeva s\u00e4ilytt\u00e4m\u00e4plaana"},"content":{"rendered":"<p>Privaattiarkiivin hallitteevan s\u00e4ilytt\u00e4m\u00e4plaanan hyv\u00e4ksythiin vuona 2010. <!--more-->Plaana oon t\u00e4rkkee ty\u00f6kalu silloin ko kovothaan, s\u00e4ilyteth\u00e4\u00e4n ja tuo\u0111haan esile privaattiarkiivimateriaalii.<\/p>\n<p><a href=\"https:\/\/finnmarksarkivene.no\/wp-content\/uploads\/2014\/04\/Regional-bevaringsplan-for-privatarkiv-norsk.pdf\" target=\"_blank\" rel=\"noopener noreferrer\">Regional bevaringsplan for privatarkiv (norsk)<\/a><\/p>\n","protected":false},"excerpt":{"rendered":"Privaattiarkiivin hallitteevan s\u00e4ilytt\u00e4m\u00e4plaanan hyv\u00e4ksythiin vuona 2010.","protected":false},"author":1,"featured_media":0,"comment_status":"closed","ping_status":"closed","sticky":false,"template":"","format":"standard","meta":[],"categories":[9],"tags":[],"_links":{"self":[{"href":"https:\/\/finnmarksarkivene.no\/index.php?rest_route=\/wp\/v2\/posts\/2565"}],"collection":[{"href":"https:\/\/finnmarksarkivene.no\/index.php?rest_route=\/wp\/v2\/posts"}],"about":[{"href":"https:\/\/finnmarksarkivene.no\/index.php?rest_route=\/wp\/v2\/types\/post"}],"author":[{"embeddable":true,"href":"https:\/\/finnmarksarkivene.no\/index.php?rest_route=\/wp\/v2\/users\/1"}],"replies":[{"embeddable":true,"href":"https:\/\/finnmarksarkivene.no\/index.php?rest_route=%2Fwp%2Fv2%2Fcomments&post=2565"}],"version-history":[{"count":5,"href":"https:\/\/finnmarksarkivene.no\/index.php?rest_route=\/wp\/v2\/posts\/2565\/revisions"}],"predecessor-version":[{"id":5847,"href":"https:\/\/finnmarksarkivene.no\/index.php?rest_route=\/wp\/v2\/posts\/2565\/revisions\/5847"}],"wp:attachment":[{"href":"https:\/\/finnmarksarkivene.no\/index.php?rest_route=%2Fwp%2Fv2%2Fmedia&parent=2565"}],"wp:term":[{"taxonomy":"category","embeddable":true,"href":"https:\/\/finnmarksarkivene.no\/index.php?rest_route=%2Fwp%2Fv2%2Fcategories&post=2565"},{"taxonomy":"post_tag","embeddable":true,"href":"https:\/\/finnmarksarkivene.no\/index.php?rest_route=%2Fwp%2Fv2%2Ftags&post=2565"}],"curies":[{"name":"wp","href":"https:\/\/api.w.org\/{rel}","templated":true}]}}