{"id":2657,"date":"2014-04-30T09:45:36","date_gmt":"2014-04-30T09:45:36","guid":{"rendered":"http:\/\/finnmarksarkivene.no\/?p=2657"},"modified":"2019-11-04T06:53:51","modified_gmt":"2019-11-04T06:53:51","slug":"slekten-til-hilmar-bardsen","status":"publish","type":"post","link":"https:\/\/finnmarksarkivene.no\/?p=2657","title":{"rendered":"Slekten til Hilmar B\u00e5rdsen"},"content":{"rendered":"<p>Hilmar B\u00e5rdsen (f. 1891) var l\u00e6rer, kommunepolitiker og lokalhistoriker i Ekker\u00f8y, Vads\u00f8.<br \/>\nB\u00e5rdsen tok eksamen ved Troms\u00f8 l\u00e6rerskole v\u00e5ren 1912. Samme \u00e5r ble han tilsatt i Nord-Varanger. Fra 1919 hadde han fast stilling p\u00e5 Ekker\u00f8y. Som skoleinspekt\u00f8r fungerte han fra 1948 og til han fratr\u00e5dte f\u00f8r sammenslutningen mellom Vads\u00f8 og Nord-Varanger 1964.<\/p>\n<p><!--more--><\/p>\n<table border=\"1\" cellspacing=\"0\" cellpadding=\"0\">\n<tbody>\n<tr>\n<td valign=\"top\" width=\"196\">Arkivnavn<\/td>\n<td valign=\"top\" width=\"416\">Slekten til Hilmar B\u00e5rdsen<\/td>\n<\/tr>\n<tr>\n<td valign=\"top\" width=\"196\">Arkivskaper<\/td>\n<td valign=\"top\" width=\"416\">Slekten til Hilmar B\u00e5rdsen<\/td>\n<\/tr>\n<tr>\n<td valign=\"top\" width=\"196\">Arkivref (id)<\/td>\n<td valign=\"top\" width=\"416\">FMFB\/PA-1103<\/td>\n<\/tr>\n<tr>\n<td valign=\"top\" width=\"196\">Reg.base<\/td>\n<td valign=\"top\" width=\"416\">Asta<\/td>\n<\/tr>\n<tr>\n<td valign=\"top\" width=\"196\">Publ. base (evt. link til katalogen)<\/td>\n<td valign=\"top\" width=\"416\">Arkivportalen<\/td>\n<\/tr>\n<tr>\n<td valign=\"top\" width=\"196\">Type materiale, ev. ogs\u00e5 innholdstype<\/td>\n<td valign=\"top\" width=\"416\">Notater i forbindelse med slektsforskning<\/td>\n<\/tr>\n<tr>\n<td valign=\"top\" width=\"196\">Tidsperiode<\/td>\n<td valign=\"top\" width=\"416\"><\/td>\n<\/tr>\n<tr>\n<td valign=\"top\" width=\"196\">Type virksomhet<\/td>\n<td valign=\"top\" width=\"416\">Personarkiver<\/td>\n<\/tr>\n<tr>\n<td valign=\"top\" width=\"196\">Sted \/ omr\u00e5de<\/td>\n<td valign=\"top\" width=\"416\">Vads\u00f8<\/td>\n<\/tr>\n<tr>\n<td valign=\"top\" width=\"196\">Spr\u00e5k<\/td>\n<td valign=\"top\" width=\"416\">Norsk<\/td>\n<\/tr>\n<tr>\n<td valign=\"top\" width=\"196\">Ordningsgrad<\/td>\n<td valign=\"top\" width=\"416\">Ordnet og katalogisert<\/td>\n<\/tr>\n<tr>\n<td valign=\"top\" width=\"196\">Omfang<\/td>\n<td valign=\"top\" width=\"416\">0,01 hm<\/td>\n<\/tr>\n<tr>\n<td valign=\"top\" width=\"196\">Arkivliste<\/td>\n<td valign=\"top\" width=\"416\"><a href=\"https:\/\/finnmarksarkivene.no\/wp-content\/uploads\/2014\/04\/A-0103-Slekten-til-Hilmar-B\u00e5rdsen-1.pdf\" target=\"_blank\" rel=\"noopener\">A-0103 Slekten til Hilmar B\u00e5rdsen<\/a><\/td>\n<\/tr>\n<tr>\n<td valign=\"top\" width=\"196\">Digitalisering (evt. link til dig. filer)<\/td>\n<td valign=\"top\" width=\"416\">&#8211;<\/td>\n<\/tr>\n<tr>\n<td valign=\"top\" width=\"196\">Oppbevarings- \/deponeringssted<\/td>\n<td valign=\"top\" width=\"416\">Finnmark fylkesbibliotek<\/td>\n<\/tr>\n<tr>\n<td valign=\"top\" width=\"196\">Kontaktopplysninger<\/td>\n<td valign=\"top\" width=\"416\"><a href=\"http:\/\/www.finnmarkfylkesbibliotek.no\/tjenester\/privatarkiv\/\" target=\"_blank\" rel=\"noopener\">http:\/\/www.fm.fylkesbibl.no\/web\/<\/a><\/td>\n<\/tr>\n<tr>\n<td valign=\"top\" width=\"196\">Spesielle bemerkninger(fysisk tilstand, klausul osv.)<\/td>\n<td valign=\"top\" width=\"416\">&#8211;<\/td>\n<\/tr>\n<\/tbody>\n<\/table>\n","protected":false},"excerpt":{"rendered":"Hilmar B\u00e5rdsen (f. 1891) var l\u00e6rer, kommunepolitiker og lokalhistoriker i Ekker\u00f8y, Vads\u00f8. B\u00e5rdsen tok eksamen ved Troms\u00f8 l\u00e6rerskole v\u00e5ren 1912. Samme \u00e5r ble han tilsatt i Nord-Varanger. Fra 1919 hadde han fast stilling p\u00e5 Ekker\u00f8y. Som skoleinspekt\u00f8r fungerte han fra 1948 og til han fratr\u00e5dte f\u00f8r sammenslutningen mellom Vads\u00f8 og Nord-Varanger 1964.","protected":false},"author":1,"featured_media":0,"comment_status":"closed","ping_status":"closed","sticky":false,"template":"","format":"standard","meta":[],"categories":[140],"tags":[299,63],"_links":{"self":[{"href":"https:\/\/finnmarksarkivene.no\/index.php?rest_route=\/wp\/v2\/posts\/2657"}],"collection":[{"href":"https:\/\/finnmarksarkivene.no\/index.php?rest_route=\/wp\/v2\/posts"}],"about":[{"href":"https:\/\/finnmarksarkivene.no\/index.php?rest_route=\/wp\/v2\/types\/post"}],"author":[{"embeddable":true,"href":"https:\/\/finnmarksarkivene.no\/index.php?rest_route=\/wp\/v2\/users\/1"}],"replies":[{"embeddable":true,"href":"https:\/\/finnmarksarkivene.no\/index.php?rest_route=%2Fwp%2Fv2%2Fcomments&post=2657"}],"version-history":[{"count":7,"href":"https:\/\/finnmarksarkivene.no\/index.php?rest_route=\/wp\/v2\/posts\/2657\/revisions"}],"predecessor-version":[{"id":7692,"href":"https:\/\/finnmarksarkivene.no\/index.php?rest_route=\/wp\/v2\/posts\/2657\/revisions\/7692"}],"wp:attachment":[{"href":"https:\/\/finnmarksarkivene.no\/index.php?rest_route=%2Fwp%2Fv2%2Fmedia&parent=2657"}],"wp:term":[{"taxonomy":"category","embeddable":true,"href":"https:\/\/finnmarksarkivene.no\/index.php?rest_route=%2Fwp%2Fv2%2Fcategories&post=2657"},{"taxonomy":"post_tag","embeddable":true,"href":"https:\/\/finnmarksarkivene.no\/index.php?rest_route=%2Fwp%2Fv2%2Ftags&post=2657"}],"curies":[{"name":"wp","href":"https:\/\/api.w.org\/{rel}","templated":true}]}}