{"id":2779,"date":"2014-05-25T10:24:17","date_gmt":"2014-05-25T10:24:17","guid":{"rendered":"http:\/\/finnmarksarkivene.no\/?p=2779"},"modified":"2014-06-06T10:17:10","modified_gmt":"2014-06-06T10:17:10","slug":"spennende-og-interessant-fagseminar-om-immateriell-kultur","status":"publish","type":"post","link":"https:\/\/finnmarksarkivene.no\/?p=2779","title":{"rendered":"Spennende og interessant fagseminar om immateriell kultur"},"content":{"rendered":"<p>Finnmarksarkivenes \u00e5rlige samling og fagseminar ble holdt i Kirkenes 20.5.-21.5. Seminaret var fylt med gode foredrag og hyggelig samv\u00e6r. Seminaret samlet 30 deltakere fra museer, arkivinstitusjoner, bibliotek og andre kulturverninstitusjoner i fylket.<\/p>\n<p><!--more--><\/p>\n<div id=\"attachment_2784\" style=\"width: 910px\" class=\"wp-caption aligncenter\"><a href=\"https:\/\/finnmarksarkivene.no\/wp-content\/uploads\/2014\/05\/Kirkenes-4-of-5.jpg\" target=\"_blank\"><img aria-describedby=\"caption-attachment-2784\" loading=\"lazy\" class=\"size-large wp-image-2784\" alt=\"Arkivkonferanse i Kirkenes 20.-21.5.2014\" src=\"https:\/\/finnmarksarkivene.no\/wp-content\/uploads\/2014\/05\/Kirkenes-4-of-5-1024x536.jpg\" width=\"900\" height=\"471\" srcset=\"https:\/\/finnmarksarkivene.no\/wp-content\/uploads\/2014\/05\/Kirkenes-4-of-5-1024x536.jpg 1024w, https:\/\/finnmarksarkivene.no\/wp-content\/uploads\/2014\/05\/Kirkenes-4-of-5-300x157.jpg 300w, https:\/\/finnmarksarkivene.no\/wp-content\/uploads\/2014\/05\/Kirkenes-4-of-5.jpg 1082w\" sizes=\"(max-width: 900px) 100vw, 900px\" \/><\/a><p id=\"caption-attachment-2784\" class=\"wp-caption-text\">Fagseminarets deltakere. Foto: Hannele Fors<\/p><\/div>\n<p>Seniorr\u00e5dgiver<i> Haakon Vinje<\/i> fra kulturr\u00e5det \u00e5pnet seminaret med sitt foredrag om Kulturr\u00e5dets arbeid med immateriell kultur. Les mer om Kulturr\u00e5det her <a href=\"http:\/\/kulturradet.no\/immateriell-kulturarv\" target=\"_blank\">http:\/\/kulturradet.no\/immateriell-kulturarv<\/a> .<br \/>\nI tillegg fortalte han om Norges dokument arv (UNESCOs Memory of the World-program ) og p\u00e5minnet deltakere om fristen for \u00e5rets nominasjonsrunde 20. juni.<br \/>\nHer kan du lese mer om Norges kulturarv\u00a0 <a href=\"http:\/\/kulturradet.no\/norges-dokumentarv\" target=\"_blank\">http:\/\/kulturradet.no\/norges-dokumentarv<\/a> og nominasjonsrunde\u00a0<a href=\"https:\/\/finnmarksarkivene.no\/wp-content\/uploads\/2014\/05\/Norges-dokumentasjonsarv-2014.pdf\" target=\"_blank\">Norges dokumentasjonsarv 2014<\/a><\/p>\n<div id=\"attachment_2863\" style=\"width: 160px\" class=\"wp-caption alignleft\"><a href=\"https:\/\/finnmarksarkivene.no\/wp-content\/uploads\/2014\/05\/Steinar-Vikan-1-of-1.jpg\"><img aria-describedby=\"caption-attachment-2863\" loading=\"lazy\" class=\"size-thumbnail wp-image-2863\" alt=\"Steinar Wikan, pensjonert forsker, formidler og forfatter. Foto: Hannele Fors\" src=\"https:\/\/finnmarksarkivene.no\/wp-content\/uploads\/2014\/05\/Steinar-Vikan-1-of-1-150x150.jpg\" width=\"150\" height=\"150\" \/><\/a><p id=\"caption-attachment-2863\" class=\"wp-caption-text\">Steinar Wikan, pensjonert forsker, formidler og forfatter. Foto: Hannele Fors<\/p><\/div>\n<p><i>Steinar Wikan<\/i> fra Kultur og natur Svanvik er pensjonert men fremdeles en sv\u00e6rt aktiv forsker, forfatter og formidler i grenseomr\u00e5det Norge, Finland og Russland. Han fortalte om sin omfattende samling av tradisjonsmateriale som han har samlet inn.<\/p>\n<p><i>Irene Andressen,<\/i> seniorr\u00e5dgiver i kvensk stedsnavntjeneste ved Spr\u00e5kr\u00e5det og forsker i kvensk spr\u00e5k. Hun fortalte om kvenske stedsnavn som en viktig del av den immaterielle kulturarven i Nord-Norge. Her finner du linken til den omfattende databasen om kvenske stedsnavn <a href=\"http:\/\/www.kvenskestedsnavn.no\/\" target=\"_blank\">http:\/\/www.kvenskestedsnavn.no\/<\/a><\/p>\n<div id=\"attachment_2785\" style=\"width: 727px\" class=\"wp-caption aligncenter\"><a href=\"https:\/\/finnmarksarkivene.no\/wp-content\/uploads\/2014\/05\/Kirkenes-5-of-5.jpg\" target=\"_blank\"><img aria-describedby=\"caption-attachment-2785\" loading=\"lazy\" class=\"size-full wp-image-2785\" alt=\"Seniorr\u00e5dgiver Irene Andreassen snakket om kvenske stednavn. Seniorr\u00e5dgiver Haakon Vinje fortalte blant annet om Norsk dokumentarv. Foto: Hannele Fors\" src=\"https:\/\/finnmarksarkivene.no\/wp-content\/uploads\/2014\/05\/Kirkenes-5-of-5.jpg\" width=\"717\" height=\"567\" srcset=\"https:\/\/finnmarksarkivene.no\/wp-content\/uploads\/2014\/05\/Kirkenes-5-of-5.jpg 717w, https:\/\/finnmarksarkivene.no\/wp-content\/uploads\/2014\/05\/Kirkenes-5-of-5-300x237.jpg 300w\" sizes=\"(max-width: 717px) 100vw, 717px\" \/><\/a><p id=\"caption-attachment-2785\" class=\"wp-caption-text\">Seniorr\u00e5dgiver Irene Andreassen snakket om kvenske stednavn. Seniorr\u00e5dgiver Haakon Vinje fortalte blant annet om Norsk dokumentarv. Foto: Hannele Fors<\/p><\/div>\n<p><i>Esben S\u00f8yland Bakjord og Cyrille Nolin<\/i> er jurister ved Nasjonalbiblioteket. Deres innlegg handlet om avtaler ved mottak av lydmateriale. De gav en introduksjon til opphavsrett og gikk dypere inn i temaer om bruk av opphavsrettslig beskyttede verk, regler i ABM-sektoren og avtaler og publisering av lyd- og filmmateriale p\u00e5 Internett.<\/p>\n<div id=\"attachment_2782\" style=\"width: 763px\" class=\"wp-caption aligncenter\"><a href=\"https:\/\/finnmarksarkivene.no\/wp-content\/uploads\/2014\/05\/Kirkenes-2-of-5.jpg\" target=\"_blank\"><img aria-describedby=\"caption-attachment-2782\" loading=\"lazy\" class=\"size-full wp-image-2782 \" alt=\"Juristene ved Nasjonalbiblioteket Cyrille Nolin og Esben Bakjord. Foto: Hannele Fors\" src=\"https:\/\/finnmarksarkivene.no\/wp-content\/uploads\/2014\/05\/Kirkenes-2-of-5.jpg\" width=\"753\" height=\"567\" srcset=\"https:\/\/finnmarksarkivene.no\/wp-content\/uploads\/2014\/05\/Kirkenes-2-of-5.jpg 753w, https:\/\/finnmarksarkivene.no\/wp-content\/uploads\/2014\/05\/Kirkenes-2-of-5-300x225.jpg 300w\" sizes=\"(max-width: 753px) 100vw, 753px\" \/><\/a><p id=\"caption-attachment-2782\" class=\"wp-caption-text\">Juristene ved Nasjonalbiblioteket, Cyrille Nolin og Esben Bakjord. Foto: Hannele Fors<\/p><\/div>\n<div id=\"attachment_2861\" style=\"width: 160px\" class=\"wp-caption alignleft\"><a href=\"https:\/\/finnmarksarkivene.no\/wp-content\/uploads\/2014\/05\/Kirkens-1-of-3.jpg\" target=\"_blank\"><img aria-describedby=\"caption-attachment-2861\" loading=\"lazy\" class=\"size-thumbnail wp-image-2861\" alt=\"Jonny Edvardsen, avdelingsdirekt\u00f8r ved Nasjonalbibliotekets avdeling Mo i Rana. Foto: Hannele Fors\" src=\"https:\/\/finnmarksarkivene.no\/wp-content\/uploads\/2014\/05\/Kirkens-1-of-3-150x150.jpg\" width=\"150\" height=\"150\" \/><\/a><p id=\"caption-attachment-2861\" class=\"wp-caption-text\">Jonny Edvardsen, avdelingsdirekt\u00f8r ved Nasjonalbibliotekets avdeling Mo i Rana. Foto: Hannele Fors<\/p><\/div>\n<p>Etterp\u00e5 delte Marion S\u00f8rensen, daglig leder ved Interkommunalt arkiv i Finnmark sine erfaringer i arkiv og \u00e5ndsverksloven.<\/p>\n<p>Avdelingsleder <i>Jonny Edvardsen<\/i> ved Nasjonalbibliotekets avdeling i Mo i Rana begynte seminardag 2 med foredrag om Metadata for gjenfinning og bevaring.<\/p>\n<p><i>Alexander Lindb\u00e4ck<\/i>, katalogansvarlig ved Norsk Folkemuseum, ogs\u00e5 kjent som lydtekniker og musiker, viste i sitt foredrag eksempler p\u00e5 hvordan lyd og film bevares ved Norsk Folkemuseum.<\/p>\n<p><span style=\"line-height: 1.5em;\">Arkivar<\/span><i style=\"line-height: 1.5em;\"> Grete Gunn Bergstr\u00f8m<\/i><span style=\"line-height: 1.5em;\"> fra Samisk arkiv fortalte om vern av urfolks immateriell kulturarv blant annet om viktige vokalarkiver fra hele S\u00e1pmi. Du kan lese mer om dette her:<\/span> <a style=\"line-height: 1.5em;\" href=\"http:\/\/kulturradet.no\/museum-arkiv-kulturvern\/vis-artikkel\/-\/asset_publisher\/02cG\/content\/aktuelt-onsker-bedre-oversikt-over-samisk-kultur\" target=\"_blank\">http:\/\/kulturradet.no\/museum-arkiv-kulturvern\/vis-artikkel\/-\/asset_publisher\/02cG\/content\/aktuelt-onsker-bedre-oversikt-over-samisk-kultur<\/a><\/p>\n<div id=\"attachment_2783\" style=\"width: 833px\" class=\"wp-caption aligncenter\"><a href=\"https:\/\/finnmarksarkivene.no\/wp-content\/uploads\/2014\/05\/Kirkenes-3-of-5.jpg\" target=\"_blank\"><img aria-describedby=\"caption-attachment-2783\" loading=\"lazy\" class=\"size-full wp-image-2783\" alt=\"Katalogansvarlig Alexander Lindb\u00e4ck fra Norsk Folkemuseum. Foto: Hannele Fors\" src=\"https:\/\/finnmarksarkivene.no\/wp-content\/uploads\/2014\/05\/Kirkenes-3-of-5.jpg\" width=\"823\" height=\"546\" srcset=\"https:\/\/finnmarksarkivene.no\/wp-content\/uploads\/2014\/05\/Kirkenes-3-of-5.jpg 823w, https:\/\/finnmarksarkivene.no\/wp-content\/uploads\/2014\/05\/Kirkenes-3-of-5-300x199.jpg 300w\" sizes=\"(max-width: 823px) 100vw, 823px\" \/><\/a><p id=\"caption-attachment-2783\" class=\"wp-caption-text\">Katalogansvarlig Alexander Lindb\u00e4ck fra Norsk Folkemuseum. Foto: Hannele Fors<\/p><\/div>\n<p><span style=\"line-height: 1.5em;\">Konservator <\/span><i style=\"line-height: 1.5em;\">Ingvild B. Pettersen<\/i><span style=\"line-height: 1.5em;\"> fra Varanger Samisk Museum holdt seminarets siste innlegg. Hennes foredrag handlet om digitaliseringsprosjekt av lydfiler i Nuorttanaste \/ Jon Ole\u00a0 Nilsen \u2013 arkivet.<\/span><\/p>\n<p>Rett etter seminaret ble det holdt \u00e5rsm\u00f8te for Finnmarksarkivene.<\/p>\n<div id=\"attachment_2864\" style=\"width: 310px\" class=\"wp-caption alignright\"><a href=\"https:\/\/finnmarksarkivene.no\/wp-content\/uploads\/2014\/05\/Kirkens-3-of-3.jpg\" target=\"_blank\"><img aria-describedby=\"caption-attachment-2864\" loading=\"lazy\" class=\"size-medium wp-image-2864 \" alt=\"Arkivar Grete G. Bergstr\u00f8m fortale om vern av urfolks immateriell kultur. Foto: Hannele Fors\" src=\"https:\/\/finnmarksarkivene.no\/wp-content\/uploads\/2014\/05\/Kirkens-3-of-3-300x198.jpg\" width=\"300\" height=\"198\" srcset=\"https:\/\/finnmarksarkivene.no\/wp-content\/uploads\/2014\/05\/Kirkens-3-of-3-300x198.jpg 300w, https:\/\/finnmarksarkivene.no\/wp-content\/uploads\/2014\/05\/Kirkens-3-of-3-1024x678.jpg 1024w, https:\/\/finnmarksarkivene.no\/wp-content\/uploads\/2014\/05\/Kirkens-3-of-3.jpg 1070w\" sizes=\"(max-width: 300px) 100vw, 300px\" \/><\/a><p id=\"caption-attachment-2864\" class=\"wp-caption-text\">Arkivar Grete G. Bergstr\u00f8m fortalte om vern av urfolks immateriell kultur. Foto: Hannele Fors<\/p><\/div>\n<p>Utflukten gikk til Grenselandsmuseet og Saviomuseet hvor deltakerne fikk en omvisning.<\/p>\n<p><strong style=\"line-height: 1.5em;\">Her finner du presentasjoner fra fagseminaret:<\/strong><\/p>\n<p>Haakon Vinje: <a href=\"https:\/\/finnmarksarkivene.no\/wp-content\/uploads\/2014\/05\/Haakon-Vinje_immateriell_kultur.pdf\" target=\"_blank\">Kulturr\u00e5dets arbeid med immateriell kultur pdf<\/a><\/p>\n<p>Irene Andreassen: <a href=\"https:\/\/finnmarksarkivene.no\/wp-content\/uploads\/2014\/05\/Irene-Andreassen-Kvenske-stedsnavn-som-en-viktig-del-av-immateriell.pdf\" target=\"_blank\">Kvenske stedsnavn som en viktig del av immateriell pdf<\/a><\/p>\n<p>Jonny Edvardsen: <a href=\"https:\/\/finnmarksarkivene.no\/wp-content\/uploads\/2014\/05\/Jonny-Edvardsen-Metadata-Kirkenes-v2.pdf\" target=\"_blank\">Metadata for gjenfinning og bevaring pdf<\/a><\/p>\n<p>Alexander Lindb\u00e4ck: <a href=\"https:\/\/finnmarksarkivene.no\/wp-content\/uploads\/2014\/05\/Alexander-Lindb%C3%A4ck-Lyd-og-film.pdf\" target=\"_blank\">Katalogisering av lyd og film ved Norsk Folkemuseum. pdf<\/a><\/p>\n<p>Grete Gunn Bergstr\u00f8m: <a href=\"https:\/\/finnmarksarkivene.no\/wp-content\/uploads\/2014\/05\/GreteGunnBergstrom-urfolks-immaterielle-kulturarv.pdf\" target=\"_blank\">Urfolks immaterielle kulturarv ved S\u00e1mi Arkiiva pdf<\/a><\/p>\n<p>Ingvild B. Pettersen: <a href=\"https:\/\/finnmarksarkivene.no\/wp-content\/uploads\/2014\/05\/Digitalisering-av-lydfiler-fra-J.O.Nilsen-Nuorttanaste-arkivet.pdf\" target=\"_blank\">Digitalisering av lydfiler fra J.O.Nilsen Nuorttanaste-arkivet pdf<\/a><\/p>\n<div id=\"attachment_2867\" style=\"width: 910px\" class=\"wp-caption aligncenter\"><a href=\"https:\/\/finnmarksarkivene.no\/wp-content\/uploads\/2014\/05\/Kirkens-2-of-3.jpg\"><img aria-describedby=\"caption-attachment-2867\" loading=\"lazy\" class=\"size-large wp-image-2867 \" alt=\"Forn\u00f8yde deltakere: Marion S\u00f8rensen, M\u00e5rten Gustafsson og Isabel Cunen Rynnimg. Foto: Hannele Fors\" src=\"https:\/\/finnmarksarkivene.no\/wp-content\/uploads\/2014\/05\/Kirkens-2-of-3-1024x670.jpg\" width=\"900\" height=\"588\" srcset=\"https:\/\/finnmarksarkivene.no\/wp-content\/uploads\/2014\/05\/Kirkens-2-of-3-1024x670.jpg 1024w, https:\/\/finnmarksarkivene.no\/wp-content\/uploads\/2014\/05\/Kirkens-2-of-3-300x196.jpg 300w\" sizes=\"(max-width: 900px) 100vw, 900px\" \/><\/a><p id=\"caption-attachment-2867\" class=\"wp-caption-text\">Forn\u00f8yde deltakere: Marion S\u00f8rensen, M\u00e5rten Gustafsson og Isabel Cunen Rynning. Foto: Hannele Fors<\/p><\/div>\n<p>&nbsp;<\/p>\n","protected":false},"excerpt":{"rendered":"Finnmarksarkivenes \u00e5rlige samling og fagseminar ble holdt i Kirkenes 20.5.-21.5. Seminaret var fylt med gode foredrag og hyggelig samv\u00e6r. Seminaret samlet 30 deltakere fra museer, arkivinstitusjoner, bibliotek og andre kulturverninstitusjoner i fylket.","protected":false},"author":1,"featured_media":2784,"comment_status":"closed","ping_status":"closed","sticky":false,"template":"","format":"standard","meta":[],"categories":[11],"tags":[],"_links":{"self":[{"href":"https:\/\/finnmarksarkivene.no\/index.php?rest_route=\/wp\/v2\/posts\/2779"}],"collection":[{"href":"https:\/\/finnmarksarkivene.no\/index.php?rest_route=\/wp\/v2\/posts"}],"about":[{"href":"https:\/\/finnmarksarkivene.no\/index.php?rest_route=\/wp\/v2\/types\/post"}],"author":[{"embeddable":true,"href":"https:\/\/finnmarksarkivene.no\/index.php?rest_route=\/wp\/v2\/users\/1"}],"replies":[{"embeddable":true,"href":"https:\/\/finnmarksarkivene.no\/index.php?rest_route=%2Fwp%2Fv2%2Fcomments&post=2779"}],"version-history":[{"count":49,"href":"https:\/\/finnmarksarkivene.no\/index.php?rest_route=\/wp\/v2\/posts\/2779\/revisions"}],"predecessor-version":[{"id":2902,"href":"https:\/\/finnmarksarkivene.no\/index.php?rest_route=\/wp\/v2\/posts\/2779\/revisions\/2902"}],"wp:featuredmedia":[{"embeddable":true,"href":"https:\/\/finnmarksarkivene.no\/index.php?rest_route=\/wp\/v2\/media\/2784"}],"wp:attachment":[{"href":"https:\/\/finnmarksarkivene.no\/index.php?rest_route=%2Fwp%2Fv2%2Fmedia&parent=2779"}],"wp:term":[{"taxonomy":"category","embeddable":true,"href":"https:\/\/finnmarksarkivene.no\/index.php?rest_route=%2Fwp%2Fv2%2Fcategories&post=2779"},{"taxonomy":"post_tag","embeddable":true,"href":"https:\/\/finnmarksarkivene.no\/index.php?rest_route=%2Fwp%2Fv2%2Ftags&post=2779"}],"curies":[{"name":"wp","href":"https:\/\/api.w.org\/{rel}","templated":true}]}}