{"id":3057,"date":"2014-10-13T13:23:35","date_gmt":"2014-10-13T13:23:35","guid":{"rendered":"http:\/\/finnmarksarkivene.no\/?p=3057"},"modified":"2014-10-14T06:11:43","modified_gmt":"2014-10-14T06:11:43","slug":"yhtheiset-prosektit","status":"publish","type":"post","link":"https:\/\/finnmarksarkivene.no\/?p=3057","title":{"rendered":"Yhtheiset pro\u0161ektit"},"content":{"rendered":"<p>Verkosto oon my\u00f6t\u00e4 semmoisissa yhtheispro\u0161ektiissa joissa maakunnan ja maakunttaa koskeevat arkiivit e\u0111isteth\u00e4\u00e4n ja luo\u0111haan arvoi Finmarkussa. Verkosto prioriteeraa pro\u0161ektiita joissa jaethaan tiettoo niist\u00e4 arkiivil\u00e4htheist\u00e4, mikk\u00e4 nostethaan esile maakunnan monikulttuurisuutta ja yhtheiskunnalissii ominaisuuksii. Privaattiarkiiviitten yhtheinen arkiivikataloogi \u201dFinmarkun arkku\u201d oon tehty yhtheisty\u00f6ss\u00e4 Finmarkunarkiiviitten kans.<!--more--><\/p>\n<p>Luje en\u00e4men yhtheisty\u00f6pro\u0161ektiista: <a href=\"https:\/\/finnmarksarkivene.no\/wp-content\/uploads\/2014\/03\/Forslag-til-handlingsplan-for-Finnmarksarkivene-2014-2020.pdf\" target=\"_blank\">Luje t\u00e4st\u00e4<\/a><\/p>\n","protected":false},"excerpt":{"rendered":"Verkosto oon my\u00f6t\u00e4 semmoisissa yhtheispro\u0161ektiissa joissa maakunnan ja maakunttaa koskeevat arkiivit e\u0111isteth\u00e4\u00e4n ja luo\u0111haan arvoi Finmarkussa. Verkosto prioriteeraa pro\u0161ektiita joissa jaethaan tiettoo niist\u00e4 arkiivil\u00e4htheist\u00e4, mikk\u00e4 nostethaan esile maakunnan monikulttuurisuutta ja yhtheiskunnalissii ominaisuuksii. Privaattiarkiiviitten yhtheinen arkiivikataloogi \u201dFinmarkun arkku\u201d oon tehty yhtheisty\u00f6ss\u00e4 Finmarkunarkiiviitten kans.","protected":false},"author":2,"featured_media":258,"comment_status":"closed","ping_status":"closed","sticky":false,"template":"","format":"standard","meta":[],"categories":[185],"tags":[],"_links":{"self":[{"href":"https:\/\/finnmarksarkivene.no\/index.php?rest_route=\/wp\/v2\/posts\/3057"}],"collection":[{"href":"https:\/\/finnmarksarkivene.no\/index.php?rest_route=\/wp\/v2\/posts"}],"about":[{"href":"https:\/\/finnmarksarkivene.no\/index.php?rest_route=\/wp\/v2\/types\/post"}],"author":[{"embeddable":true,"href":"https:\/\/finnmarksarkivene.no\/index.php?rest_route=\/wp\/v2\/users\/2"}],"replies":[{"embeddable":true,"href":"https:\/\/finnmarksarkivene.no\/index.php?rest_route=%2Fwp%2Fv2%2Fcomments&post=3057"}],"version-history":[{"count":3,"href":"https:\/\/finnmarksarkivene.no\/index.php?rest_route=\/wp\/v2\/posts\/3057\/revisions"}],"predecessor-version":[{"id":3078,"href":"https:\/\/finnmarksarkivene.no\/index.php?rest_route=\/wp\/v2\/posts\/3057\/revisions\/3078"}],"wp:featuredmedia":[{"embeddable":true,"href":"https:\/\/finnmarksarkivene.no\/index.php?rest_route=\/wp\/v2\/media\/258"}],"wp:attachment":[{"href":"https:\/\/finnmarksarkivene.no\/index.php?rest_route=%2Fwp%2Fv2%2Fmedia&parent=3057"}],"wp:term":[{"taxonomy":"category","embeddable":true,"href":"https:\/\/finnmarksarkivene.no\/index.php?rest_route=%2Fwp%2Fv2%2Fcategories&post=3057"},{"taxonomy":"post_tag","embeddable":true,"href":"https:\/\/finnmarksarkivene.no\/index.php?rest_route=%2Fwp%2Fv2%2Ftags&post=3057"}],"curies":[{"name":"wp","href":"https:\/\/api.w.org\/{rel}","templated":true}]}}