{"id":3061,"date":"2014-10-13T13:27:47","date_gmt":"2014-10-13T13:27:47","guid":{"rendered":"http:\/\/finnmarksarkivene.no\/?p=3061"},"modified":"2014-10-14T06:10:19","modified_gmt":"2014-10-14T06:10:19","slug":"arkiivipaiva","status":"publish","type":"post","link":"https:\/\/finnmarksarkivene.no\/?p=3061","title":{"rendered":"Arkiivip\u00e4iv\u00e4"},"content":{"rendered":"<p>Arkiivip\u00e4iv\u00e4 oon yhtheisty\u00f6 miss\u00e4 oon my\u00f6t\u00e4 Pohjaismaitten arkiivit ja arkiivilaitokset. Arkiivip\u00e4iv\u00e4n avula haluthaan her\u00e4tt\u00e4\u00e4t intressin siihen mik\u00e4 koskee arkiivii yhtheiskunnan muistona \u2013 sek\u00e4 menneisyy\u0111ess\u00e4 ja tulleevaisuu\u0111essa. Arkiivimateriaali anttaa tiettoo yhtheiskunnan kehittymisest\u00e4, ekonomisesta ja poliittisesta histooriasta, sosiaalihistooriasta ja ihmisten histooriasta.<!--more--><\/p>\n<p>Luje en\u00e4men t\u00e4st\u00e4: <a href=\"http:\/\/kulturradet.no\/arkivdagen\/om-arkivdagen\" target=\"_blank\">http:\/\/kulturradet.no\/arkivdagen\/om-arkivdagen<\/a><\/p>\n","protected":false},"excerpt":{"rendered":"Arkiivip\u00e4iv\u00e4 oon yhtheisty\u00f6 miss\u00e4 oon my\u00f6t\u00e4 Pohjaismaitten arkiivit ja arkiivilaitokset. Arkiivip\u00e4iv\u00e4n avula haluthaan her\u00e4tt\u00e4\u00e4t intressin siihen mik\u00e4 koskee arkiivii yhtheiskunnan muistona \u2013 sek\u00e4 menneisyy\u0111ess\u00e4 ja tulleevaisuu\u0111essa. Arkiivimateriaali anttaa tiettoo yhtheiskunnan kehittymisest\u00e4, ekonomisesta ja poliittisesta histooriasta, sosiaalihistooriasta ja ihmisten histooriasta.","protected":false},"author":2,"featured_media":2957,"comment_status":"closed","ping_status":"closed","sticky":false,"template":"","format":"standard","meta":[],"categories":[185],"tags":[],"_links":{"self":[{"href":"https:\/\/finnmarksarkivene.no\/index.php?rest_route=\/wp\/v2\/posts\/3061"}],"collection":[{"href":"https:\/\/finnmarksarkivene.no\/index.php?rest_route=\/wp\/v2\/posts"}],"about":[{"href":"https:\/\/finnmarksarkivene.no\/index.php?rest_route=\/wp\/v2\/types\/post"}],"author":[{"embeddable":true,"href":"https:\/\/finnmarksarkivene.no\/index.php?rest_route=\/wp\/v2\/users\/2"}],"replies":[{"embeddable":true,"href":"https:\/\/finnmarksarkivene.no\/index.php?rest_route=%2Fwp%2Fv2%2Fcomments&post=3061"}],"version-history":[{"count":2,"href":"https:\/\/finnmarksarkivene.no\/index.php?rest_route=\/wp\/v2\/posts\/3061\/revisions"}],"predecessor-version":[{"id":3077,"href":"https:\/\/finnmarksarkivene.no\/index.php?rest_route=\/wp\/v2\/posts\/3061\/revisions\/3077"}],"wp:featuredmedia":[{"embeddable":true,"href":"https:\/\/finnmarksarkivene.no\/index.php?rest_route=\/wp\/v2\/media\/2957"}],"wp:attachment":[{"href":"https:\/\/finnmarksarkivene.no\/index.php?rest_route=%2Fwp%2Fv2%2Fmedia&parent=3061"}],"wp:term":[{"taxonomy":"category","embeddable":true,"href":"https:\/\/finnmarksarkivene.no\/index.php?rest_route=%2Fwp%2Fv2%2Fcategories&post=3061"},{"taxonomy":"post_tag","embeddable":true,"href":"https:\/\/finnmarksarkivene.no\/index.php?rest_route=%2Fwp%2Fv2%2Ftags&post=3061"}],"curies":[{"name":"wp","href":"https:\/\/api.w.org\/{rel}","templated":true}]}}