{"id":3287,"date":"2015-02-20T12:28:23","date_gmt":"2015-02-20T12:28:23","guid":{"rendered":"http:\/\/finnmarksarkivene.no\/?p=3287"},"modified":"2015-02-21T10:37:05","modified_gmt":"2015-02-21T10:37:05","slug":"margrete-kreutzen-jieleden-bijre-margrete-kreutz-historja-margrete-kreutz-historie","status":"publish","type":"post","link":"https:\/\/finnmarksarkivene.no\/?p=3287","title":{"rendered":"Margrete Kreutzen jieleden b\u00efjre \/ Margrete Kreutz historj\u00e1 \/ Margrete Kreutz\u2019 historie"},"content":{"rendered":"<p>S\u00e1mi Arkiiva bovde \u010d\u00e1j\u00e1hussii, logaldallamiidda ja semin\u00e1rii! \u00a0Dutki\u00a0 Cathrine Baglo ja Romssa Musea leat r\u00e1hkadan \u010d\u00e1j\u00e1husa.<\/p>\n<p>S\u00e1mi Arkiiva inviterer til utstilling, forelesning og seminar! \u00a0Forsker Cathrine Baglo og Troms\u00f8 Museum har laget utstillinga.<\/p>\n<p><a href=\"https:\/\/finnmarksarkivene.no\/wp-content\/uploads\/2015\/02\/Margrete-Kreutz-historie-historja.jpg\"><img loading=\"lazy\" class=\"size-medium wp-image-3291 alignright\" alt=\"Margrete-Kreutz-historie-historja. \" src=\"https:\/\/finnmarksarkivene.no\/wp-content\/uploads\/2015\/02\/Margrete-Kreutz-historie-historja-215x300.jpg\" width=\"215\" height=\"300\" srcset=\"https:\/\/finnmarksarkivene.no\/wp-content\/uploads\/2015\/02\/Margrete-Kreutz-historie-historja-215x300.jpg 215w, https:\/\/finnmarksarkivene.no\/wp-content\/uploads\/2015\/02\/Margrete-Kreutz-historie-historja.jpg 322w\" sizes=\"(max-width: 215px) 100vw, 215px\" \/><\/a><\/p>\n<p><!--more--><\/p>\n<p><strong>Margrete Kreutzen jieleden b\u00efjre \/ Margrete Kreutz historj\u00e1<\/strong><\/p>\n<p>\u010c\u00e1j\u00e1hus: 04.03-30.04.15, Diehtosiiddas, 2.g.<\/p>\n<p>\u010c\u00e1j\u00e1husa rahpan: 04.03.15, dii. 14:00.\u00a0 Baglo muitala ie\u017eas dutkanbarggus: S\u00c1PMELA\u010c\u010cAT \u201cEALLI \u010c\u00c1J\u00c1HUSSAN\u201d EUROHP\u00c1S (JA AMERIHK\u00c1S) JA OASSEV\u00c1LDIT GUOVDAGEAINNUS.<\/p>\n<p>Semin\u00e1ra 05.03.15: dii. 12:00.<i> <\/i>Cathrine Baglo: S\u00c1PMELA\u010c\u010cAT VILLA B\u00c1LGAID NALDE? Navdimat ja ovdag\u00e1ttut \u201cealli \u010d\u00e1j\u00e1husaid\u201d ipmirdeamis historjj\u00e1la\u0161 d\u00e1hp\u00e1hussan.<\/p>\n<p>Bures boahtin!<\/p>\n<p><a href=\"https:\/\/finnmarksarkivene.no\/wp-content\/uploads\/2015\/02\/Plakahta-bovdehus-jnv.19.2.15.pdf\" target=\"_blank\">Plakahta &#8211; bovdehus jnv.19.2.15<\/a><\/p>\n<p><a style=\"line-height: 1.5em;\" href=\"http:\/\/www.arkivverket.no\/arkivverket\/Arkivverket\/Samisk-arkiv\/Aktuelt-Aigeguovdil\/Aigeguovdil\" target=\"_blank\">http:\/\/www.arkivverket.no\/arkivverket\/Arkivverket\/Samisk-arkiv\/Aktuelt-Aigeguovdil\/Aigeguovdil<\/a><\/p>\n<p><strong style=\"line-height: 1.5em;\">Margrete Kreutz\u2019 historie<\/strong><span style=\"line-height: 1.5em;\">\u00a0<\/span><\/p>\n<p><span style=\"line-height: 1.5em;\">Utstilling: Diehtosiida 4.3 \u2013 30.4.2015. 2. etg.<\/span><\/p>\n<p>Utstillings\u00e5pning, Sullodat: 04.03.15, kl. 14:00.\u00a0 Cathrine Baglo forteller fra forskningsarbeidet:<b><i> <\/i><\/b>\u00abLEVENDE UTSTILLINGER\u00bb AV SAMER I EUROPA (OG AMERIKA) OG DELTAKELSEN FRA KAUTOKEINO.<\/p>\n<p>Seminar, Sullodat: 05.03.15, kl. 12:00. Cathrine Baglo: SAMER P\u00c5 VILLE VEGER? Forutinntatthet og fordommer i forst\u00e5elsen av \u00ablevende utstillinger\u00bb som historisk fenomen.<\/p>\n<p><span style=\"line-height: 1.5em;\">Velkommen!<\/span><\/p>\n<p><a href=\"https:\/\/finnmarksarkivene.no\/wp-content\/uploads\/2015\/02\/Plakat-innbydelse-m.m-19.2.15.pdf\" target=\"_blank\">Plakat -innbydelse m.m 19.2.15<\/a><\/p>\n<p><a style=\"line-height: 1.5em;\" href=\"http:\/\/www.arkivverket.no\/arkivverket\/Arkivverket\/Samisk-arkiv\/Aktuelt-Aigeguovdil\" target=\"_blank\">http:\/\/www.arkivverket.no\/arkivverket\/Arkivverket\/Samisk-arkiv\/Aktuelt-Aigeguovdil<\/a><\/p>\n<p>&nbsp;<\/p>\n<div id=\"attachment_3302\" style=\"width: 246px\" class=\"wp-caption aligncenter\"><a href=\"https:\/\/finnmarksarkivene.no\/wp-content\/uploads\/2015\/02\/Margrete-Kreutz.jpg\"><img aria-describedby=\"caption-attachment-3302\" loading=\"lazy\" class=\"size-full wp-image-3302\" alt=\"Margrete Kreutz\" src=\"https:\/\/finnmarksarkivene.no\/wp-content\/uploads\/2015\/02\/Margrete-Kreutz.jpg\" width=\"236\" height=\"389\" srcset=\"https:\/\/finnmarksarkivene.no\/wp-content\/uploads\/2015\/02\/Margrete-Kreutz.jpg 236w, https:\/\/finnmarksarkivene.no\/wp-content\/uploads\/2015\/02\/Margrete-Kreutz-182x300.jpg 182w\" sizes=\"(max-width: 236px) 100vw, 236px\" \/><\/a><p id=\"caption-attachment-3302\" class=\"wp-caption-text\">Margrete Kreutz<\/p><\/div>\n<p>&nbsp;<\/p>\n","protected":false},"excerpt":{"rendered":"S\u00e1mi Arkiiva bovde \u010d\u00e1j\u00e1hussii, logaldallamiidda ja semin\u00e1rii! \u00a0Dutki\u00a0 Cathrine Baglo ja Romssa Musea leat r\u00e1hkadan \u010d\u00e1j\u00e1husa. S\u00e1mi Arkiiva inviterer til utstilling, forelesning og seminar! \u00a0Forsker Cathrine Baglo og Troms\u00f8 Museum har laget utstillinga.","protected":false},"author":2,"featured_media":3291,"comment_status":"closed","ping_status":"closed","sticky":false,"template":"","format":"standard","meta":[],"categories":[11,4,3],"tags":[],"_links":{"self":[{"href":"https:\/\/finnmarksarkivene.no\/index.php?rest_route=\/wp\/v2\/posts\/3287"}],"collection":[{"href":"https:\/\/finnmarksarkivene.no\/index.php?rest_route=\/wp\/v2\/posts"}],"about":[{"href":"https:\/\/finnmarksarkivene.no\/index.php?rest_route=\/wp\/v2\/types\/post"}],"author":[{"embeddable":true,"href":"https:\/\/finnmarksarkivene.no\/index.php?rest_route=\/wp\/v2\/users\/2"}],"replies":[{"embeddable":true,"href":"https:\/\/finnmarksarkivene.no\/index.php?rest_route=%2Fwp%2Fv2%2Fcomments&post=3287"}],"version-history":[{"count":12,"href":"https:\/\/finnmarksarkivene.no\/index.php?rest_route=\/wp\/v2\/posts\/3287\/revisions"}],"predecessor-version":[{"id":3307,"href":"https:\/\/finnmarksarkivene.no\/index.php?rest_route=\/wp\/v2\/posts\/3287\/revisions\/3307"}],"wp:featuredmedia":[{"embeddable":true,"href":"https:\/\/finnmarksarkivene.no\/index.php?rest_route=\/wp\/v2\/media\/3291"}],"wp:attachment":[{"href":"https:\/\/finnmarksarkivene.no\/index.php?rest_route=%2Fwp%2Fv2%2Fmedia&parent=3287"}],"wp:term":[{"taxonomy":"category","embeddable":true,"href":"https:\/\/finnmarksarkivene.no\/index.php?rest_route=%2Fwp%2Fv2%2Fcategories&post=3287"},{"taxonomy":"post_tag","embeddable":true,"href":"https:\/\/finnmarksarkivene.no\/index.php?rest_route=%2Fwp%2Fv2%2Ftags&post=3287"}],"curies":[{"name":"wp","href":"https:\/\/api.w.org\/{rel}","templated":true}]}}