{"id":3442,"date":"2015-04-10T11:15:51","date_gmt":"2015-04-10T11:15:51","guid":{"rendered":"http:\/\/finnmarksarkivene.no\/?p=3442"},"modified":"2015-05-12T06:23:36","modified_gmt":"2015-05-12T06:23:36","slug":"arnt-oyen","status":"publish","type":"post","link":"https:\/\/finnmarksarkivene.no\/?p=3442","title":{"rendered":"Arnt \u00d8yen"},"content":{"rendered":"<p>Arnt \u00d8yen var en av rundt 900\u00a0000 nordmenn som emigrerte til Amerika i perioden 1825-1925. Arnt dro til Amerika i 1913 mens han var bare 16 \u00e5r gammel. Han fylte 17 \u00e5r p\u00e5 turen. Arnt \u00d8yen 26 \u00e5r senere, i 1939, mens krigen herjet i Europa, reiste han rundt i hjemtraktene i Finnmark og filmet ferden med smalfilmkamera. Finnmark fylkesbibliotek fikk avlevert arkivmateriale etter Arnt \u00d8yen av Arnts barnebarn Nancy Gleason som var i Finnmark for \u00e5 bes\u00f8ke sine norske slektninger i juni 2012.<\/p>\n<p><!--more--><\/p>\n<table width=\"646\" border=\"1\" cellspacing=\"0\" cellpadding=\"0\">\n<tbody>\n<tr>\n<td valign=\"top\" width=\"196\">Arkivnavn<\/td>\n<td valign=\"top\" width=\"416\">Arnt \u00d8yen<\/td>\n<\/tr>\n<tr>\n<td valign=\"top\" width=\"196\">Arkivskaper<\/td>\n<td valign=\"top\" width=\"416\">Arnt \u00d8yen<\/td>\n<\/tr>\n<tr>\n<td valign=\"top\" width=\"196\">Arkivref (id)<\/td>\n<td valign=\"top\" width=\"416\">FMFB\/ PA-1100<\/td>\n<\/tr>\n<tr>\n<td valign=\"top\" width=\"196\">Reg.base<\/td>\n<td valign=\"top\" width=\"416\">ASTA<\/td>\n<\/tr>\n<tr>\n<td valign=\"top\" width=\"196\">Publ. base (evt. link til katalogen)<\/td>\n<td valign=\"top\" width=\"416\">Arkivportalen<\/td>\n<\/tr>\n<tr>\n<td valign=\"top\" width=\"196\">Type materiale, ev. ogs\u00e5 innholdstype<\/td>\n<td valign=\"top\" width=\"416\">Reisedagbok, \u201cScrapbook\u201d, postkort og kopi av smalfilmen \u201cAmerikabesek i 1939\u201d. Referansemateriell: Tone Persens foredrag i Arkivdagen 2013 \u201cArnt \u00d8yen, Finnmark-Seattle\u201d, samt korrespondanse mellom Tone Persen og Finnmark fylkesbibliotek<\/td>\n<\/tr>\n<tr>\n<td valign=\"top\" width=\"196\">Tidsperiode<\/td>\n<td valign=\"top\" width=\"416\">1917-1939<\/td>\n<\/tr>\n<tr>\n<td valign=\"top\" width=\"196\">Type virksomhet<\/td>\n<td valign=\"top\" width=\"416\">Personarkiv<\/td>\n<\/tr>\n<tr>\n<td valign=\"top\" width=\"196\">Sted \/ omr\u00e5de<\/td>\n<td valign=\"top\" width=\"416\">\u00d8st-Finnmark \/ Amerika<\/td>\n<\/tr>\n<tr>\n<td valign=\"top\" width=\"196\">Spr\u00e5k<\/td>\n<td valign=\"top\" width=\"416\">Engelsk, norsk<\/td>\n<\/tr>\n<tr>\n<td valign=\"top\" width=\"196\">Ordningsgrad<\/td>\n<td valign=\"top\" width=\"416\">Ferdig ordnet og katalogisert<\/td>\n<\/tr>\n<tr>\n<td valign=\"top\" width=\"196\">Omfang<\/td>\n<td valign=\"top\" width=\"416\">0,1 hm<\/td>\n<\/tr>\n<tr>\n<td valign=\"top\" width=\"196\">Arkivliste<\/td>\n<td valign=\"top\" width=\"416\"><a href=\"https:\/\/finnmarksarkivene.no\/wp-content\/uploads\/2015\/04\/A-0100-Arnt-%C3%98yen1.pdf\" target=\"_blank\">A-0100 Arnt \u00d8yen<\/a><\/td>\n<\/tr>\n<tr>\n<td valign=\"top\" width=\"196\">Digitalisering (evt. link til dig. filer)<\/td>\n<td valign=\"top\" width=\"416\">Scrapbook og kopi av filmen er digitalisert:<\/td>\n<\/tr>\n<tr>\n<td valign=\"top\" width=\"196\">Oppbevarings- \/deponeringssted<\/td>\n<td valign=\"top\" width=\"416\">Finnmark fylkesbibliotek<\/td>\n<\/tr>\n<tr>\n<td valign=\"top\" width=\"196\">Kontaktopplysninger<\/td>\n<td valign=\"top\" width=\"416\"><a href=\"http:\/\/www.finnmarkfylkesbibliotek.no\/tjenester\/privatarkiv\/\" target=\"_blank\">http:\/\/www.fm.fylkesbibl.no\/web\/<\/a><\/td>\n<\/tr>\n<tr>\n<td valign=\"top\" width=\"196\">Spesielle bemerkninger(fysisk tilstand, klausul osv.)<\/td>\n<td valign=\"top\" width=\"416\">&#8211;<\/td>\n<\/tr>\n<\/tbody>\n<\/table>\n","protected":false},"excerpt":{"rendered":"Arnt \u00d8yen var en av rundt 900\u00a0000 nordmenn som emigrerte til Amerika i perioden 1825-1925. Arnt dro til Amerika i 1913 mens han var bare 16 \u00e5r gammel. Han fylte 17 \u00e5r p\u00e5 turen. Arnt \u00d8yen 26 \u00e5r senere, i 1939, mens krigen herjet i Europa, reiste han rundt i hjemtraktene i Finnmark og filmet [&hellip;]","protected":false},"author":2,"featured_media":3443,"comment_status":"closed","ping_status":"closed","sticky":false,"template":"","format":"standard","meta":[],"categories":[138],"tags":[328,271,329,201],"_links":{"self":[{"href":"https:\/\/finnmarksarkivene.no\/index.php?rest_route=\/wp\/v2\/posts\/3442"}],"collection":[{"href":"https:\/\/finnmarksarkivene.no\/index.php?rest_route=\/wp\/v2\/posts"}],"about":[{"href":"https:\/\/finnmarksarkivene.no\/index.php?rest_route=\/wp\/v2\/types\/post"}],"author":[{"embeddable":true,"href":"https:\/\/finnmarksarkivene.no\/index.php?rest_route=\/wp\/v2\/users\/2"}],"replies":[{"embeddable":true,"href":"https:\/\/finnmarksarkivene.no\/index.php?rest_route=%2Fwp%2Fv2%2Fcomments&post=3442"}],"version-history":[{"count":5,"href":"https:\/\/finnmarksarkivene.no\/index.php?rest_route=\/wp\/v2\/posts\/3442\/revisions"}],"predecessor-version":[{"id":3816,"href":"https:\/\/finnmarksarkivene.no\/index.php?rest_route=\/wp\/v2\/posts\/3442\/revisions\/3816"}],"wp:featuredmedia":[{"embeddable":true,"href":"https:\/\/finnmarksarkivene.no\/index.php?rest_route=\/wp\/v2\/media\/3443"}],"wp:attachment":[{"href":"https:\/\/finnmarksarkivene.no\/index.php?rest_route=%2Fwp%2Fv2%2Fmedia&parent=3442"}],"wp:term":[{"taxonomy":"category","embeddable":true,"href":"https:\/\/finnmarksarkivene.no\/index.php?rest_route=%2Fwp%2Fv2%2Fcategories&post=3442"},{"taxonomy":"post_tag","embeddable":true,"href":"https:\/\/finnmarksarkivene.no\/index.php?rest_route=%2Fwp%2Fv2%2Ftags&post=3442"}],"curies":[{"name":"wp","href":"https:\/\/api.w.org\/{rel}","templated":true}]}}