{"id":3934,"date":"2015-06-10T07:30:53","date_gmt":"2015-06-10T07:30:53","guid":{"rendered":"http:\/\/finnmarksarkivene.no\/?p=3934"},"modified":"2022-02-01T13:52:16","modified_gmt":"2022-02-01T13:52:16","slug":"3934","status":"publish","type":"post","link":"https:\/\/finnmarksarkivene.no\/?p=3934","title":{"rendered":"Glemte grupper i Finnmark! -seminaret i Lakselv"},"content":{"rendered":"<p>Finnmarksarkivene arrangerte fagseminaret \u00abVi er ogs\u00e5 her! Synliggj\u00f8ring av glemte grupper\u00bb i Lakselv. Seminaret var en del av et st\u00f8rre dokumentasjons- og formidlingsprosjekt som Finnmarksarkivene har satt i gang. Det var invitert foredragsholdere fra ulike fagmilj\u00f8er b\u00e5de fra Finnmark og fra andre landsdeler, men fokus var p\u00e5 Finnmark og de glemte grupper i Finnmark f\u00f8r og n\u00e5. Glemte grupper kan forst\u00e5s som de grupper som ikke har f\u00e5tt sin historie fortalt og synliggjort i det offentlige rom eller som har etterlatt seg lite eller ingen dokumentasjon i privatarkivene. <!--more--><\/p>\n<p>I l\u00f8pet av de to seminardagene fikk vi faglig input, presentert arbeidsmetoder og tiln\u00e6rminger og ikke minst fikk vi inspirasjon gjennom spennende foredrag. Det ble ogs\u00e5 tid til faglige diskusjoner underveis. Seminaret samlet 27&nbsp; deltakere fra museer, arkivinstitusjoner, bibliotek og andre kulturverninstitusjoner i fylket. Alt i alt var seminaret en god start til planlegging av det videre arbeidet med prosjektet.<\/p>\n<div id=\"attachment_3925\" style=\"width: 236px\" class=\"wp-caption alignright\"><a href=\"https:\/\/finnmarksarkivene.no\/wp-content\/uploads\/2015\/06\/Ellen-R\u00f8sj\u00f8_farge.jpg\"><img aria-describedby=\"caption-attachment-3925\" loading=\"lazy\" class=\"size-medium wp-image-3925\" src=\"https:\/\/finnmarksarkivene.no\/wp-content\/uploads\/2015\/06\/Ellen-R\u00f8sj\u00f8_farge-226x300.jpg\" alt=\"Seniorr\u00e5dgiver Ellen R\u00f8sj\u00f8 fra Riksarkivet fortalte b\u00e5de om helhetlig samfunnsdokumentasjon og minoritetsarkiver i Oslo.\" width=\"226\" height=\"300\" srcset=\"https:\/\/finnmarksarkivene.no\/wp-content\/uploads\/2015\/06\/Ellen-R\u00f8sj\u00f8_farge-226x300.jpg 226w, https:\/\/finnmarksarkivene.no\/wp-content\/uploads\/2015\/06\/Ellen-R\u00f8sj\u00f8_farge-771x1024.jpg 771w\" sizes=\"(max-width: 226px) 100vw, 226px\" \/><\/a><p id=\"caption-attachment-3925\" class=\"wp-caption-text\">Seniorr\u00e5dgiver Ellen R\u00f8sj\u00f8 fra Riksarkivet fortalte b\u00e5de om helhetlig samfunnsdokumentasjon og minoritetsarkiver i Oslo.<\/p><\/div>\n<p>Noen av foredrag kan leses her:<\/p>\n<p><a href=\"https:\/\/finnmarksarkivene.no\/wp-content\/uploads\/2015\/06\/Ellen-R\u00f8sj\u00f8-Bestands-og-samfunnsanalyse.pdf\" target=\"_blank\" rel=\"noopener\">Helhetlig samfunnsdokumentasjon og underrespresenterte grupper. Bestands- og samfunnsanalyse som ledd i bevaringsplanarbeid.&nbsp; <\/a>Seniorr\u00e5dgiver Ellen R\u00f8sj\u00f8, Riksarkivet<\/p>\n<p><a href=\"https:\/\/finnmarksarkivene.no\/wp-content\/uploads\/2015\/06\/Ellen-R%C3%B8sj%C3%B8-Oslos-multikulturelle-arkiver.pdf\" target=\"_blank\" rel=\"noopener\">Prosjektet Oslos multikulturelle arkiver.<\/a> Seniorr\u00e5dgiver Ellen R\u00f8sj\u00f8, Riksarkivet<\/p>\n<p>Portretter av ei tid. Halfdan Holm, fotograf utenfor allfarvei. Fotoarkivar Sveinulf Hegstad, Troms\u00f8 museum<\/p>\n<p>Erfaringer fra arbeidet med boka &#8220;Bare kirka sto igjen&#8221;. Forfatter Marion Palmer&nbsp;forteller om sitt dokumentasjonsarbeid<\/p>\n<p><a href=\"https:\/\/finnmarksarkivene.no\/wp-content\/uploads\/2015\/06\/Helge-Pharo-og-Hanne-Hagtvedt-Vik-Skape-kilder.pdf\" target=\"_blank\" rel=\"noopener\">Hvordan skape og tilgjegeliggj\u00f8re kilder? &#8211; Erfaringer fra et prosjekt om norsk politisk kultur.&nbsp;<\/a> F\u00f8rste amanuensis Hanne Hagtvedt Vik og professor Helge Pharo, UiO<\/p>\n<p><a href=\"https:\/\/finnmarksarkivene.no\/wp-content\/uploads\/2015\/06\/Sirkka-Seljevold-Det-er-s%C3%A5nne-ting-som-ber%C3%B8rer.pdf\" target=\"_blank\" rel=\"noopener\">Det er s\u00e5nne ting som ber\u00f8rer. Videopotretter fra kvenske, norskfinske, sj\u00f8samiske og nyinnvandrermilj\u00f8er.<\/a> Visuell antropolog Sirkka Seljevold, UiT<\/p>\n<p>\u00abHerre over egen b\u00e5t \u2013 om underkommunisert hverdagsliv i krig og tidlig gjenreisning.\u00bb&nbsp; Konservator Heidi Stenvold, Gjenreisningsmuseet<\/p>\n<p><a href=\"https:\/\/finnmarksarkivene.no\/wp-content\/uploads\/2015\/06\/Bente-Sundsvold-.-Digital-og-muntlig-historiefortelling.pdf\" target=\"_blank\" rel=\"noopener\">Digital og muntlig historiefortelling.<\/a> Universitetslektor Bente Sundsvold, UiT<\/p>\n<p><a href=\"https:\/\/finnmarksarkivene.no\/wp-content\/uploads\/2015\/06\/S%C3%81GASFALLAMAT-%C3%81IGGIID-%C4%8CA%C4%90AT-DIALOG-I-TID-Gry-Kristine-Fors.pdf\" target=\"_blank\" rel=\"noopener\">S\u00c1GASFALLAMAT \u00c1IGGIID \u010cA\u0110AT &#8211; DIALOG I TID . <\/a>Gry Kristine Fors, RDM-De Samiske Samlinger<\/p>\n<p>&nbsp;<\/p>\n","protected":false},"excerpt":{"rendered":"Finnmarksarkivene arrangerte fagseminaret \u00abVi er ogs\u00e5 her! Synliggj\u00f8ring av glemte grupper\u00bb i Lakselv. Seminaret var en del av et st\u00f8rre dokumentasjons- og formidlingsprosjekt som Finnmarksarkivene har satt i gang. Det var invitert foredragsholdere fra ulike fagmilj\u00f8er b\u00e5de fra Finnmark og fra andre landsdeler, men fokus var p\u00e5 Finnmark og de glemte grupper i Finnmark f\u00f8r [&hellip;]","protected":false},"author":2,"featured_media":4360,"comment_status":"closed","ping_status":"closed","sticky":false,"template":"","format":"standard","meta":[],"categories":[11],"tags":[],"_links":{"self":[{"href":"https:\/\/finnmarksarkivene.no\/index.php?rest_route=\/wp\/v2\/posts\/3934"}],"collection":[{"href":"https:\/\/finnmarksarkivene.no\/index.php?rest_route=\/wp\/v2\/posts"}],"about":[{"href":"https:\/\/finnmarksarkivene.no\/index.php?rest_route=\/wp\/v2\/types\/post"}],"author":[{"embeddable":true,"href":"https:\/\/finnmarksarkivene.no\/index.php?rest_route=\/wp\/v2\/users\/2"}],"replies":[{"embeddable":true,"href":"https:\/\/finnmarksarkivene.no\/index.php?rest_route=%2Fwp%2Fv2%2Fcomments&post=3934"}],"version-history":[{"count":15,"href":"https:\/\/finnmarksarkivene.no\/index.php?rest_route=\/wp\/v2\/posts\/3934\/revisions"}],"predecessor-version":[{"id":8731,"href":"https:\/\/finnmarksarkivene.no\/index.php?rest_route=\/wp\/v2\/posts\/3934\/revisions\/8731"}],"wp:featuredmedia":[{"embeddable":true,"href":"https:\/\/finnmarksarkivene.no\/index.php?rest_route=\/wp\/v2\/media\/4360"}],"wp:attachment":[{"href":"https:\/\/finnmarksarkivene.no\/index.php?rest_route=%2Fwp%2Fv2%2Fmedia&parent=3934"}],"wp:term":[{"taxonomy":"category","embeddable":true,"href":"https:\/\/finnmarksarkivene.no\/index.php?rest_route=%2Fwp%2Fv2%2Fcategories&post=3934"},{"taxonomy":"post_tag","embeddable":true,"href":"https:\/\/finnmarksarkivene.no\/index.php?rest_route=%2Fwp%2Fv2%2Ftags&post=3934"}],"curies":[{"name":"wp","href":"https:\/\/api.w.org\/{rel}","templated":true}]}}