{"id":4170,"date":"2015-09-28T07:16:15","date_gmt":"2015-09-28T07:16:15","guid":{"rendered":"http:\/\/finnmarksarkivene.no\/?p=4170"},"modified":"2016-10-06T07:56:03","modified_gmt":"2016-10-06T07:56:03","slug":"arkivdagen-2015-i-finnmark-arkiivabeaivi-2015-finnmarkkus","status":"publish","type":"post","link":"https:\/\/finnmarksarkivene.no\/?p=4170","title":{"rendered":"Arkivdagen 2015  i Finnmarksarkivene &#8211; Arkiivabeaivi 2015 Finnm\u00e1rkkuarkiivvas"},"content":{"rendered":"<p>Som vanlig arrangeres <strong>Arkivdagen<\/strong> i november. I \u00e5r\u00a0er felles nordisk tema: <i>Grensel\u00f8st<\/i>.<\/p>\n<p>Nu go d\u00e1b\u00e1la\u010d\u010dat de l\u00e1giduvvo <strong>Arkiivabeaivi<\/strong> sk\u00e1bmam\u00e1nus. Jagi 2015 \u0161add\u00e1 oktasa\u0161 davviriikala\u0161 tem\u00e1: R\u00e1j\u00e1heapme.<\/p>\n<p><!--more--><strong><\/strong><\/p>\n<p>Institusjonene i Finnmarksarkivene deltar p\u00e5 markeringen med f\u00f8lgende arrangementer i\u00a0 Lakselv, Kautokeino, Vads\u00f8 og Troms\u00f8:<\/p>\n<p><b>Finnmark fylkesbibliotek: <\/b><em><b>Pionerer i grenselandet i nord<\/b><\/em><\/p>\n<p>L\u00f8rdag 7.11. kl. 12:00-14:30<\/p>\n<p>Her kan man f\u00e5 med seg to foredrag. Steinar Wikan vil gi et innblikk i naturhistorisk forskning i grenseland og ornitologen Hans Tho. L. Schaanning p\u00e5 begynnelsen av 1900-tallet. Kjell H\u00e5kestad vil fortelle om presten og spr\u00e5kmannen Johan Beronka fra Ytrebyen i Vads\u00f8.<\/p>\n<p>Det skal ogs\u00e5 vises en utstilling om Beronkas og Schaannings unike arkiv- og bildemateriale.<\/p>\n<p>Gratis inngang! Enkel bevertning!<\/p>\n<p>Mer om arrangementet: <a href=\"https:\/\/www.facebook.com\/Finnmark-fylkesbibliotek-105381959519332\/\" target=\"_blank\">www.finnmarkfylkesbibliotek.no<\/a><\/p>\n<p><a href=\"https:\/\/www.facebook.com\/Finnmark-fylkesbibliotek-105381959519332\/\" target=\"_blank\">https:\/\/www.facebook.com\/Finnmark-fylkesbibliotek-105381959519332\/<\/a><\/p>\n<p><strong>Samisk arkiv \/ S\u00e1mi Arkiiva: <\/strong><\/p>\n<p><strong><b>R\u00e1j\u00e1his juoigan <\/b>\/ \u00a0<b>Grensel\u00f8s joik<\/b><\/strong><\/p>\n<p>Juoigiid Searvi ja S\u00e1mi Arkiiva ovttas S\u00e1mi allaskuvllain bovde olbmuid Arkiivabeaiv\u00e1i 2015. D\u00e1ppe lea vejola\u0161 b\u00e1ddet ie\u017eat m\u00e1ttuid lu\u0111iid studios ja vurket daid ma\u014bisbohttiide.D\u00e1t earenoam\u00e1\u0161 doallu \u010da\u0111ahuvvo <b>Diehtosiiddas, 14.11. 2015, 12:00 \u2013 16:00.<\/b> Doalus \u0161add\u00e1 maid vejola\u0161vuo\u0111a guldalit lu\u0111iid mat leat juo arkiverejuvvon S\u00e1mi Arkiivas. Kantiinas dollag\u00e1ttis mii jearrat manne b\u00e1ddet lu\u0111iid s\u00e1mi arkiivvaide? S\u00e1gastallan ja g\u00e1festallan. Bures boahtin!<\/p>\n<p>Joikernes forening og Samisk arkiv i samarbeid med Samisk h\u00f8gskole inviterer til Arkivdagen 2015. Her blir det anledning til \u00e5 ta opp joik i studio og arkivere den for fremtiden. Dette s\u00e6regne arrangementet finner sted p\u00e5 <b>Diehtosiida den 14.11.2015. kl. 12.00-16.00. <\/b>Her blir det ogs\u00e5 anledning til \u00e5 lytte til joik som allerede er arkivert ved Samisk arkiv. Rundt b\u00e5let blir det blir stilt sp\u00f8rsm\u00e5l om hvorfor ta opp joik til samiske arkiver? Diskusjon. Enkel servering. Velkommen!<\/p>\n<p><a href=\"https:\/\/finnmarksarkivene.no\/wp-content\/uploads\/2015\/09\/R\u00e1j\u00e1his-juoigan-Digit\u00e1la-plakahta-2015.pdf\" target=\"_blank\">R\u00e1j\u00e1his juoigan Digit\u00e1la plakahta 2015<\/a><\/p>\n<p><a href=\"https:\/\/www.facebook.com\/Samisk-arkiv-S%C3%A1mi-Arkiiva-249999021688120\/\" target=\"_blank\">https:\/\/www.facebook.com\/Samisk-arkiv-S%C3%A1mi-Arkiiva-249999021688120\/<\/a><\/p>\n<p><b>IKA Finnmark, Lakselv:<\/b><\/p>\n<p>L\u00f8rdag 14. november kl. 12:00<\/p>\n<p>Arkivdagen er et samarbeid mellom arkiver i hele Norden, og \u00e5rets tema er &#8220;grensel\u00f8st&#8221;.\u00a0 I \u00e5r \u00f8nsker vi ved IKA Finnmark \u00e5 fokusere p\u00e5 det samiske og det kvenske spr\u00e5ket, og vise hvordan disse spr\u00e5kene kommer fram i arkivene.<\/p>\n<p>Foredrag:<br \/>\nHilde Skanke ved Kvensk institutt<br \/>\nSigvald Persen ved Sj\u00f8samisk kompetansesenter<\/p>\n<p>Vi kommer ogs\u00e5 til \u00e5 vise en liten utstilling med et utvalg samiske og kvenske arkivdokumenter.<\/p>\n<p>Fri entr\u00e9 \u2013 enkel servering.<\/p>\n<p><a href=\"https:\/\/www.facebook.com\/events\/908385455917615\/\" target=\"_blank\">https:\/\/www.facebook.com\/events\/908385455917615\/<\/a><\/p>\n<p><strong>Statsarkivet i Troms\u00f8:<br \/>\n<\/strong><\/p>\n<p><strong><em>Det grensel\u00f8se nord<br \/>\n<\/em><\/strong><strong><em>&#8211; okkupasjon &#8211; deportasjon &#8211; samarbeid<\/em><\/strong><\/p>\n<p>L\u00f8rdag 21.11. kl 11-15<\/p>\n<p>Foredragsholdere:<br \/>\n&#8211; Asbj\u00f8rn Jaklin &#8211; journalist og forfatter<br \/>\n&#8211; Kari Myklebost &#8211; historiker Universitetet i Troms\u00f8<br \/>\n&#8211; Stian Bones &#8211; historiker Universitetet i Troms\u00f8<\/p>\n<p>Utstillinger:<br \/>\n&#8211; Arkivet til Troms R\u00f8de Kors &#8211; evakuerte<br \/>\n&#8211; Arkivet Sambandet Norge-Sovjetunion avd. Hammerfest<br \/>\n&#8211; Fotoutstilling finske flyktninger (fra arkivet til S\u00f8r-Varanger politikammer)<\/p>\n<p>Omvisninger i arkivet<br \/>\nEnkel servering<\/p>\n<p>Mer program f\u00f8lger: <a href=\"https:\/\/nb-no.facebook.com\/statsarkivettromso\" target=\"_blank\">https:\/\/www.facebook.com\/statsarkivettromso<\/a><\/p>\n<p>&nbsp;<\/p>\n","protected":false},"excerpt":{"rendered":"Som vanlig arrangeres Arkivdagen i november. I \u00e5r\u00a0er felles nordisk tema: Grensel\u00f8st. Nu go d\u00e1b\u00e1la\u010d\u010dat de l\u00e1giduvvo Arkiivabeaivi sk\u00e1bmam\u00e1nus. Jagi 2015 \u0161add\u00e1 oktasa\u0161 davviriikala\u0161 tem\u00e1: R\u00e1j\u00e1heapme.","protected":false},"author":2,"featured_media":4436,"comment_status":"closed","ping_status":"closed","sticky":false,"template":"","format":"standard","meta":[],"categories":[11],"tags":[],"_links":{"self":[{"href":"https:\/\/finnmarksarkivene.no\/index.php?rest_route=\/wp\/v2\/posts\/4170"}],"collection":[{"href":"https:\/\/finnmarksarkivene.no\/index.php?rest_route=\/wp\/v2\/posts"}],"about":[{"href":"https:\/\/finnmarksarkivene.no\/index.php?rest_route=\/wp\/v2\/types\/post"}],"author":[{"embeddable":true,"href":"https:\/\/finnmarksarkivene.no\/index.php?rest_route=\/wp\/v2\/users\/2"}],"replies":[{"embeddable":true,"href":"https:\/\/finnmarksarkivene.no\/index.php?rest_route=%2Fwp%2Fv2%2Fcomments&post=4170"}],"version-history":[{"count":42,"href":"https:\/\/finnmarksarkivene.no\/index.php?rest_route=\/wp\/v2\/posts\/4170\/revisions"}],"predecessor-version":[{"id":4587,"href":"https:\/\/finnmarksarkivene.no\/index.php?rest_route=\/wp\/v2\/posts\/4170\/revisions\/4587"}],"wp:featuredmedia":[{"embeddable":true,"href":"https:\/\/finnmarksarkivene.no\/index.php?rest_route=\/wp\/v2\/media\/4436"}],"wp:attachment":[{"href":"https:\/\/finnmarksarkivene.no\/index.php?rest_route=%2Fwp%2Fv2%2Fmedia&parent=4170"}],"wp:term":[{"taxonomy":"category","embeddable":true,"href":"https:\/\/finnmarksarkivene.no\/index.php?rest_route=%2Fwp%2Fv2%2Fcategories&post=4170"},{"taxonomy":"post_tag","embeddable":true,"href":"https:\/\/finnmarksarkivene.no\/index.php?rest_route=%2Fwp%2Fv2%2Ftags&post=4170"}],"curies":[{"name":"wp","href":"https:\/\/api.w.org\/{rel}","templated":true}]}}