{"id":4227,"date":"2015-09-30T10:40:28","date_gmt":"2015-09-30T10:40:28","guid":{"rendered":"http:\/\/finnmarksarkivene.no\/?p=4227"},"modified":"2017-06-13T11:40:16","modified_gmt":"2017-06-13T11:40:16","slug":"sami-aviisaarkiiva-samisk-avisarkiv","status":"publish","type":"post","link":"https:\/\/finnmarksarkivene.no\/?p=4227","title":{"rendered":"S\u00e1mi Aviisaarkiiva \/ samisk avisarkiv"},"content":{"rendered":"<p>Samlinger av de samiskspr\u00e5klige avisene S\u00e1mi \u00c1igi, Min \u00c1igi, \u00c1\u0161\u0161u, \u00c1vvir og den samiske avisen S\u00e1gat. De tre f\u00f8rstnevnte avisene har v\u00e6rt utgitt i kronologisk rekkef\u00f8lge, men er n\u00e5 g\u00e5tt inn. Samlinga er utviklet i samarbeid med Samisk h\u00f8gskoles bibliotektjenester, spesielt med tanke p\u00e5 samisk journalistutdanning, skoleelever og forskning. S\u00e1mi Aviisaarkiiva er satt sammen av avissamlinger levert til arkivet av Thor Frette, Odd Mathis H\u00e6tta, Nils \u00d8yvind Helander, Ole Henrik Magga, H\u00e5kon Ki\u00e6rulf, Bj\u00f8rn Aarseth, Nordisk Samisk Institutt og Samisk h\u00f8gskole..<\/p>\n<p>Coakk\u00e1ldagat daid s\u00e1megielat \u00e1viissain S\u00e1mi \u00c1igi, Min \u00c1igi, \u00c1\u0161\u0161u, \u00c1vvir ja dan s\u00e1mi aviissas S\u00e1gat. Dat golbma vuostta\u0161 namuhuvvon \u00e1viissa leat almmuhuvvon kronologalaccat, muhto leat d\u00e1l heaittihuvvon. Coakk\u00e1ldat lea ovd\u00e1nahtton ovttas S\u00e1mi Allaskuvlla girjer\u00e1djosiin, ja oaivil lea veahkehit s\u00e1mi journalisttaoahpu, ohppiid ja dutkama. S\u00e1mi Aviisaarkiiva lea bidjon coahkk\u00e1i \u00e1viisacoakk\u00e1ldagain mat leat ske\u00bfkejuvvon Thor Frettes, Odd Mathis H\u00e6ttas, Nils \u00d8yvind Helanderis, Ole Henrik Maggas, H\u00e5kon Ki\u00e6rulfas, Bj\u00f8rn Aarsethas, S\u00e1mi Instituhtas ja S\u00e1mi Allaskuvllas.<\/p>\n<p><!--more--><\/p>\n<table border=\"1\" cellspacing=\"0\" cellpadding=\"0\">\n<tbody>\n<tr>\n<td valign=\"top\" width=\"196\">Arkivnavn<\/td>\n<td valign=\"top\" width=\"416\">S\u00e1mi Aviisaarkiiva \/ samisk avisarkiv<\/td>\n<\/tr>\n<tr>\n<td valign=\"top\" width=\"196\">Arkivskaper<\/td>\n<td valign=\"top\" width=\"416\">S\u00e1mi Aviisaarkiiva \/ samisk avisarkiv<\/td>\n<\/tr>\n<tr>\n<td valign=\"top\" width=\"196\">Arkivref (id)<\/td>\n<td valign=\"top\" width=\"416\">SAMI\/PA-1067<\/td>\n<\/tr>\n<tr>\n<td valign=\"top\" width=\"196\">Reg.base<\/td>\n<td valign=\"top\" width=\"416\">Asta<\/td>\n<\/tr>\n<tr>\n<td valign=\"top\" width=\"196\">Publ. base (evt. link til katalogen)<\/td>\n<td valign=\"top\" width=\"416\"><a href=\"http:\/\/www.arkivportalen.no\/side\/arkiv\/detaljer?arkivId=no-a1450-10000000028874&amp;aktivArkivFane=detaljer\" target=\"_blank\" rel=\"noopener noreferrer\">Arkivportalen<\/a><\/td>\n<\/tr>\n<tr>\n<td valign=\"top\" width=\"196\">Type materiale, ev. ogs\u00e5 innholdstype<\/td>\n<td valign=\"top\" width=\"416\">Aviser<\/td>\n<\/tr>\n<tr>\n<td valign=\"top\" width=\"196\">Tidsperiode<\/td>\n<td valign=\"top\" width=\"416\">1957-2008<\/td>\n<\/tr>\n<tr>\n<td valign=\"top\" width=\"196\">Type virksomhet<\/td>\n<td valign=\"top\" width=\"416\"><\/td>\n<\/tr>\n<tr>\n<td valign=\"top\" width=\"196\">Sted \/ omr\u00e5de<\/td>\n<td valign=\"top\" width=\"416\">S\u00e1pmi<\/td>\n<\/tr>\n<tr>\n<td valign=\"top\" width=\"196\">Spr\u00e5k<\/td>\n<td valign=\"top\" width=\"416\">Samisk<\/td>\n<\/tr>\n<tr>\n<td valign=\"top\" width=\"196\">Ordningsgrad<\/td>\n<td valign=\"top\" width=\"416\">ordnet<\/td>\n<\/tr>\n<tr>\n<td valign=\"top\" width=\"196\">Omfang<\/td>\n<td valign=\"top\" width=\"416\"><\/td>\n<\/tr>\n<tr>\n<td valign=\"top\" width=\"196\">Arkivliste<\/td>\n<td valign=\"top\" width=\"416\">\u00a0Arkivportalen<\/td>\n<\/tr>\n<tr>\n<td valign=\"top\" width=\"196\">Digitalisering (evt. link til dig. filer)<\/td>\n<td valign=\"top\" width=\"416\"><\/td>\n<\/tr>\n<tr>\n<td valign=\"top\" width=\"196\">Oppbevarings- \/deponeringssted<\/td>\n<td valign=\"top\" width=\"416\">Samisk arkiv \/ S\u00e1mi Arkiiva<\/td>\n<\/tr>\n<tr>\n<td valign=\"top\" width=\"196\">Kontaktopplysninger<\/td>\n<td valign=\"top\" width=\"416\"><a href=\"https:\/\/www.arkivverket.no\/om-oss\/samisk-arkiv\/om-samisk-arkiv\" target=\"_blank\" rel=\"noopener noreferrer\">http:\/\/www.arkivverket.no\/samisk<\/a><\/td>\n<\/tr>\n<tr>\n<td valign=\"top\" width=\"196\">Spesielle bemerkninger(fysisk tilstand, klausul osv.)<\/td>\n<td valign=\"top\" width=\"416\"><\/td>\n<\/tr>\n<\/tbody>\n<\/table>\n","protected":false},"excerpt":{"rendered":"Samlinger av de samiskspr\u00e5klige avisene S\u00e1mi \u00c1igi, Min \u00c1igi, \u00c1\u0161\u0161u, \u00c1vvir og den samiske avisen S\u00e1gat. De tre f\u00f8rstnevnte avisene har v\u00e6rt utgitt i kronologisk rekkef\u00f8lge, men er n\u00e5 g\u00e5tt inn. Samlinga er utviklet i samarbeid med Samisk h\u00f8gskoles bibliotektjenester, spesielt med tanke p\u00e5 samisk journalistutdanning, skoleelever og forskning. S\u00e1mi Aviisaarkiiva er satt sammen av [&hellip;]","protected":false},"author":2,"featured_media":0,"comment_status":"closed","ping_status":"closed","sticky":false,"template":"","format":"standard","meta":[],"categories":[151],"tags":[95,176,112],"_links":{"self":[{"href":"https:\/\/finnmarksarkivene.no\/index.php?rest_route=\/wp\/v2\/posts\/4227"}],"collection":[{"href":"https:\/\/finnmarksarkivene.no\/index.php?rest_route=\/wp\/v2\/posts"}],"about":[{"href":"https:\/\/finnmarksarkivene.no\/index.php?rest_route=\/wp\/v2\/types\/post"}],"author":[{"embeddable":true,"href":"https:\/\/finnmarksarkivene.no\/index.php?rest_route=\/wp\/v2\/users\/2"}],"replies":[{"embeddable":true,"href":"https:\/\/finnmarksarkivene.no\/index.php?rest_route=%2Fwp%2Fv2%2Fcomments&post=4227"}],"version-history":[{"count":4,"href":"https:\/\/finnmarksarkivene.no\/index.php?rest_route=\/wp\/v2\/posts\/4227\/revisions"}],"predecessor-version":[{"id":5282,"href":"https:\/\/finnmarksarkivene.no\/index.php?rest_route=\/wp\/v2\/posts\/4227\/revisions\/5282"}],"wp:attachment":[{"href":"https:\/\/finnmarksarkivene.no\/index.php?rest_route=%2Fwp%2Fv2%2Fmedia&parent=4227"}],"wp:term":[{"taxonomy":"category","embeddable":true,"href":"https:\/\/finnmarksarkivene.no\/index.php?rest_route=%2Fwp%2Fv2%2Fcategories&post=4227"},{"taxonomy":"post_tag","embeddable":true,"href":"https:\/\/finnmarksarkivene.no\/index.php?rest_route=%2Fwp%2Fv2%2Ftags&post=4227"}],"curies":[{"name":"wp","href":"https:\/\/api.w.org\/{rel}","templated":true}]}}