{"id":4542,"date":"2016-09-25T12:00:28","date_gmt":"2016-09-25T12:00:28","guid":{"rendered":"http:\/\/finnmarksarkivene.no\/?p=4542"},"modified":"2016-10-07T18:04:12","modified_gmt":"2016-10-07T18:04:12","slug":"i-en-sofa-pa-arkivet-sapmelaccat-ealli-cajahussan-eurohpas","status":"publish","type":"post","link":"https:\/\/finnmarksarkivene.no\/?p=4542","title":{"rendered":"I en sofa p\u00e5 arkivet: S\u00e1pmela\u010d\u010dat \u00abEalli \u010d\u00e1j\u00e1hussan\u00bb Eurohp\u00e1s"},"content":{"rendered":"<p>I en sofa p\u00e5 arkivet: Samer p\u00e5 utstilling \/ \u00a0S\u00e1pmela\u010d\u010dat \u00abEalli \u010d\u00e1j\u00e1hussan\u00bb Eurohp\u00e1s.\u00a0Arkivar\u00a0Grete Bergstr\u00f8m\u00a0ved Samisk arkiv leder samtalen mellom arkeolog\u00a0Catrine Baglo\u00a0og professor i museologi\u00a0Brita Brenna.Samtale tirsdag 11. oktober kl. 18:00 ved Riksarkivet, Oslo.<\/p>\n<p><!--more--><\/p>\n<p><b>I en sofa p\u00e5 arkivet: Samer p\u00e5 utstilling<br \/>\n<\/b>Tirsdag 11. oktober kl. 18 Riksarkivet.<\/p>\n<p>P\u00e5 1800-tallet og f\u00f8rste del av 1900-tallet kunne en se samisk hverdagsliv med levende samer og rein p\u00e5 utstilling i Europa. I dag blir dette sett p\u00e5 som et overgrep mot urbefolkninger. Nyere studier av flere hundre samer p\u00e5 utstilling fra 1822 til 1950 viser imidlertid at det var et mangfold av motiver for at samene lot seg stille ut.<\/p>\n<div id=\"attachment_4543\" style=\"width: 310px\" class=\"wp-caption alignleft\"><a href=\"https:\/\/finnmarksarkivene.no\/wp-content\/uploads\/2016\/09\/14125051_1372388399456414_4523778369520195300_o.jpg\"><img aria-describedby=\"caption-attachment-4543\" loading=\"lazy\" class=\"size-medium wp-image-4543\" alt=\"Bildet fra Riksarkivets utstilling.\" src=\"https:\/\/finnmarksarkivene.no\/wp-content\/uploads\/2016\/09\/14125051_1372388399456414_4523778369520195300_o-300x195.jpg\" width=\"300\" height=\"195\" srcset=\"https:\/\/finnmarksarkivene.no\/wp-content\/uploads\/2016\/09\/14125051_1372388399456414_4523778369520195300_o-300x195.jpg 300w, https:\/\/finnmarksarkivene.no\/wp-content\/uploads\/2016\/09\/14125051_1372388399456414_4523778369520195300_o-1024x666.jpg 1024w, https:\/\/finnmarksarkivene.no\/wp-content\/uploads\/2016\/09\/14125051_1372388399456414_4523778369520195300_o.jpg 1969w\" sizes=\"(max-width: 300px) 100vw, 300px\" \/><\/a><p id=\"caption-attachment-4543\" class=\"wp-caption-text\">Bildet fra Riksarkivets utstilling.<\/p><\/div>\n<p>Arkivar\u00a0Grete Bergstr\u00f8m\u00a0ved Samisk arkiv leder samtalen mellom arkeolog\u00a0Catrine Baglo\u00a0og professor i museologi\u00a0Brita Brenna.<\/p>\n<div><a href=\"http:\/\/www.arkivverket.no\/arkivverket\/Arkivverket\/Om-oss\/Aktuelt\/Nyhetsarkiv\/Riksarkivets-hoestprogram-er-naa-klart\" target=\"_blank\">http:\/\/www.arkivverket.no\/arkivverket\/Arkivverket\/Om-oss\/Aktuelt\/Nyhetsarkiv\/Riksarkivets-hoestprogram-er-naa-klart<\/a><\/div>\n<div><\/div>\n<div><\/div>\n<div><\/div>\n<p>&nbsp;<\/p>\n<p><strong><a href=\"https:\/\/www.facebook.com\/events\/1579536739022654\/\" target=\"_self\">S\u00e1gastallan suff\u00e1s \u2013 F\u00e1dda: S\u00c1PMELA\u010c\u010cAT \u201cEALLI \u010c\u00c1J\u00c1HUSSAN\u201d EUROHP\u00c1S<\/a><\/strong><\/p>\n<p>Dakk\u00e1r \u010d\u00e1j\u00e1hushomm\u00e1t ledje d\u00e1b\u00e1la\u010d\u010dat g\u00e1vpogiin Eurohp\u00e1s 18-1900-logusis.<\/p>\n<p>S\u00e1mi Arkiiva \u00e1rkiv\u00e1ra\u00a0<i>Grete Bergstr\u00f8m<\/i>\u00a0jo\u0111iha s\u00e1gastallama gaskal arkeologa\u00a0<i>Cathrine Baglo<\/i>\u00a0 ja professor museologias\u00a0<i>Brita Brenna<\/i>.<\/p>\n<p>Goas: 11-10-2016 dii. 18:00-20:00<\/p>\n<p>Gos: Riika\u00e1rkiivvas\/Riksarkivet, Sognsveien 221, Oslos.<\/p>\n<p>Bures boahtin!<\/p>\n<div><a href=\"http:\/\/www.arkivverket.no\/arkivverket\/Arkivverket\/Samisk-arkiv\/Aktuelt-Aigeguovdil\" target=\"_blank\"><span style=\"font-family: Calibri, sans-serif; font-size: small;\">http:\/\/www.arkivverket.no\/arkivverket\/Arkivverket\/Samisk-arkiv\/Aktuelt-Aigeguovdil<\/span><span style=\"font-family: Calibri, sans-serif; font-size: small;\">\u00a0<\/span><\/a><\/div>\n<div><\/div>\n<div><a href=\"http:\/\/www.arkivverket.no\/arkivverket\/Arkivverket\/Samisk-arkiv\/Aktuelt-Aigeguovdil\/Aigeguovdil\" target=\"_blank\"><span style=\"font-family: Calibri, sans-serif; font-size: small;\">http:\/\/www.arkivverket.no\/arkivverket\/Arkivverket\/Samisk-arkiv\/Aktuelt-Aigeguovdil\/Aigeguovdil<\/span><\/a><\/div>\n<div><span style=\"font-family: Calibri, sans-serif; font-size: small;\">\u00a0<\/span><\/div>\n","protected":false},"excerpt":{"rendered":"I en sofa p\u00e5 arkivet: Samer p\u00e5 utstilling \/ \u00a0S\u00e1pmela\u010d\u010dat \u00abEalli \u010d\u00e1j\u00e1hussan\u00bb Eurohp\u00e1s.\u00a0Arkivar\u00a0Grete Bergstr\u00f8m\u00a0ved Samisk arkiv leder samtalen mellom arkeolog\u00a0Catrine Baglo\u00a0og professor i museologi\u00a0Brita Brenna.Samtale tirsdag 11. oktober kl. 18:00 ved Riksarkivet, Oslo.","protected":false},"author":2,"featured_media":4543,"comment_status":"closed","ping_status":"closed","sticky":false,"template":"","format":"standard","meta":[],"categories":[11,3],"tags":[236,274,352,353],"_links":{"self":[{"href":"https:\/\/finnmarksarkivene.no\/index.php?rest_route=\/wp\/v2\/posts\/4542"}],"collection":[{"href":"https:\/\/finnmarksarkivene.no\/index.php?rest_route=\/wp\/v2\/posts"}],"about":[{"href":"https:\/\/finnmarksarkivene.no\/index.php?rest_route=\/wp\/v2\/types\/post"}],"author":[{"embeddable":true,"href":"https:\/\/finnmarksarkivene.no\/index.php?rest_route=\/wp\/v2\/users\/2"}],"replies":[{"embeddable":true,"href":"https:\/\/finnmarksarkivene.no\/index.php?rest_route=%2Fwp%2Fv2%2Fcomments&post=4542"}],"version-history":[{"count":25,"href":"https:\/\/finnmarksarkivene.no\/index.php?rest_route=\/wp\/v2\/posts\/4542\/revisions"}],"predecessor-version":[{"id":4605,"href":"https:\/\/finnmarksarkivene.no\/index.php?rest_route=\/wp\/v2\/posts\/4542\/revisions\/4605"}],"wp:featuredmedia":[{"embeddable":true,"href":"https:\/\/finnmarksarkivene.no\/index.php?rest_route=\/wp\/v2\/media\/4543"}],"wp:attachment":[{"href":"https:\/\/finnmarksarkivene.no\/index.php?rest_route=%2Fwp%2Fv2%2Fmedia&parent=4542"}],"wp:term":[{"taxonomy":"category","embeddable":true,"href":"https:\/\/finnmarksarkivene.no\/index.php?rest_route=%2Fwp%2Fv2%2Fcategories&post=4542"},{"taxonomy":"post_tag","embeddable":true,"href":"https:\/\/finnmarksarkivene.no\/index.php?rest_route=%2Fwp%2Fv2%2Ftags&post=4542"}],"curies":[{"name":"wp","href":"https:\/\/api.w.org\/{rel}","templated":true}]}}