{"id":4584,"date":"2016-10-21T07:52:31","date_gmt":"2016-10-21T07:52:31","guid":{"rendered":"http:\/\/finnmarksarkivene.no\/?p=4584"},"modified":"2016-11-05T08:57:20","modified_gmt":"2016-11-05T08:57:20","slug":"arkivdagen-2016-i-finnmark-arkiivabeaivi-2016-finnmarkkus","status":"publish","type":"post","link":"https:\/\/finnmarksarkivene.no\/?p=4584","title":{"rendered":"Arkivdagen 2016 ved Finnmark fylkesbibliotek"},"content":{"rendered":"<p>Finnmark fylkesbibliotek i Vads\u00f8 markerer den nordiske Arkivdagen l\u00f8rdag 5.11. kl. 12 &#8211; 13:30. Arrangementet er\u00a0 viet en av Norges fremste kvinnelige fotografer Ellisif Wessel, som ble f\u00f8dt 150 \u00e5r siden.<\/p>\n<p><!--more--><\/p>\n<p><b><b>N\u00e6rt, fjernt og revolusjon\u00e6rt!<\/b><\/b><\/p>\n<p>Markeres p\u00e5 biblioteket i Vads\u00f8 l\u00f8rdag 5.11. kl. 12 &#8211; 13:30.<\/p>\n<p>Arrangementet er viet Ellisif Wessel, en av Norges fremste kvinnelige fotografer, som ble f\u00f8dt for 150 \u00e5r siden.<\/p>\n<p>Program:<\/p>\n<ul>\n<li>Fotoarkivar Hannele Fors ved Kuben (Aust-Agder museum og arkiv) holder foredrag om Ellisif Wessel<\/li>\n<li>Utstilling om Ellisif Wessel og hennes fotografier<\/li>\n<\/ul>\n<p>Gratis inngang. Enkel bevertning.<\/p>\n<p><a href=\"https:\/\/www.facebook.com\/events\/1770404049839062\/\" target=\"_blank\">Les mer: https:\/\/www.facebook.com\/events\/1770404049839062\/<\/a><\/p>\n<p>&nbsp;<\/p>\n<p>Velkommen!<\/p>\n<div id=\"attachment_4614\" style=\"width: 237px\" class=\"wp-caption alignleft\"><a href=\"https:\/\/finnmarksarkivene.no\/wp-content\/uploads\/2016\/10\/85608_Ellisif_Wessel_Arkiv_Finnmark_fylkesbibliotek-002.jpg\"><img aria-describedby=\"caption-attachment-4614\" loading=\"lazy\" class=\"size-medium wp-image-4614\" alt=\"Ellisif Wessel i sitt skrivekammer. Foto: Finnmark fylkesbibliotek\" src=\"https:\/\/finnmarksarkivene.no\/wp-content\/uploads\/2016\/10\/85608_Ellisif_Wessel_Arkiv_Finnmark_fylkesbibliotek-002-227x300.jpg\" width=\"227\" height=\"300\" srcset=\"https:\/\/finnmarksarkivene.no\/wp-content\/uploads\/2016\/10\/85608_Ellisif_Wessel_Arkiv_Finnmark_fylkesbibliotek-002-227x300.jpg 227w, https:\/\/finnmarksarkivene.no\/wp-content\/uploads\/2016\/10\/85608_Ellisif_Wessel_Arkiv_Finnmark_fylkesbibliotek-002-775x1024.jpg 775w, https:\/\/finnmarksarkivene.no\/wp-content\/uploads\/2016\/10\/85608_Ellisif_Wessel_Arkiv_Finnmark_fylkesbibliotek-002.jpg 1424w\" sizes=\"(max-width: 227px) 100vw, 227px\" \/><\/a><p id=\"caption-attachment-4614\" class=\"wp-caption-text\">Ellisif Wessel i sitt skrivekammer. Foto: Finnmark fylkesbibliotek<\/p><\/div>\n","protected":false},"excerpt":{"rendered":"Finnmark fylkesbibliotek i Vads\u00f8 markerer den nordiske Arkivdagen l\u00f8rdag 5.11. kl. 12 &#8211; 13:30. Arrangementet er\u00a0 viet en av Norges fremste kvinnelige fotografer Ellisif Wessel, som ble f\u00f8dt 150 \u00e5r siden.","protected":false},"author":2,"featured_media":4614,"comment_status":"closed","ping_status":"closed","sticky":false,"template":"","format":"standard","meta":[],"categories":[11],"tags":[374,375,63],"_links":{"self":[{"href":"https:\/\/finnmarksarkivene.no\/index.php?rest_route=\/wp\/v2\/posts\/4584"}],"collection":[{"href":"https:\/\/finnmarksarkivene.no\/index.php?rest_route=\/wp\/v2\/posts"}],"about":[{"href":"https:\/\/finnmarksarkivene.no\/index.php?rest_route=\/wp\/v2\/types\/post"}],"author":[{"embeddable":true,"href":"https:\/\/finnmarksarkivene.no\/index.php?rest_route=\/wp\/v2\/users\/2"}],"replies":[{"embeddable":true,"href":"https:\/\/finnmarksarkivene.no\/index.php?rest_route=%2Fwp%2Fv2%2Fcomments&post=4584"}],"version-history":[{"count":16,"href":"https:\/\/finnmarksarkivene.no\/index.php?rest_route=\/wp\/v2\/posts\/4584\/revisions"}],"predecessor-version":[{"id":4634,"href":"https:\/\/finnmarksarkivene.no\/index.php?rest_route=\/wp\/v2\/posts\/4584\/revisions\/4634"}],"wp:featuredmedia":[{"embeddable":true,"href":"https:\/\/finnmarksarkivene.no\/index.php?rest_route=\/wp\/v2\/media\/4614"}],"wp:attachment":[{"href":"https:\/\/finnmarksarkivene.no\/index.php?rest_route=%2Fwp%2Fv2%2Fmedia&parent=4584"}],"wp:term":[{"taxonomy":"category","embeddable":true,"href":"https:\/\/finnmarksarkivene.no\/index.php?rest_route=%2Fwp%2Fv2%2Fcategories&post=4584"},{"taxonomy":"post_tag","embeddable":true,"href":"https:\/\/finnmarksarkivene.no\/index.php?rest_route=%2Fwp%2Fv2%2Ftags&post=4584"}],"curies":[{"name":"wp","href":"https:\/\/api.w.org\/{rel}","templated":true}]}}