{"id":4635,"date":"2016-11-05T09:02:55","date_gmt":"2016-11-05T09:02:55","guid":{"rendered":"http:\/\/finnmarksarkivene.no\/?p=4635"},"modified":"2016-11-05T09:03:40","modified_gmt":"2016-11-05T09:03:40","slug":"arkiivabeaivai-2016-ika-finnmarkus","status":"publish","type":"post","link":"https:\/\/finnmarksarkivene.no\/?p=4635","title":{"rendered":"Arkiivabeaiv\u00e1i 2016 IKA Finnm\u00e1rkus"},"content":{"rendered":"<p>IKA Finnm\u00e1rku IKS ovttas S\u00e1mi Arkiivvain bovdeba Arkiivabeaiv\u00e1i 2016! F\u00e1dda: \u00abDa klokka klang\u2026\u00bb Internatliv i Finnmark-utdrag fra arkivet. \/\u00abDalle go biellu skilai\u2026\u00bbIntern\u00e1htaeallin Finnm\u00e1rkkus \u2013 oassi arkiivvas.<\/p>\n<p><!--more--><\/p>\n<p><strong>\u00abDa klokka klang\u2026\u00bb Internatliv i Finnmark-utdrag fra arkivet. \/\u00abDalle go biellu skilai\u2026\u00bbIntern\u00e1htaeallin Finnm\u00e1rkkus \u2013 oassi arkiivvas.<\/strong><\/p>\n<p><strong>Logaldallit:<\/strong><\/p>\n<ul>\n<li>Ingjerd Tjelle, girje\u010d\u00e1lli: &#8220;Bortsendt og internert&#8221; \u2013 M\u00f8te med internatbarn \/ \u201cEret s\u00e1ddejuvvon ja internerejuvvon\u201d \u2013 Deaivvadeapmi intern\u00e1htam\u00e1n\u00e1iguin.<\/li>\n<\/ul>\n<ul>\n<li>Grete Gunn Bergstr\u00f8m, S\u00e1mi Arkiivas: \u00abMulkt og motstand\u00bb &#8211; i en 100 \u00e5rig protokoll fra samisk internatliv \/ \u201cS\u00e1hkku ja vuosttaldeapmi\u201d \u2013 ovtta 100 jahk\u00e1sa\u0161 s\u00e1mi intern\u00e1htaeallima protokollas.<\/li>\n<\/ul>\n<p>S\u00e1gastallan ja g\u00e1festallan. \u010c\u00e1j\u00e1hus.<\/p>\n<p><strong>Goas<\/strong>: L\u00e1vvordaga sk\u00e1bmam\u00e1nu 12. beaivve 2016 dii. 12:00. Gos: IKA Finnm\u00e1rku IKS, Holmenveien 3 (Statens Vegvesena buohta)<\/p>\n<p>Leavnnjas. Bures boahtin!<\/p>\n<p><a href=\"https:\/\/www.facebook.com\/Samisk-arkiv-S%C3%A1mi-Arkiiva-249999021688120\/?fref=ts\" target=\"_blank\">https:\/\/www.facebook.com\/Samisk-arkiv-S%C3%A1mi-Arkiiva-249999021688120\/?fref=ts<\/a><\/p>\n<p><a href=\"https:\/\/finnmarksarkivene.no\/wp-content\/uploads\/2016\/11\/14918994_1176066402473143_7221251487217235827_o.jpg\"><img loading=\"lazy\" class=\"alignleft size-medium wp-image-4622\" alt=\"14918994_1176066402473143_7221251487217235827_o\" src=\"https:\/\/finnmarksarkivene.no\/wp-content\/uploads\/2016\/11\/14918994_1176066402473143_7221251487217235827_o-212x300.jpg\" width=\"212\" height=\"300\" srcset=\"https:\/\/finnmarksarkivene.no\/wp-content\/uploads\/2016\/11\/14918994_1176066402473143_7221251487217235827_o-212x300.jpg 212w, https:\/\/finnmarksarkivene.no\/wp-content\/uploads\/2016\/11\/14918994_1176066402473143_7221251487217235827_o.jpg 679w\" sizes=\"(max-width: 212px) 100vw, 212px\" \/><\/a><\/p>\n<p>&nbsp;<\/p>\n","protected":false},"excerpt":{"rendered":"IKA Finnm\u00e1rku IKS ovttas S\u00e1mi Arkiivvain bovdeba Arkiivabeaiv\u00e1i 2016! F\u00e1dda: \u00abDa klokka klang\u2026\u00bb Internatliv i Finnmark-utdrag fra arkivet. \/\u00abDalle go biellu skilai\u2026\u00bbIntern\u00e1htaeallin Finnm\u00e1rkkus \u2013 oassi arkiivvas.","protected":false},"author":2,"featured_media":4622,"comment_status":"closed","ping_status":"closed","sticky":false,"template":"","format":"standard","meta":[],"categories":[11,3],"tags":[377,379,378],"_links":{"self":[{"href":"https:\/\/finnmarksarkivene.no\/index.php?rest_route=\/wp\/v2\/posts\/4635"}],"collection":[{"href":"https:\/\/finnmarksarkivene.no\/index.php?rest_route=\/wp\/v2\/posts"}],"about":[{"href":"https:\/\/finnmarksarkivene.no\/index.php?rest_route=\/wp\/v2\/types\/post"}],"author":[{"embeddable":true,"href":"https:\/\/finnmarksarkivene.no\/index.php?rest_route=\/wp\/v2\/users\/2"}],"replies":[{"embeddable":true,"href":"https:\/\/finnmarksarkivene.no\/index.php?rest_route=%2Fwp%2Fv2%2Fcomments&post=4635"}],"version-history":[{"count":2,"href":"https:\/\/finnmarksarkivene.no\/index.php?rest_route=\/wp\/v2\/posts\/4635\/revisions"}],"predecessor-version":[{"id":4637,"href":"https:\/\/finnmarksarkivene.no\/index.php?rest_route=\/wp\/v2\/posts\/4635\/revisions\/4637"}],"wp:featuredmedia":[{"embeddable":true,"href":"https:\/\/finnmarksarkivene.no\/index.php?rest_route=\/wp\/v2\/media\/4622"}],"wp:attachment":[{"href":"https:\/\/finnmarksarkivene.no\/index.php?rest_route=%2Fwp%2Fv2%2Fmedia&parent=4635"}],"wp:term":[{"taxonomy":"category","embeddable":true,"href":"https:\/\/finnmarksarkivene.no\/index.php?rest_route=%2Fwp%2Fv2%2Fcategories&post=4635"},{"taxonomy":"post_tag","embeddable":true,"href":"https:\/\/finnmarksarkivene.no\/index.php?rest_route=%2Fwp%2Fv2%2Ftags&post=4635"}],"curies":[{"name":"wp","href":"https:\/\/api.w.org\/{rel}","templated":true}]}}