{"id":4667,"date":"2017-01-03T06:46:05","date_gmt":"2017-01-03T06:46:05","guid":{"rendered":"http:\/\/finnmarksarkivene.no\/?p=4667"},"modified":"2017-01-03T06:48:31","modified_gmt":"2017-01-03T06:48:31","slug":"na-skal-enda-flere-privatarkiv-i-finnmark-berges","status":"publish","type":"post","link":"https:\/\/finnmarksarkivene.no\/?p=4667","title":{"rendered":"Enda flere privatarkiv i Finnmark berges !"},"content":{"rendered":"<p><i>N\u00e5 skal enda flere privatarkiv i Finnmark berges gjennom tett regionalt samarbeid. Ida Kjelen Thuv og Anne Karen H\u00e6tta er nyansatt for \u00e5 arbeide med nettopp dette. Disse to skal spore opp og samle inn de glemte gruppenes egne stemmer, dokumentasjon fra s\u00e6rlig \u00f8stsamer, fiskerb\u00f8nder i sj\u00f8samiske omr\u00e5der, finske og \u00f8steuropeiske ny-innvandrede og ut\u00f8vere innen flyttsamisk reindrift. Kvinneperspektivet er sterkt med i arbeidet med alle gruppene. <!--more--><\/i><\/p>\n<p>Ida Kjeilen Thuv (31) er fra Vads\u00f8. Hun har mastergrad i litteraturvitenskap fra UiT Norges arktiske universitet hvor hun ogs\u00e5 har v\u00e6rt ansatt som lektor. Anne Karen H\u00e6tta (32) har mastergrad i urfolkstudier ved UiT Norges arktiske universitet, og har jobbet ved Samisk h\u00f8gskole. De nye medarbeiderne skal begynne januar og jobber med dette i tre m\u00e5neder. Ida skal ha arbeidssted ved Finnmark fylkesbibliotek, mens Anne Karen holder til ved Samisk Arkiv i Kautokeino. De skal f\u00f8rst og fremst ta kontakt med organisasjoner, lag, foreninger, bedrifter og privatpersoner for \u00e5 f\u00e5 samlet inn mest mulig fra de utvalgte gruppene som er valgt ut etter et grundig forarbeid.<\/p>\n<div id=\"attachment_4668\" style=\"width: 310px\" class=\"wp-caption alignright\"><a href=\"https:\/\/finnmarksarkivene.no\/wp-content\/uploads\/2017\/01\/vi-er-ogs\u00e5-her-medarbeidere.jpg\"><img aria-describedby=\"caption-attachment-4668\" loading=\"lazy\" class=\"size-medium wp-image-4668\" alt=\"Ida Kjeilen Thuv (t.v.) og Anne Karen H\u00e6tta skal samle inn protokoller, brev og saksdokumenter, regnskapsmateriale og fotografier fra glemte grupper. Foto: Sonja Siltala\/Finnmark fylkesbibliotek.\" src=\"https:\/\/finnmarksarkivene.no\/wp-content\/uploads\/2017\/01\/vi-er-ogs\u00e5-her-medarbeidere-300x173.jpg\" width=\"300\" height=\"173\" srcset=\"https:\/\/finnmarksarkivene.no\/wp-content\/uploads\/2017\/01\/vi-er-ogs\u00e5-her-medarbeidere-300x173.jpg 300w, https:\/\/finnmarksarkivene.no\/wp-content\/uploads\/2017\/01\/vi-er-ogs\u00e5-her-medarbeidere-1024x591.jpg 1024w, https:\/\/finnmarksarkivene.no\/wp-content\/uploads\/2017\/01\/vi-er-ogs\u00e5-her-medarbeidere.jpg 1732w\" sizes=\"(max-width: 300px) 100vw, 300px\" \/><\/a><p id=\"caption-attachment-4668\" class=\"wp-caption-text\">Ida Kjeilen Thuv (t.v.) og Anne Karen H\u00e6tta skal samle inn protokoller, brev og saksdokumenter, regnskapsmateriale og fotografier fra glemte grupper. Foto: Finnmark fylkesbibliotek.<\/p><\/div>\n<p>Innsamlingen er en del av prosjektet \u00abVi er ogs\u00e5 her! Synliggj\u00f8ring av glemte grupper\u00bb som er satt i gang av det arkivfaglige nettverket Finnmarksarkivene. Nettverket er etablert i regi av Finnmark fylkesbibliotek prosjektgruppe med medlemmer fra Samisk arkiv, Statsarkivet i Troms\u00f8, Interkommunalt arkiv Finnmark, RiddoDuottarMuseat og Varanger museum, avd. Vard\u00f8. Innsamlingsprosjektet, som er st\u00f8tte av Norsk Kulturr\u00e5d, munner ut i en vandreutstilling og publikasjon.<\/p>\n<p><a href=\"https:\/\/finnmarksarkivene.no\/wp-content\/uploads\/2017\/01\/Arbeidsutvalg-Finnmarksarkivene.jpg\"><img loading=\"lazy\" class=\"size-large wp-image-4669\" alt=\"Flere institusjoner er med p\u00e5 det tette regionale samarbeidet. Fra venstre bak Helena Maliniemi fra Finnmark fylkesbibliotek (leder), Anne Karen H\u00e6tta (prosjektmedarbeider), Gunnhild Engstad fra IKA Finnmark, Sonja Siltala fra Finnmark fylkesbibliotek, Svein-Olaf Nilssen fra Statsarkivet i Troms\u00f8, Grete Gunn Bergstr\u00f8m fra Samisk arkiv og Synn\u00f8ve Fotland Eikevik fra Varanger museum, avd. Vard\u00f8 (via skype). Margrethe Vars fra RiddoDuottarMuseat og Ida Kjeilen Thuv er ikke med p\u00e5 bildet. Bilde: Finnmark fylkesbibliotek.\" src=\"https:\/\/finnmarksarkivene.no\/wp-content\/uploads\/2017\/01\/Arbeidsutvalg-Finnmarksarkivene-1024x696.jpg\" width=\"900\" height=\"611\" srcset=\"https:\/\/finnmarksarkivene.no\/wp-content\/uploads\/2017\/01\/Arbeidsutvalg-Finnmarksarkivene-1024x696.jpg 1024w, https:\/\/finnmarksarkivene.no\/wp-content\/uploads\/2017\/01\/Arbeidsutvalg-Finnmarksarkivene-300x204.jpg 300w\" sizes=\"(max-width: 900px) 100vw, 900px\" \/><\/a><\/p>\n<dl class=\"wp-caption alignright\" id=\"attachment_4669\" style=\"width: 910px;\">\n<dd class=\"wp-caption-dd\">Flere institusjoner er med p\u00e5 det tette regionale samarbeidet. Fra venstre bak Helena Maliniemi fra Finnmark fylkesbibliotek (leder), Anne Karen H\u00e6tta (prosjektmedarbeider), Gunnhild Engstad fra IKA Finnmark, Sonja Siltala fra Finnmark fylkesbibliotek, Svein-Olaf Nilssen fra Statsarkivet i Troms\u00f8, Grete Gunn Bergstr\u00f8m fra Samisk arkiv og Synn\u00f8ve Fotland Eikevik fra Varanger museum, avd. Vard\u00f8 (via skype). Margrethe Vars fra RiddoDuottarMuseat og Ida Kjeilen Thuv er ikke med p\u00e5 bildet. Bilde: Finnmark fylkesbibliotek.<\/dd>\n<\/dl>\n","protected":false},"excerpt":{"rendered":"N\u00e5 skal enda flere privatarkiv i Finnmark berges gjennom tett regionalt samarbeid. Ida Kjelen Thuv og Anne Karen H\u00e6tta er nyansatt for \u00e5 arbeide med nettopp dette. Disse to skal spore opp og samle inn de glemte gruppenes egne stemmer, dokumentasjon fra s\u00e6rlig \u00f8stsamer, fiskerb\u00f8nder i sj\u00f8samiske omr\u00e5der, finske og \u00f8steuropeiske ny-innvandrede og ut\u00f8vere innen [&hellip;]","protected":false},"author":2,"featured_media":4668,"comment_status":"closed","ping_status":"closed","sticky":false,"template":"","format":"standard","meta":[],"categories":[11],"tags":[],"_links":{"self":[{"href":"https:\/\/finnmarksarkivene.no\/index.php?rest_route=\/wp\/v2\/posts\/4667"}],"collection":[{"href":"https:\/\/finnmarksarkivene.no\/index.php?rest_route=\/wp\/v2\/posts"}],"about":[{"href":"https:\/\/finnmarksarkivene.no\/index.php?rest_route=\/wp\/v2\/types\/post"}],"author":[{"embeddable":true,"href":"https:\/\/finnmarksarkivene.no\/index.php?rest_route=\/wp\/v2\/users\/2"}],"replies":[{"embeddable":true,"href":"https:\/\/finnmarksarkivene.no\/index.php?rest_route=%2Fwp%2Fv2%2Fcomments&post=4667"}],"version-history":[{"count":6,"href":"https:\/\/finnmarksarkivene.no\/index.php?rest_route=\/wp\/v2\/posts\/4667\/revisions"}],"predecessor-version":[{"id":4675,"href":"https:\/\/finnmarksarkivene.no\/index.php?rest_route=\/wp\/v2\/posts\/4667\/revisions\/4675"}],"wp:featuredmedia":[{"embeddable":true,"href":"https:\/\/finnmarksarkivene.no\/index.php?rest_route=\/wp\/v2\/media\/4668"}],"wp:attachment":[{"href":"https:\/\/finnmarksarkivene.no\/index.php?rest_route=%2Fwp%2Fv2%2Fmedia&parent=4667"}],"wp:term":[{"taxonomy":"category","embeddable":true,"href":"https:\/\/finnmarksarkivene.no\/index.php?rest_route=%2Fwp%2Fv2%2Fcategories&post=4667"},{"taxonomy":"post_tag","embeddable":true,"href":"https:\/\/finnmarksarkivene.no\/index.php?rest_route=%2Fwp%2Fv2%2Ftags&post=4667"}],"curies":[{"name":"wp","href":"https:\/\/api.w.org\/{rel}","templated":true}]}}