{"id":4684,"date":"2017-01-04T09:31:01","date_gmt":"2017-01-04T09:31:01","guid":{"rendered":"http:\/\/finnmarksarkivene.no\/?p=4684"},"modified":"2017-01-10T18:04:21","modified_gmt":"2017-01-10T18:04:21","slug":"guldal-anne-karena-muitaleamen-odda-proseavtta","status":"publish","type":"post","link":"https:\/\/finnmarksarkivene.no\/?p=4684","title":{"rendered":"Guldal Anne Karena muitaleamen o\u0111\u0111a pro\u0161eavtta birra"},"content":{"rendered":"<div data-ft=\"{&quot;tn&quot;:&quot;K&quot;}\" id=\"js_rn\">\n<p>V\u00e1ilot go die\u0111ut deh\u00e1la\u0161 joavkkuin s\u00e1mi servodaga arkiivvain? Manne dat lea h\u00e1stalus? Guldal Anne Karena muitaleamen o\u0111\u0111a pro\u0161eavtta birra NRK S\u00e1mi Radios 03.01.2017.<\/p>\n<p><!--more--><\/p>\n<p>Mangler det kunnskap om viktige grupper i det samiske samfunns arkiver? Hvorfor er det ei utfordring? H\u00f8r Anne Karen fortelle om det nye prosjektet i NRK S\u00e1mi Radios morrasending 03.01.2017.<\/p>\n<p><a href=\"https:\/\/radio.nrk.no\/serie\/buorre-idit-sapmi\/SANY11000317\/03-01-2017#t=36m53s\" target=\"_blank\" rel=\"nofollow\">https:\/\/radio.nrk.no\/\u2026\/buorre-idit\u2026\/SANY11000317\/03-01-2017\u2026<\/a><\/p>\n<p><a href=\"https:\/\/finnmarksarkivene.no\/wp-content\/uploads\/2017\/01\/Skjermbilde1.png\"><img loading=\"lazy\" class=\"alignleft size-medium wp-image-4685\" alt=\"skjermbilde\" src=\"https:\/\/finnmarksarkivene.no\/wp-content\/uploads\/2017\/01\/Skjermbilde1-300x118.png\" width=\"300\" height=\"118\" srcset=\"https:\/\/finnmarksarkivene.no\/wp-content\/uploads\/2017\/01\/Skjermbilde1-300x118.png 300w, https:\/\/finnmarksarkivene.no\/wp-content\/uploads\/2017\/01\/Skjermbilde1-1024x403.png 1024w, https:\/\/finnmarksarkivene.no\/wp-content\/uploads\/2017\/01\/Skjermbilde1.png 1182w\" sizes=\"(max-width: 300px) 100vw, 300px\" \/><\/a><\/p>\n<\/div>\n","protected":false},"excerpt":{"rendered":"V\u00e1ilot go die\u0111ut deh\u00e1la\u0161 joavkkuin s\u00e1mi servodaga arkiivvain? Manne dat lea h\u00e1stalus? Guldal Anne Karena muitaleamen o\u0111\u0111a pro\u0161eavtta birra NRK S\u00e1mi Radios 03.01.2017.","protected":false},"author":2,"featured_media":4685,"comment_status":"closed","ping_status":"closed","sticky":false,"template":"","format":"standard","meta":[],"categories":[11,4,3],"tags":[],"_links":{"self":[{"href":"https:\/\/finnmarksarkivene.no\/index.php?rest_route=\/wp\/v2\/posts\/4684"}],"collection":[{"href":"https:\/\/finnmarksarkivene.no\/index.php?rest_route=\/wp\/v2\/posts"}],"about":[{"href":"https:\/\/finnmarksarkivene.no\/index.php?rest_route=\/wp\/v2\/types\/post"}],"author":[{"embeddable":true,"href":"https:\/\/finnmarksarkivene.no\/index.php?rest_route=\/wp\/v2\/users\/2"}],"replies":[{"embeddable":true,"href":"https:\/\/finnmarksarkivene.no\/index.php?rest_route=%2Fwp%2Fv2%2Fcomments&post=4684"}],"version-history":[{"count":3,"href":"https:\/\/finnmarksarkivene.no\/index.php?rest_route=\/wp\/v2\/posts\/4684\/revisions"}],"predecessor-version":[{"id":4688,"href":"https:\/\/finnmarksarkivene.no\/index.php?rest_route=\/wp\/v2\/posts\/4684\/revisions\/4688"}],"wp:featuredmedia":[{"embeddable":true,"href":"https:\/\/finnmarksarkivene.no\/index.php?rest_route=\/wp\/v2\/media\/4685"}],"wp:attachment":[{"href":"https:\/\/finnmarksarkivene.no\/index.php?rest_route=%2Fwp%2Fv2%2Fmedia&parent=4684"}],"wp:term":[{"taxonomy":"category","embeddable":true,"href":"https:\/\/finnmarksarkivene.no\/index.php?rest_route=%2Fwp%2Fv2%2Fcategories&post=4684"},{"taxonomy":"post_tag","embeddable":true,"href":"https:\/\/finnmarksarkivene.no\/index.php?rest_route=%2Fwp%2Fv2%2Ftags&post=4684"}],"curies":[{"name":"wp","href":"https:\/\/api.w.org\/{rel}","templated":true}]}}