{"id":4879,"date":"2017-03-01T08:41:22","date_gmt":"2017-03-01T08:41:22","guid":{"rendered":"http:\/\/finnmarksarkivene.no\/?p=4879"},"modified":"2017-03-01T09:34:42","modified_gmt":"2017-03-01T09:34:42","slug":"horingsutkast-regional-bevaringsplan-for-privatarkiv-i-finnmark","status":"publish","type":"post","link":"https:\/\/finnmarksarkivene.no\/?p=4879","title":{"rendered":"H\u00f8ringsutkast &#8211; Regional bevaringsplan for privatarkiv i Finnmark"},"content":{"rendered":"<p>Utkast for Regional bevaringsplan for privatarkiv i Finnmark\u00a0 2017-2027 er n\u00e5 lagt ut p\u00e5 h\u00f8ring. Dokumentet med vedleggene finner du her: <!--more--><\/p>\n<p><a href=\"https:\/\/finnmarksarkivene.no\/wp-content\/uploads\/2017\/03\/Utkast-Bevaringsplan-for-privatarkiv-i-Finnmark.pdf\" target=\"_blank\">H\u00f8ringsdokument Regional bevaringsplan for privatarkiv i Finnmark<\/a><\/p>\n<p><a href=\"https:\/\/finnmarksarkivene.no\/wp-content\/uploads\/2017\/03\/Vedlegg-1.-Tabell-Ansvarsomr\u00e5der-for-privarkivarbeidet.pdf\" target=\"_blank\">Vedlegg 1. Ansvarsomr\u00e5der for privatarkivarbeidet<\/a><br \/>\n<a href=\"https:\/\/finnmarksarkivene.no\/wp-content\/uploads\/2017\/03\/Vedlegg-2.-Bestandsanalyse.pdf\" target=\"_blank\">Vedlegg 2. Bestandsanalyse<\/a><br \/>\n<a href=\"https:\/\/finnmarksarkivene.no\/wp-content\/uploads\/2017\/03\/Vedlegg-3.-Samfunnsanalyse1.pdf\" target=\"_blank\">Vedlegg 3. Samfunnsanalyse<\/a><br \/>\n<a href=\"https:\/\/finnmarksarkivene.no\/wp-content\/uploads\/2017\/03\/Vedlegg-4.-Status-i-magasinforholdene.pdf\" target=\"_blank\">Vedlegg 4. Status i magasinforholdene<\/a><\/p>\n<p>Satsingsomr\u00e5der og tiltak er utformet p\u00e5 bakgrunn av bestands- og samfunnsanalyser som ble utf\u00f8rt i fjor, samt innspill fra museene og arkivinstitusjonene i Finnmark.<\/p>\n<p>H\u00f8ringsfrist er satt til <b>21. mars 2017. <\/b><\/p>\n<p>Tilbakemeldinger sendes til Finnmarks fylkesbibliotek p\u00e5 e-post:<\/p>\n<p><a href=\"mailto:helena.maliniemi@ffk.no\">helena.maliniemi@ffk.no<\/a><\/p>\n<div id=\"attachment_4887\" style=\"width: 310px\" class=\"wp-caption alignleft\"><a href=\"https:\/\/finnmarksarkivene.no\/wp-content\/uploads\/2017\/03\/IMG_00271.jpg\" target=\"_blank\"><img aria-describedby=\"caption-attachment-4887\" loading=\"lazy\" class=\"size-medium wp-image-4887 \" alt=\"IMG_0027\" src=\"https:\/\/finnmarksarkivene.no\/wp-content\/uploads\/2017\/03\/IMG_00271-300x199.jpg\" width=\"300\" height=\"199\" srcset=\"https:\/\/finnmarksarkivene.no\/wp-content\/uploads\/2017\/03\/IMG_00271-300x199.jpg 300w, https:\/\/finnmarksarkivene.no\/wp-content\/uploads\/2017\/03\/IMG_00271-1024x681.jpg 1024w\" sizes=\"(max-width: 300px) 100vw, 300px\" \/><\/a><p id=\"caption-attachment-4887\" class=\"wp-caption-text\">Det er viktig \u00e5 redde dokumentasjon fra hj\u00f8rnesteinsbedrifter. Her pakker Ida Kjeilen Thuv fra Finnmark fylkesbibliotek arkivmateriale etter Br. Aars\u00e6ther i Kj\u00f8llefjord (Norway Seafoods AS i dag). Arkivet sendes til Statsarkivet i Troms\u00f8. Foto: Helena Maliniemi<\/p><\/div>\n<p>&nbsp;<\/p>\n<p>&nbsp;<\/p>\n<p>&nbsp;<\/p>\n","protected":false},"excerpt":{"rendered":"Utkast for Regional bevaringsplan for privatarkiv i Finnmark\u00a0 2017-2027 er n\u00e5 lagt ut p\u00e5 h\u00f8ring. Dokumentet med vedleggene finner du her:","protected":false},"author":2,"featured_media":4881,"comment_status":"closed","ping_status":"closed","sticky":false,"template":"","format":"standard","meta":[],"categories":[11],"tags":[],"_links":{"self":[{"href":"https:\/\/finnmarksarkivene.no\/index.php?rest_route=\/wp\/v2\/posts\/4879"}],"collection":[{"href":"https:\/\/finnmarksarkivene.no\/index.php?rest_route=\/wp\/v2\/posts"}],"about":[{"href":"https:\/\/finnmarksarkivene.no\/index.php?rest_route=\/wp\/v2\/types\/post"}],"author":[{"embeddable":true,"href":"https:\/\/finnmarksarkivene.no\/index.php?rest_route=\/wp\/v2\/users\/2"}],"replies":[{"embeddable":true,"href":"https:\/\/finnmarksarkivene.no\/index.php?rest_route=%2Fwp%2Fv2%2Fcomments&post=4879"}],"version-history":[{"count":11,"href":"https:\/\/finnmarksarkivene.no\/index.php?rest_route=\/wp\/v2\/posts\/4879\/revisions"}],"predecessor-version":[{"id":4899,"href":"https:\/\/finnmarksarkivene.no\/index.php?rest_route=\/wp\/v2\/posts\/4879\/revisions\/4899"}],"wp:featuredmedia":[{"embeddable":true,"href":"https:\/\/finnmarksarkivene.no\/index.php?rest_route=\/wp\/v2\/media\/4881"}],"wp:attachment":[{"href":"https:\/\/finnmarksarkivene.no\/index.php?rest_route=%2Fwp%2Fv2%2Fmedia&parent=4879"}],"wp:term":[{"taxonomy":"category","embeddable":true,"href":"https:\/\/finnmarksarkivene.no\/index.php?rest_route=%2Fwp%2Fv2%2Fcategories&post=4879"},{"taxonomy":"post_tag","embeddable":true,"href":"https:\/\/finnmarksarkivene.no\/index.php?rest_route=%2Fwp%2Fv2%2Ftags&post=4879"}],"curies":[{"name":"wp","href":"https:\/\/api.w.org\/{rel}","templated":true}]}}