{"id":5064,"date":"2017-05-08T06:31:21","date_gmt":"2017-05-08T06:31:21","guid":{"rendered":"http:\/\/finnmarksarkivene.no\/?p=5064"},"modified":"2019-03-26T08:57:42","modified_gmt":"2019-03-26T08:57:42","slug":"en-stor-mengde-privatarkiver-reddet","status":"publish","type":"post","link":"https:\/\/finnmarksarkivene.no\/?p=5064","title":{"rendered":"En stor mengde privatarkiver reddet! Rapport fra Glemte grupper -prosjektet"},"content":{"rendered":"<p>Innsamlingen av privatarkiver i forbindelse med prosjektet \u00abVi er ogs\u00e5 her! Synliggj\u00f8ring av glemte grupper\u00bb fikk en vellykket avslutning!\u00a0 Dette p\u00e5 tross av at prosjektperioden var altfor kort, og ble gjennomf\u00f8rt p\u00e5 vinterstid. <span class=\"st\">Prosjektet fikk st\u00f8tte fra Norsk Kulturr\u00e5d.<\/span><!--more--><\/p>\n<p>I l\u00f8pet av prosjektet ble det samlet inn over 60 arkiver og flere tusen bilder, hovedsakelig fra de utvalgte gruppene som var \u00f8stsamer, fiskerb\u00f8nder, utenlandske minoriteter, flyttsamer og kvinner.\u00a0 Det ble ogs\u00e5 gjennomf\u00f8rt en del intervjuer og tatt fotografier for \u00e5 komplementere arkivmateriale som ble samlet inn.<\/p>\n<p>Her kan du lese mer om arkivene som ble berget:<\/p>\n<p><a href=\"https:\/\/finnmarksarkivene.no\/wp-content\/uploads\/2017\/05\/Sluttrapport-innsamlingsdel_Vi-er-ogs\u00e5-her-Synliggj\u00f8ring-av-glemte-grupper.pdf\" target=\"_blank\" rel=\"noopener noreferrer\">Sluttrapport innsamlingsdel_Vi er ogs\u00e5 her! Synliggj\u00f8ring av glemte grupper<\/a><\/p>\n<div id=\"attachment_5080\" style=\"width: 235px\" class=\"wp-caption alignright\"><a href=\"https:\/\/finnmarksarkivene.no\/wp-content\/uploads\/2017\/05\/Anne-Karen-tar-i-mot-arkivet-karajok-flyttsamelag.jpg\"><img aria-describedby=\"caption-attachment-5080\" loading=\"lazy\" class=\"size-medium wp-image-5080\" src=\"https:\/\/finnmarksarkivene.no\/wp-content\/uploads\/2017\/05\/Anne-Karen-tar-i-mot-arkivet-karajok-flyttsamelag-225x300.jpg\" alt=\"\" width=\"225\" height=\"300\" srcset=\"https:\/\/finnmarksarkivene.no\/wp-content\/uploads\/2017\/05\/Anne-Karen-tar-i-mot-arkivet-karajok-flyttsamelag-225x300.jpg 225w, https:\/\/finnmarksarkivene.no\/wp-content\/uploads\/2017\/05\/Anne-Karen-tar-i-mot-arkivet-karajok-flyttsamelag.jpg 720w\" sizes=\"(max-width: 225px) 100vw, 225px\" \/><\/a><p id=\"caption-attachment-5080\" class=\"wp-caption-text\">Karasjok flyttsamelag deponerer sitt arkiv hos Samisk Arkiv. Her er Johannes Mathis Anti og prosjektarbeider Anne Karen H\u00e6tta fylt bilen med historisk dokumentasjon om flyttsamenes organisering i Karasjok helt tilbake fra 1949. Foto: Samisk arkiv \/ S\u00e1mi Arkiiva<\/p><\/div>\n<p>I prosjektet var et gjennomg\u00e5ende fokus p\u00e5 hj\u00f8rnesteinsbedrifter og n\u00e6ringer i lokalsamfunnene, og det ble ogs\u00e5 reddet arkiver fra viktige hj\u00f8rnesteinsn\u00e6ringer blant annet i fiskeindustrien, som arkivene etter Br. Aars\u00e6ther i Kj\u00f8llefjord og Finotro i B\u00e5tsfjord.<\/p>\n<p>Prosjektet har satt i gang prosesser med bevisstgj\u00f8ring og spredning av informasjon ang\u00e5ende bevaring av privatarkiver i Finnmark.\u00a0 Dette kan Finnmarksarkivene dra nytte av og f\u00f8lge opp ogs\u00e5 etter at innsamlingsprosjektet er over. Privatsektor ble kjent med bevaringsinstitusjoner i fylket, og at de har mulighet til avlevere arkivene sine til disse. Det er stort behov for mer informasjonsarbeid slik at ikke flere viktige arkiver g\u00e5r tapt for ettertiden.<\/p>\n<div id=\"attachment_5066\" style=\"width: 219px\" class=\"wp-caption alignleft\"><a href=\"https:\/\/finnmarksarkivene.no\/wp-content\/uploads\/2017\/05\/Bilde2.jpg\"><img aria-describedby=\"caption-attachment-5066\" loading=\"lazy\" class=\"size-medium wp-image-5066\" src=\"https:\/\/finnmarksarkivene.no\/wp-content\/uploads\/2017\/05\/Bilde2-209x300.jpg\" alt=\"\" width=\"209\" height=\"300\" srcset=\"https:\/\/finnmarksarkivene.no\/wp-content\/uploads\/2017\/05\/Bilde2-209x300.jpg 209w, https:\/\/finnmarksarkivene.no\/wp-content\/uploads\/2017\/05\/Bilde2-768x1102.jpg 768w, https:\/\/finnmarksarkivene.no\/wp-content\/uploads\/2017\/05\/Bilde2-714x1024.jpg 714w, https:\/\/finnmarksarkivene.no\/wp-content\/uploads\/2017\/05\/Bilde2.jpg 784w\" sizes=\"(max-width: 209px) 100vw, 209px\" \/><\/a><p id=\"caption-attachment-5066\" class=\"wp-caption-text\">Her berges det arkivet etter Finotro-anlegget i B\u00e5tsfjord. Sonja Siltala har tatt frem sn\u00f8skuffen for \u00e5 f\u00e5 materialet til bilen! Foto: Ida Kjeilen Thuv<\/p><\/div>\n<p>&nbsp;<\/p>\n<p>En del av de avleverte arkiver ble ordnet, katalogisert og publisert p\u00e5 Arkivportalen i innsamlingsperioden.<\/p>\n<p>Den andre fasen i prosjektet, formidling, starter opp til h\u00f8sten, og prosjektets arbeidsgruppe gjennomf\u00f8rer og st\u00e5r for dette. Det innsamlede materialet skal settes i fokus i form av utstilling og publikasjon.<\/p>\n<p>&nbsp;<\/p>\n<div id=\"attachment_5069\" style=\"width: 310px\" class=\"wp-caption alignright\"><a href=\"https:\/\/finnmarksarkivene.no\/wp-content\/uploads\/2017\/05\/Bilde-1.-Gruppebilde.jpg\"><img aria-describedby=\"caption-attachment-5069\" loading=\"lazy\" class=\"size-medium wp-image-5069\" src=\"https:\/\/finnmarksarkivene.no\/wp-content\/uploads\/2017\/05\/Bilde-1.-Gruppebilde-300x177.jpg\" alt=\"\" width=\"300\" height=\"177\" srcset=\"https:\/\/finnmarksarkivene.no\/wp-content\/uploads\/2017\/05\/Bilde-1.-Gruppebilde-300x177.jpg 300w, https:\/\/finnmarksarkivene.no\/wp-content\/uploads\/2017\/05\/Bilde-1.-Gruppebilde-768x453.jpg 768w, https:\/\/finnmarksarkivene.no\/wp-content\/uploads\/2017\/05\/Bilde-1.-Gruppebilde-1024x604.jpg 1024w\" sizes=\"(max-width: 300px) 100vw, 300px\" \/><\/a><p id=\"caption-attachment-5069\" class=\"wp-caption-text\">Prosjektets arbeidsgruppe.<br \/>Fra h\u00f8yre: Synn\u00f8ve Fotland Eikevik (Varanger museum), Gunnhild E. Engstad (IKA Finnmark), Anne Karen H\u00e6tta og Ida Kjeilen Thuv (prosjektmedarbeidere), Grete Gunn Bergstr\u00f8m (Samisk arkiv\/S\u00e1mi Arkiiva), Inga Margrethe Vars (RDM-De Samiske Samlinger), Solbj\u00f8rg Ellingsen Fossheim (Statsarkivet i Troms\u00f8) og prosjektleder Helena Maliniemi (Finnmark fylkesbibliotek). Foto: Sonja Siltala<\/p><\/div>\n","protected":false},"excerpt":{"rendered":"Innsamlingen av privatarkiver i forbindelse med prosjektet \u00abVi er ogs\u00e5 her! Synliggj\u00f8ring av glemte grupper\u00bb fikk en vellykket avslutning!\u00a0 Dette p\u00e5 tross av at prosjektperioden var altfor kort, og ble gjennomf\u00f8rt p\u00e5 vinterstid. Prosjektet fikk st\u00f8tte fra Norsk Kulturr\u00e5d.","protected":false},"author":1,"featured_media":5066,"comment_status":"closed","ping_status":"closed","sticky":false,"template":"","format":"standard","meta":[],"categories":[382,11],"tags":[],"_links":{"self":[{"href":"https:\/\/finnmarksarkivene.no\/index.php?rest_route=\/wp\/v2\/posts\/5064"}],"collection":[{"href":"https:\/\/finnmarksarkivene.no\/index.php?rest_route=\/wp\/v2\/posts"}],"about":[{"href":"https:\/\/finnmarksarkivene.no\/index.php?rest_route=\/wp\/v2\/types\/post"}],"author":[{"embeddable":true,"href":"https:\/\/finnmarksarkivene.no\/index.php?rest_route=\/wp\/v2\/users\/1"}],"replies":[{"embeddable":true,"href":"https:\/\/finnmarksarkivene.no\/index.php?rest_route=%2Fwp%2Fv2%2Fcomments&post=5064"}],"version-history":[{"count":34,"href":"https:\/\/finnmarksarkivene.no\/index.php?rest_route=\/wp\/v2\/posts\/5064\/revisions"}],"predecessor-version":[{"id":7225,"href":"https:\/\/finnmarksarkivene.no\/index.php?rest_route=\/wp\/v2\/posts\/5064\/revisions\/7225"}],"wp:featuredmedia":[{"embeddable":true,"href":"https:\/\/finnmarksarkivene.no\/index.php?rest_route=\/wp\/v2\/media\/5066"}],"wp:attachment":[{"href":"https:\/\/finnmarksarkivene.no\/index.php?rest_route=%2Fwp%2Fv2%2Fmedia&parent=5064"}],"wp:term":[{"taxonomy":"category","embeddable":true,"href":"https:\/\/finnmarksarkivene.no\/index.php?rest_route=%2Fwp%2Fv2%2Fcategories&post=5064"},{"taxonomy":"post_tag","embeddable":true,"href":"https:\/\/finnmarksarkivene.no\/index.php?rest_route=%2Fwp%2Fv2%2Ftags&post=5064"}],"curies":[{"name":"wp","href":"https:\/\/api.w.org\/{rel}","templated":true}]}}