{"id":5103,"date":"2017-05-09T12:40:40","date_gmt":"2017-05-09T12:40:40","guid":{"rendered":"http:\/\/finnmarksarkivene.no\/?p=5103"},"modified":"2017-06-13T11:31:54","modified_gmt":"2017-06-13T11:31:54","slug":"kare-og-andreas-sivertsen","status":"publish","type":"post","link":"https:\/\/finnmarksarkivene.no\/?p=5103","title":{"rendered":"K\u00e5re og Andreas Sivertsen"},"content":{"rendered":"<p><!--more--><\/p>\n<table>\n<tbody>\n<tr>\n<td width=\"196\">Arkivnavn<\/td>\n<td width=\"416\">K\u00e5re og Andreas Sivertsen<\/td>\n<\/tr>\n<tr>\n<td width=\"196\">Arkivskaper<\/td>\n<td width=\"416\">K\u00e5re og Andreas Sivertsen<\/td>\n<\/tr>\n<tr>\n<td width=\"196\">Arkivref (id)<\/td>\n<td width=\"416\"><\/td>\n<\/tr>\n<tr>\n<td width=\"196\">Reg.base<\/td>\n<td width=\"416\"><\/td>\n<\/tr>\n<tr>\n<td width=\"196\">Publ. base (evt. link til katalogen)<\/td>\n<td width=\"416\"><\/td>\n<\/tr>\n<tr>\n<td width=\"196\">Type materiale, ev. ogs\u00e5 innholdstype<\/td>\n<td width=\"416\">Arkivet dokumenterer rettssaker familien Sivertsen har v\u00e6rt i fra 1960-1990-\u00e5rene ang\u00e5ende laksefiske i Neidenelva. Arkivet best\u00e5r bl.a.av diverse avisutklipp, kassettopptak fra samerettsdebatter, dokumentasjon av samiske og \u00f8stsamiske rettigheter og dokumentasjon av rettigheter til laksefiske i Neidenelva.<\/p>\n<p>Arkivet best\u00e5r ogs\u00e5 av dokumenter fra K\u00e5re Sivertsens politiske aktivitet i S\u00f8r-Varanger kommunestyre, og dokumenter fra Neiden Fjellstue.<\/td>\n<\/tr>\n<tr>\n<td width=\"196\">Tidsperiode<\/td>\n<td width=\"416\">2017<\/td>\n<\/tr>\n<tr>\n<td width=\"196\">Type virksomhet<\/td>\n<td width=\"416\"><\/td>\n<\/tr>\n<tr>\n<td width=\"196\">Sted \/ omr\u00e5de<\/td>\n<td width=\"416\">Neiden i S\u00f8r-Varanger<\/td>\n<\/tr>\n<tr>\n<td width=\"196\">Spr\u00e5k<\/td>\n<td width=\"416\"><\/td>\n<\/tr>\n<tr>\n<td width=\"196\">Ordningsgrad<\/td>\n<td width=\"416\"><\/td>\n<\/tr>\n<tr>\n<td width=\"196\">Omfang<\/td>\n<td width=\"416\"><\/td>\n<\/tr>\n<tr>\n<td width=\"196\">Arkivliste<\/td>\n<td width=\"416\"><\/td>\n<\/tr>\n<tr>\n<td width=\"196\">Digitalisering (evt. link til dig. filer)<\/td>\n<td width=\"416\">&#8211;<\/td>\n<\/tr>\n<tr>\n<td width=\"196\">Oppbevarings- \/deponeringssted<\/td>\n<td width=\"416\">Samisk arkiv \/ S\u00e1mi Arkiiva<\/td>\n<\/tr>\n<tr>\n<td width=\"196\">Kontaktopplysninger<\/td>\n<td width=\"416\">http:\/\/www.arkivverket.no\/samisk<\/td>\n<\/tr>\n<tr>\n<td width=\"196\">Spesielle bemerkninger<\/p>\n<p>(fysisk tilstand, klausul osv.)<\/td>\n<td width=\"416\">Materialet er samlet inn i forbindelse med innsamlings- og dokumenteringsprosjektet \u00abVi er ogs\u00e5 her! Synliggj\u00f8ring av glemte grupper\u00bb<\/td>\n<\/tr>\n<\/tbody>\n<\/table>\n","protected":false},"excerpt":{"rendered":"","protected":false},"author":1,"featured_media":0,"comment_status":"closed","ping_status":"closed","sticky":false,"template":"","format":"standard","meta":[],"categories":[151],"tags":[302,308,306],"_links":{"self":[{"href":"https:\/\/finnmarksarkivene.no\/index.php?rest_route=\/wp\/v2\/posts\/5103"}],"collection":[{"href":"https:\/\/finnmarksarkivene.no\/index.php?rest_route=\/wp\/v2\/posts"}],"about":[{"href":"https:\/\/finnmarksarkivene.no\/index.php?rest_route=\/wp\/v2\/types\/post"}],"author":[{"embeddable":true,"href":"https:\/\/finnmarksarkivene.no\/index.php?rest_route=\/wp\/v2\/users\/1"}],"replies":[{"embeddable":true,"href":"https:\/\/finnmarksarkivene.no\/index.php?rest_route=%2Fwp%2Fv2%2Fcomments&post=5103"}],"version-history":[{"count":2,"href":"https:\/\/finnmarksarkivene.no\/index.php?rest_route=\/wp\/v2\/posts\/5103\/revisions"}],"predecessor-version":[{"id":5274,"href":"https:\/\/finnmarksarkivene.no\/index.php?rest_route=\/wp\/v2\/posts\/5103\/revisions\/5274"}],"wp:attachment":[{"href":"https:\/\/finnmarksarkivene.no\/index.php?rest_route=%2Fwp%2Fv2%2Fmedia&parent=5103"}],"wp:term":[{"taxonomy":"category","embeddable":true,"href":"https:\/\/finnmarksarkivene.no\/index.php?rest_route=%2Fwp%2Fv2%2Fcategories&post=5103"},{"taxonomy":"post_tag","embeddable":true,"href":"https:\/\/finnmarksarkivene.no\/index.php?rest_route=%2Fwp%2Fv2%2Ftags&post=5103"}],"curies":[{"name":"wp","href":"https:\/\/api.w.org\/{rel}","templated":true}]}}