{"id":5473,"date":"2017-08-21T10:32:46","date_gmt":"2017-08-21T10:32:46","guid":{"rendered":"http:\/\/finnmarksarkivene.no\/?p=5473"},"modified":"2017-08-21T10:46:32","modified_gmt":"2017-08-21T10:46:32","slug":"lihkostuvvat-privahta-arkiivvaid-gadjumis","status":"publish","type":"post","link":"https:\/\/finnmarksarkivene.no\/?p=5473","title":{"rendered":"Lihkostuvvat priv\u00e1hta arkiivvaid g\u00e1djumis"},"content":{"rendered":"<p>Dat \u010dohkken lea &#8220;Vi er ogs\u00e5 her! Synliggj\u00f8ring av glemte grupper&#8221; (&#8220;Mii leat maid d\u00e1ppe! Vaj\u00e1ldahttojuvvon joavkkuid oainnusmahttin&#8221;) nammasa\u0161 pro\u0161eavtta oassi maid Finnm\u00e1rkkuarkiivvaid arkiivaf\u00e1gala\u0161 fierpm\u00e1dat lea \u00e1lggahan.<\/p>\n<p><!--more--><\/p>\n<p>Priv\u00e1htaarkiivat leat arkiivvat mat leat dahkkojuvvon priv\u00e1hta suorggis &#8211; ja daid leat r\u00e1hkadan fitnodagat, searvv\u00e1\u017eat, searvvit, priv\u00e1hta \u00e1sahusat dahje ovttaskas olbmot. Pro\u0161eavtta okta \u00e1\u014bgiru\u0161\u0161ansuorgi lea leama\u0161 dokumeanttaid \u010dohkken fitnodatarkiivvain.<\/p>\n<p><strong>Vie\u017e\u017ean eanet go 60 priv\u00e1hta arkiivva<\/strong><\/p>\n<p>Pro\u0161eavttas mii leat vurken earret ear\u00e1 dokumeanttaid deh\u00e1la\u0161 gea\u0111gejuolgefitnodagain guol\u00e1stusindustriijas ja boazodoalus. \u010cohkken\u00e1igodagas \u010dohkkejuvvojedje eanet go 60 priv\u00e1hta arkiivva ja dasto vel \u010da\u0111ahuvvojedje jearahallamat. Jearahallamat galget ollistit dievasin arkiiva\u00e1vdnasiid mat leat \u010dohkkejuvvon. Fotogovat maid govviduvvojedje.<\/p>\n<p>Oassi buktojuvvon arkiivvain ordnejuvvojedje, katalogiserejuvvojedje ja almmuhuvvojedje \u010dohkken\u00e1igodagas Arkivportalen (Arkiivauskk\u00e1dat) ja Archives portal Europe nammasa\u0161 arkiivaport\u00e1lain. Ja nu dat leat ol\u00e1muttos geavaheddjiide m\u00e1ilmmi mieht\u00e1.<\/p>\n<p><strong>\u010c\u00e1j\u00e1hus l\u00e1giduvvo<\/strong><\/p>\n<p>Pro\u0161eavtta gaskkustanoassi \u00e1lggahuvvo \u010dak\u010dat. \u010cohkkejuvvon \u00e1vdnasat galget dalle l\u00e1giduvvon \u010d\u00e1j\u00e1hussan ja preanttusin \u00e1lbmoga v\u00e1r\u00e1s.<\/p>\n<p>Pro\u0161eakta lea \u00e1lggahan proseassaid mat galget dahkat olbmuid di\u0111ola\u017e\u017ean ja juohkit dakk\u00e1r die\u0111uid \u00e1lbmogii mat gusket Finnm\u00e1rkku priv\u00e1hta arkiivvaid g\u00e1djumii. Pro\u0161eavtta bokte lea priv\u00e1hta suorgi ge boaht\u00e1n diehtit mat g\u00e1djun\u00e1sahusaid fylkkas leat, ja ahte sidjiide lea vejola\u0161 addit arkiivvaid daidda.<\/p>\n<p><strong>H\u00e1liidit joatkit arkiivvaid \u010dohkkema<\/strong><\/p>\n<p>Vaikko vel pro\u0161eakta\u00e1igodat jo lea nohkan, de v\u00e1ld\u00e1 fylkkagirjer\u00e1jus ain vuost\u00e1 dokumeanttaid priv\u00e1hta suorggis.<\/p>\n<p>-Menddo ma\u014b\u014bit ii leat ii eisege buktit \u00e1vdnasiid. Mii \u010dohkket ain arkiivvaid priv\u00e1hta suorggis Finnm\u00e1rkkus, ja mii \u00e1v\u017e\u017euhit sin geat h\u00e1liidit addit arkiivvaid, v\u00e1ldit minguin oktavuo\u0111a.<\/p>\n<div id=\"attachment_5474\" style=\"width: 610px\" class=\"wp-caption alignleft\"><a href=\"https:\/\/finnmarksarkivene.no\/wp-content\/uploads\/2017\/08\/Bilde-13.-Arkivet-fra-samenes-idrettsforbund.jpg\"><img aria-describedby=\"caption-attachment-5474\" loading=\"lazy\" class=\"wp-image-5474 size-full\" src=\"https:\/\/finnmarksarkivene.no\/wp-content\/uploads\/2017\/08\/Bilde-13.-Arkivet-fra-samenes-idrettsforbund.jpg\" alt=\"\" width=\"600\" height=\"800\" srcset=\"https:\/\/finnmarksarkivene.no\/wp-content\/uploads\/2017\/08\/Bilde-13.-Arkivet-fra-samenes-idrettsforbund.jpg 600w, https:\/\/finnmarksarkivene.no\/wp-content\/uploads\/2017\/08\/Bilde-13.-Arkivet-fra-samenes-idrettsforbund-225x300.jpg 225w\" sizes=\"(max-width: 600px) 100vw, 600px\" \/><\/a><p id=\"caption-attachment-5474\" class=\"wp-caption-text\">S\u00e1mi fal\u00e1stallan lea juste d\u00e1l nupp\u00e1stuhttinproseassas. Torill Lindseth Wigelius ja Randi \u00d8stby Lindseth S\u00e1mi val\u00e1\u0161tallanlihtus (SVL) v\u00e1ldiba v\u00e1ra historjj\u00e1s. 11 k\u00e1ssa fal\u00e1stallanhistorj\u00e1 s\u00e1ddejuvvo d\u00e1 S\u00e1mi arkiivii \/Arkiivadoaimmahahkii. Govva: Anne Karen H\u00e6tta\/S\u00e1mi arkiiva<\/p><\/div>\n","protected":false},"excerpt":{"rendered":"Dat \u010dohkken lea &#8220;Vi er ogs\u00e5 her! Synliggj\u00f8ring av glemte grupper&#8221; (&#8220;Mii leat maid d\u00e1ppe! Vaj\u00e1ldahttojuvvon joavkkuid oainnusmahttin&#8221;) nammasa\u0161 pro\u0161eavtta oassi maid Finnm\u00e1rkkuarkiivvaid arkiivaf\u00e1gala\u0161 fierpm\u00e1dat lea \u00e1lggahan.","protected":false},"author":2,"featured_media":5474,"comment_status":"closed","ping_status":"closed","sticky":false,"template":"","format":"standard","meta":[],"categories":[4],"tags":[],"_links":{"self":[{"href":"https:\/\/finnmarksarkivene.no\/index.php?rest_route=\/wp\/v2\/posts\/5473"}],"collection":[{"href":"https:\/\/finnmarksarkivene.no\/index.php?rest_route=\/wp\/v2\/posts"}],"about":[{"href":"https:\/\/finnmarksarkivene.no\/index.php?rest_route=\/wp\/v2\/types\/post"}],"author":[{"embeddable":true,"href":"https:\/\/finnmarksarkivene.no\/index.php?rest_route=\/wp\/v2\/users\/2"}],"replies":[{"embeddable":true,"href":"https:\/\/finnmarksarkivene.no\/index.php?rest_route=%2Fwp%2Fv2%2Fcomments&post=5473"}],"version-history":[{"count":5,"href":"https:\/\/finnmarksarkivene.no\/index.php?rest_route=\/wp\/v2\/posts\/5473\/revisions"}],"predecessor-version":[{"id":5484,"href":"https:\/\/finnmarksarkivene.no\/index.php?rest_route=\/wp\/v2\/posts\/5473\/revisions\/5484"}],"wp:featuredmedia":[{"embeddable":true,"href":"https:\/\/finnmarksarkivene.no\/index.php?rest_route=\/wp\/v2\/media\/5474"}],"wp:attachment":[{"href":"https:\/\/finnmarksarkivene.no\/index.php?rest_route=%2Fwp%2Fv2%2Fmedia&parent=5473"}],"wp:term":[{"taxonomy":"category","embeddable":true,"href":"https:\/\/finnmarksarkivene.no\/index.php?rest_route=%2Fwp%2Fv2%2Fcategories&post=5473"},{"taxonomy":"post_tag","embeddable":true,"href":"https:\/\/finnmarksarkivene.no\/index.php?rest_route=%2Fwp%2Fv2%2Ftags&post=5473"}],"curies":[{"name":"wp","href":"https:\/\/api.w.org\/{rel}","templated":true}]}}