{"id":5479,"date":"2017-08-21T10:39:49","date_gmt":"2017-08-21T10:39:49","guid":{"rendered":"http:\/\/finnmarksarkivene.no\/?p=5479"},"modified":"2017-10-10T10:31:57","modified_gmt":"2017-10-10T10:31:57","slug":"privahtaarkiivaid-guvllolas-suodjalanplana-lea-mearriduvvon","status":"publish","type":"post","link":"https:\/\/finnmarksarkivene.no\/?p=5479","title":{"rendered":"Priv\u00e1htaarkiivaid guvllola\u0161 suodjalanpl\u00e1na lea mearriduvvon"},"content":{"rendered":"<p>Kultuvrra, \u00e1lbmotdearvva\u0161vuo\u0111a ja johtalusa v\u00e1ldol\u00e1vdegoddi lea mearridan Finnm\u00e1rkku priv\u00e1htaarkiivvaid suodjalanpl\u00e1na \u00e1igodahkii 2017-2027.<\/p>\n<p><a href=\"http:\/\/www.finnmarkfylkesbibliotek.no\/_f\/p1\/ie13d9bb1-62b3-4699-b82a-3b687f699fd3\/regional-bevaringsplan-for-privatarkiv-samisk.pdf\" target=\"_blank\" rel=\"noopener noreferrer\">Finnm\u00e1rkku priv\u00e1htaarkiivvaid suodjalanpl\u00e1na \u00e1igodahkii 2017-202787<\/a><\/p>\n<p><!--more--><\/p>\n<p>Ulbmil pl\u00e1nain lea fuolahit ahte priv\u00e1htaarkiivat sierranas deh\u00e1la\u0161 ja \u00e1idnalunddot servodatsurggiin seailluhuvvojit ja l\u00e1giduvvojit olbmuid ol\u00e1muddui boahtteva\u0161 \u00e1ig\u00e1i.<\/p>\n<p>Pl\u00e1nain lea \u00e1igumu\u0161 fuom\u00e1\u0161uhttit ahte leat m\u00e1\u014bga servodatsuorggi main eai leat seailluhuvvon prim\u00e1ra ja autenttala\u0161 g\u00e1ldut. Vuo\u0111\u0111ogea\u0111gefitnodagaid ja guovdilis organisa\u0161uvnnaid arkiivvat deattuhuvvojit leat deh\u00e1la\u017e\u017ean, ja ulbmil lea fuolahit ahte erenoam\u00e1\u017eit d\u00e1t leat doarv\u00e1i ovddastuvvon priv\u00e1htaarkiivvain.<\/p>\n<p>Pl\u00e1na v\u00e1lddahall\u00e1 \u00e1\u014bgiru\u0161\u0161ansurggiid ulbmilla\u0161 \u010dohkkema ja seailluheami v\u00e1r\u00e1s, ja \u010dielggada ovdamearkka dihtii ga\u017ealdagaid mat gusket arkiivamagasiinnaide mat leat l\u00e1hka\u00e1sahusa mielde, arkiivvaid l\u00e1gideapm\u00e1i geavaheami v\u00e1r\u00e1s ja gelbbola\u0161vuo\u0111a huksemii fylkkas. Pl\u00e1na evttoha doaibmabijuid Finnm\u00e1rkku arkiv\u00e1raid ovddideami v\u00e1r\u00e1s.<\/p>\n<p>Pl\u00e1na lea leama\u0161 gulaskuddamis, ja seailluhan\u00e1sahusat ja arkiv\u00e1rat leat o\u017e\u017eon vejola\u0161vuo\u0111a buktit oaiviliiddiset.<\/p>\n<p>Finnm\u00e1rkku priv\u00e1htaarkiivvaid suodjalanpl\u00e1na lea r\u00e1hkaduvvon d\u00e1n guovtti dokumeantta vuo\u0111ul: Region\u00e1la doaibmaprogr\u00e1mma bibliotehkaovddideami v\u00e1r\u00e1s \u00e1igodahkii 2017-2020 ja Riikkaantikv\u00e1ra strategiija priv\u00e1htaarkiivvaid v\u00e1r\u00e1s \u00e1igodahkii 2015-2020.<\/p>\n<p><a href=\"http:\/\/opengov.cloudapp.net\/Meetings\/ffk\/AgendaItems\/Details\/203065\" target=\"_blank\" rel=\"noopener noreferrer\">http:\/\/opengov.cloudapp.net\/Meetings\/ffk\/AgendaItems\/Details\/203065<\/a><\/p>\n","protected":false},"excerpt":{"rendered":"Kultuvrra, \u00e1lbmotdearvva\u0161vuo\u0111a ja johtalusa v\u00e1ldol\u00e1vdegoddi lea mearridan Finnm\u00e1rkku priv\u00e1htaarkiivvaid suodjalanpl\u00e1na \u00e1igodahkii 2017-2027. Finnm\u00e1rkku priv\u00e1htaarkiivvaid suodjalanpl\u00e1na \u00e1igodahkii 2017-202787","protected":false},"author":2,"featured_media":5446,"comment_status":"closed","ping_status":"closed","sticky":false,"template":"","format":"standard","meta":[],"categories":[4],"tags":[],"_links":{"self":[{"href":"https:\/\/finnmarksarkivene.no\/index.php?rest_route=\/wp\/v2\/posts\/5479"}],"collection":[{"href":"https:\/\/finnmarksarkivene.no\/index.php?rest_route=\/wp\/v2\/posts"}],"about":[{"href":"https:\/\/finnmarksarkivene.no\/index.php?rest_route=\/wp\/v2\/types\/post"}],"author":[{"embeddable":true,"href":"https:\/\/finnmarksarkivene.no\/index.php?rest_route=\/wp\/v2\/users\/2"}],"replies":[{"embeddable":true,"href":"https:\/\/finnmarksarkivene.no\/index.php?rest_route=%2Fwp%2Fv2%2Fcomments&post=5479"}],"version-history":[{"count":6,"href":"https:\/\/finnmarksarkivene.no\/index.php?rest_route=\/wp\/v2\/posts\/5479\/revisions"}],"predecessor-version":[{"id":5534,"href":"https:\/\/finnmarksarkivene.no\/index.php?rest_route=\/wp\/v2\/posts\/5479\/revisions\/5534"}],"wp:featuredmedia":[{"embeddable":true,"href":"https:\/\/finnmarksarkivene.no\/index.php?rest_route=\/wp\/v2\/media\/5446"}],"wp:attachment":[{"href":"https:\/\/finnmarksarkivene.no\/index.php?rest_route=%2Fwp%2Fv2%2Fmedia&parent=5479"}],"wp:term":[{"taxonomy":"category","embeddable":true,"href":"https:\/\/finnmarksarkivene.no\/index.php?rest_route=%2Fwp%2Fv2%2Fcategories&post=5479"},{"taxonomy":"post_tag","embeddable":true,"href":"https:\/\/finnmarksarkivene.no\/index.php?rest_route=%2Fwp%2Fv2%2Ftags&post=5479"}],"curies":[{"name":"wp","href":"https:\/\/api.w.org\/{rel}","templated":true}]}}