{"id":5525,"date":"2017-10-10T10:22:22","date_gmt":"2017-10-10T10:22:22","guid":{"rendered":"http:\/\/finnmarksarkivene.no\/?p=5525"},"modified":"2017-11-08T08:21:43","modified_gmt":"2017-11-08T08:21:43","slug":"arkivdagen-2017-i-finnmark-arkiivabeaivi-2017-finnmarkkus","status":"publish","type":"post","link":"https:\/\/finnmarksarkivene.no\/?p=5525","title":{"rendered":"Arkivdagen 2017 i Finnmark \u2013 Arkiivabeaivi 2017 Finnm\u00e1rkkus"},"content":{"rendered":"<p>Som vanlig arrangeres <strong>Arkivdagen<\/strong> i november. Nu go d\u00e1b\u00e1la\u010d\u010dat de l\u00e1giduvvo <strong>Arkiivabeaivi<\/strong> sk\u00e1bmam\u00e1nus.<\/p>\n<p><!--more--><\/p>\n<p>Institusjonene i Finnmarksarkivene deltar p\u00e5 markeringen med f\u00f8lgende arrangementer i Vads\u00f8, Kautokeino og Troms\u00f8:<\/p>\n<p><strong>I Vads\u00f8:<\/strong><\/p>\n<p>Arkivdagen arrangeres p\u00e5 Vads\u00f8 bibliotek, l\u00f8rdag 11. november kl. 12:00 &#8211; 14:00.\u00a0 Tema er Finland og Norge: Samtid, identitet og samarbeid, i forbindelse med Finland 100 \u00e5r.<\/p>\n<p>\u00c5pning av fotoutstilling \u00abFinlendere i Finnmark\u00bb. Produsert av Finnmark fylkesbiblioteks foto- og privatarkivavdeling, basert p\u00e5 portrett fra 12 finlendere som har flyttet til Finnmark etter 1960. Ved Sonja Siltala og Helena Maliniemi, Finnmark fylkesbibliotek.<\/p>\n<p>Foredrag: Kjell Dragnes: Norsk perspektiv p\u00e5 Finland i dag.<br \/>\nForedrag: Nils Petter Pedersen:\u00a0Hvordan overlever v\u00e5r finske r\u00f8tter i Norge ?<br \/>\nLitter\u00e6rt innslag: Sirkka A. L. Berg leser egne dikt.<br \/>\nServering: Kaffe og lokalt finsk bakverk<\/p>\n<p>OBS! Fotoutstillingen vises ogs\u00e5 p\u00e5 Porsanger bibliotek onsdag 29. 11. kl. 18:00. Arrangementet er samarbeid med Lakselv Norsk-finsk forening, Porsanger bibliotek og Finnmark fylkesbibliotek.<\/p>\n<p><a class=\"InnholdLinkTekst \" href=\"https:\/\/www.facebook.com\/events\/127319691310308\/?acontext=%7B%22source%22%3A5%2C%22page_id_source%22%3A105381959519332%2C%22action_history%22%3A[%7B%22surface%22%3A%22page%22%2C%22mechanism%22%3A%22main_list%22%2C%22extra_data%22%3A%22%7B%5C%22page_id%5C%22%3A105381959519332%2C%5C%22tour_id%5C%22%3Anull%7D%22%7D]%2C%22has_source%22%3Atrue%7D\" target=\"_blank\" rel=\"noopener noreferrer\">G\u00e5 til arrangementsiden\u00a0p\u00e5 Facebook<\/a><\/p>\n<p><strong>I Troms\u00f8:<\/strong><\/p>\n<p>Arkivdagen arrangeres p\u00e5 Statsarkivet i Troms\u00f8, l\u00f8rdag 11.11. kl. 11-15.<\/p>\n<p><span class=\"_4n-j _3cht fsl\" data-testid=\"event-permalink-details\">Program<\/span><\/p>\n<p>kl. 11.30 Boklansering<br \/>\nLiv Helene Wilumsen: &#8220;Trolldomsprosessene i Finnmark og formidling av de historiske kildene&#8221;<\/p>\n<p>kl. 12.30 Harald Lindbach: &#8220;Fra den store nordiske krig til Vesterhavet &#8211; Kvenene i Troms p\u00e5 1700-tallet&#8221;<\/p>\n<p>kl. 1330 Omvisning i magasinene<\/p>\n<p>Lesesalen er \u00e5pen<\/p>\n<p><a href=\"https:\/\/www.facebook.com\/statsarkivettromso\/?hc_ref=ARSvc7U1ZoOCRZg2w-gk7g70biOhelsmqLIwnMYwaZQ6dlEU5eGw91D7e7Fov5bpgJE\" target=\"_blank\" rel=\"noopener noreferrer\">G\u00e5 til arrangementsiden p\u00e5 Facebook<\/a><\/p>\n<p><strong>I Kautokeino:<\/strong><\/p>\n<p><span class=\"_4n-j _3cht fsl\" data-testid=\"event-permalink-details\">Arkiivabeaivi 2017! F\u00e1dd\u00e1 lea intern\u00e1httaeallin Finnm\u00e1rkkus. Logaldallan ja \u010d\u00e1j\u00e1hus &#8211; oasit arkiivvas. L\u00e1gideapmi lea ovttasbargu gaskal Guovdageainnu gili\u0161iljju, IKA Finnm\u00e1rkku IKS, S\u00e1mi allaskuvla ja S\u00e1mi arkiivva. Snoahpamu\u0161.<\/span><\/p>\n<p>Arkivdagen arrangeres p\u00e5 Kautokeino bygdetun, torsdag 16. november kl. 18-21<br \/>\nArrangementet er et samarbeid mellom Kautokeino bygdetun, IKA-Finnmark IKS, Samisk h\u00f8gskole og Samisk arkiv.<\/p>\n<p>Tema er internatliv i Finnmark.<br \/>\nForedrag og utstilling &#8211; utdrag fra arkivet.<\/p>\n<p>Enkel servering. Velkommen!<\/p>\n<p><a href=\"https:\/\/www.facebook.com\/Samisk-arkiv-S%C3%A1mi-Arkiiva-249999021688120\/\" target=\"_blank\" rel=\"noopener noreferrer\">G\u00e5 til arrangementside p\u00e5 Facebook<\/a><\/p>\n<p>&nbsp;<\/p>\n","protected":false},"excerpt":{"rendered":"Som vanlig arrangeres Arkivdagen i november. Nu go d\u00e1b\u00e1la\u010d\u010dat de l\u00e1giduvvo Arkiivabeaivi sk\u00e1bmam\u00e1nus.","protected":false},"author":1,"featured_media":5526,"comment_status":"closed","ping_status":"closed","sticky":false,"template":"","format":"standard","meta":[],"categories":[11],"tags":[],"_links":{"self":[{"href":"https:\/\/finnmarksarkivene.no\/index.php?rest_route=\/wp\/v2\/posts\/5525"}],"collection":[{"href":"https:\/\/finnmarksarkivene.no\/index.php?rest_route=\/wp\/v2\/posts"}],"about":[{"href":"https:\/\/finnmarksarkivene.no\/index.php?rest_route=\/wp\/v2\/types\/post"}],"author":[{"embeddable":true,"href":"https:\/\/finnmarksarkivene.no\/index.php?rest_route=\/wp\/v2\/users\/1"}],"replies":[{"embeddable":true,"href":"https:\/\/finnmarksarkivene.no\/index.php?rest_route=%2Fwp%2Fv2%2Fcomments&post=5525"}],"version-history":[{"count":12,"href":"https:\/\/finnmarksarkivene.no\/index.php?rest_route=\/wp\/v2\/posts\/5525\/revisions"}],"predecessor-version":[{"id":5635,"href":"https:\/\/finnmarksarkivene.no\/index.php?rest_route=\/wp\/v2\/posts\/5525\/revisions\/5635"}],"wp:featuredmedia":[{"embeddable":true,"href":"https:\/\/finnmarksarkivene.no\/index.php?rest_route=\/wp\/v2\/media\/5526"}],"wp:attachment":[{"href":"https:\/\/finnmarksarkivene.no\/index.php?rest_route=%2Fwp%2Fv2%2Fmedia&parent=5525"}],"wp:term":[{"taxonomy":"category","embeddable":true,"href":"https:\/\/finnmarksarkivene.no\/index.php?rest_route=%2Fwp%2Fv2%2Fcategories&post=5525"},{"taxonomy":"post_tag","embeddable":true,"href":"https:\/\/finnmarksarkivene.no\/index.php?rest_route=%2Fwp%2Fv2%2Ftags&post=5525"}],"curies":[{"name":"wp","href":"https:\/\/api.w.org\/{rel}","templated":true}]}}