{"id":5543,"date":"2017-10-17T13:02:37","date_gmt":"2017-10-17T13:02:37","guid":{"rendered":"http:\/\/finnmarksarkivene.no\/?p=5543"},"modified":"2019-03-11T13:54:14","modified_gmt":"2019-03-11T13:54:14","slug":"peder-holt-arkivet","status":"publish","type":"post","link":"https:\/\/finnmarksarkivene.no\/?p=5543","title":{"rendered":"Peder Holt &#8211; arkivet"},"content":{"rendered":"<p>Arkivet er gave fra Lisbeth Holt, og inneholder taler som Holt holdte i ulike anledninger.\u00a0 Peder Ragnar Holt (f\u00f8dt 1899 i Vard\u00f8, d\u00f8d i 1963 i Vads\u00f8) var en norsk pressemann og politiker. Han var konstituert fylkesmann i Finnmark i perioden 1944-1945 da fylkesmann Hans Gabrielsen satt fortsatt internert p\u00e5 Grini, og fylkesmann fra 1948 til han d\u00f8de i 1963. Han er s\u00e6rlig kjent for innsatsen for \u00e5 etablere sivilt styre i Finnmark etter den tyske tilbaketrekningen. Holt ble fra 1943 involvert i London-regjeringens hemmelige forberedelser til frigj\u00f8ringen av Finnmark. <!--more--><\/p>\n<p>Holt var konsultativ statsr\u00e5d i Einar Gerhardsens 2. regjering fra 5. november 1945 til 30. juni 1948. og fiskeriminister i Oscar Torps regjering 19. november 1951-22. januar 1955. Holt satt ogs\u00e5 som ordf\u00f8rer i Vard\u00f8 kommune fra 1931 til 1941.\u00a0\u00a0 Han var ogs\u00e5 redakt\u00f8r av den radikale avisen Finnmarken i 1924-1940. Han ble tildelt kommand\u00f6rstecknet av 1. klass av Finlands Lejons orden.<\/p>\n<p><strong>\u00a0<\/strong><\/p>\n<table>\n<tbody>\n<tr>\n<td width=\"196\">Arkivnavn<\/td>\n<td width=\"416\">Peder Holt &#8211; arkivet<\/td>\n<\/tr>\n<tr>\n<td width=\"196\">Arkivskaper<\/td>\n<td width=\"416\">Peder Holt<\/td>\n<\/tr>\n<tr>\n<td width=\"196\">Arkivref (id)<\/td>\n<td width=\"416\">FMFB\/PA\/1159<\/td>\n<\/tr>\n<tr>\n<td width=\"196\">Reg.base<\/td>\n<td width=\"416\">Asta<\/td>\n<\/tr>\n<tr>\n<td width=\"196\">Publ. base (evt. link til katalogen)<\/td>\n<td width=\"416\">Arkivportalen<\/td>\n<\/tr>\n<tr>\n<td width=\"196\">Type materiale, ev. ogs\u00e5 innholdstype<\/td>\n<td width=\"416\">Taler<\/td>\n<\/tr>\n<tr>\n<td width=\"196\">Tidsperiode<\/td>\n<td width=\"416\">1945-1959<\/td>\n<\/tr>\n<tr>\n<td width=\"196\">Type virksomhet<\/td>\n<td width=\"416\">Taler<\/td>\n<\/tr>\n<tr>\n<td width=\"196\">Sted \/ omr\u00e5de<\/td>\n<td width=\"416\">Vads\u00f8, Vard\u00f8<\/td>\n<\/tr>\n<tr>\n<td width=\"196\">Spr\u00e5k<\/td>\n<td width=\"416\">Norsk<\/td>\n<\/tr>\n<tr>\n<td width=\"196\">Ordningsgrad<\/td>\n<td width=\"416\">ordnet<\/td>\n<\/tr>\n<tr>\n<td width=\"196\">Omfang<\/td>\n<td width=\"416\">21 st. taler<\/td>\n<\/tr>\n<tr>\n<td width=\"196\">Arkivliste<\/td>\n<td width=\"416\"><a href=\"https:\/\/finnmarksarkivene.no\/wp-content\/uploads\/2017\/10\/A-0159-Peder-Holt-arkivet.pdf\" target=\"_blank\" rel=\"noopener\">A-0159 Peder Holt-arkivet<\/a><\/td>\n<\/tr>\n<tr>\n<td width=\"196\">Digitalisering (evt. link til dig. filer)<\/td>\n<td width=\"416\"><\/td>\n<\/tr>\n<tr>\n<td width=\"196\">Oppbevarings- \/deponeringssted<\/td>\n<td width=\"416\">Finnmark fylkesbibliotek<\/td>\n<\/tr>\n<tr>\n<td width=\"196\">Kontaktopplysninger<\/td>\n<td width=\"416\"><a href=\"http:\/\/www.finnmarkfylkesbibliotek.no\/tjenester\/privatarkiv\/\" target=\"_blank\" rel=\"noopener noreferrer\">Finnmark fylkesbibliotek<\/a><\/td>\n<\/tr>\n<tr>\n<td width=\"196\">Spesielle bemerkninger<\/p>\n<p>(fysisk tilstand, klausul osv.)<\/td>\n<td width=\"416\">\n<p><div id=\"attachment_5547\" style=\"width: 263px\" class=\"wp-caption alignleft\"><a href=\"https:\/\/finnmarksarkivene.no\/wp-content\/uploads\/2017\/10\/Statsr\u00e5d-Peder-Holt-i-1946.jpg\"><img aria-describedby=\"caption-attachment-5547\" loading=\"lazy\" class=\"size-medium wp-image-5547\" src=\"https:\/\/finnmarksarkivene.no\/wp-content\/uploads\/2017\/10\/Statsr\u00e5d-Peder-Holt-i-1946-253x300.jpg\" alt=\"\" width=\"253\" height=\"300\" srcset=\"https:\/\/finnmarksarkivene.no\/wp-content\/uploads\/2017\/10\/Statsr\u00e5d-Peder-Holt-i-1946-253x300.jpg 253w, https:\/\/finnmarksarkivene.no\/wp-content\/uploads\/2017\/10\/Statsr\u00e5d-Peder-Holt-i-1946-768x911.jpg 768w, https:\/\/finnmarksarkivene.no\/wp-content\/uploads\/2017\/10\/Statsr\u00e5d-Peder-Holt-i-1946-863x1024.jpg 863w, https:\/\/finnmarksarkivene.no\/wp-content\/uploads\/2017\/10\/Statsr\u00e5d-Peder-Holt-i-1946.jpg 1045w\" sizes=\"(max-width: 253px) 100vw, 253px\" \/><\/a><p id=\"caption-attachment-5547\" class=\"wp-caption-text\">Portrett av statsr\u00e5d Peder Holt, tatt 1946. Arkiv: Finnmark fylkesbibliotek<\/p><\/div><\/td>\n<\/tr>\n<\/tbody>\n<\/table>\n","protected":false},"excerpt":{"rendered":"Arkivet er gave fra Lisbeth Holt, og inneholder taler som Holt holdte i ulike anledninger.\u00a0 Peder Ragnar Holt (f\u00f8dt 1899 i Vard\u00f8, d\u00f8d i 1963 i Vads\u00f8) var en norsk pressemann og politiker. Han var konstituert fylkesmann i Finnmark i perioden 1944-1945 da fylkesmann Hans Gabrielsen satt fortsatt internert p\u00e5 Grini, og fylkesmann fra 1948 [&hellip;]","protected":false},"author":1,"featured_media":5547,"comment_status":"closed","ping_status":"closed","sticky":false,"template":"","format":"standard","meta":[],"categories":[27,28],"tags":[265,272,63,65],"_links":{"self":[{"href":"https:\/\/finnmarksarkivene.no\/index.php?rest_route=\/wp\/v2\/posts\/5543"}],"collection":[{"href":"https:\/\/finnmarksarkivene.no\/index.php?rest_route=\/wp\/v2\/posts"}],"about":[{"href":"https:\/\/finnmarksarkivene.no\/index.php?rest_route=\/wp\/v2\/types\/post"}],"author":[{"embeddable":true,"href":"https:\/\/finnmarksarkivene.no\/index.php?rest_route=\/wp\/v2\/users\/1"}],"replies":[{"embeddable":true,"href":"https:\/\/finnmarksarkivene.no\/index.php?rest_route=%2Fwp%2Fv2%2Fcomments&post=5543"}],"version-history":[{"count":6,"href":"https:\/\/finnmarksarkivene.no\/index.php?rest_route=\/wp\/v2\/posts\/5543\/revisions"}],"predecessor-version":[{"id":7130,"href":"https:\/\/finnmarksarkivene.no\/index.php?rest_route=\/wp\/v2\/posts\/5543\/revisions\/7130"}],"wp:featuredmedia":[{"embeddable":true,"href":"https:\/\/finnmarksarkivene.no\/index.php?rest_route=\/wp\/v2\/media\/5547"}],"wp:attachment":[{"href":"https:\/\/finnmarksarkivene.no\/index.php?rest_route=%2Fwp%2Fv2%2Fmedia&parent=5543"}],"wp:term":[{"taxonomy":"category","embeddable":true,"href":"https:\/\/finnmarksarkivene.no\/index.php?rest_route=%2Fwp%2Fv2%2Fcategories&post=5543"},{"taxonomy":"post_tag","embeddable":true,"href":"https:\/\/finnmarksarkivene.no\/index.php?rest_route=%2Fwp%2Fv2%2Ftags&post=5543"}],"curies":[{"name":"wp","href":"https:\/\/api.w.org\/{rel}","templated":true}]}}