{"id":5645,"date":"2017-11-09T11:42:45","date_gmt":"2017-11-09T11:42:45","guid":{"rendered":"http:\/\/finnmarksarkivene.no\/?p=5645"},"modified":"2017-11-09T11:53:18","modified_gmt":"2017-11-09T11:53:18","slug":"arkiivabeaivi-guovdageainnus","status":"publish","type":"post","link":"https:\/\/finnmarksarkivene.no\/?p=5645","title":{"rendered":"Arkiivabeaivi Guovdageainnus!"},"content":{"rendered":"<p>Duorastaga 16.11.2017 dii. 18:00 Guovdageainnu gili\u0161iljus (Boares intern\u00e1htas). F\u00e1dd\u00e1: Intern\u00e1httaeallin Finnm\u00e1rkkus. L\u00e1gideapmi lea ovttasbargu gaskal Guovdageainnu gili\u0161ilju, IKA Finnm\u00e1rkku IKS, S\u00e1mi allaskuvla ja S\u00e1mi arkiivva.<\/p>\n<p>Arkivdagen arrangeres p\u00e5 Kautokeino bygdetun (Gamle internatet), torsdag 16. november kl. 18. Tema: Internatliv i Finnmark. Arrangementet er et samarbeid mellom Kautokeino bygdetun, IKA-Finnmark IKS, Samisk h\u00f8gskole og Samisk arkiv.<!--more--><\/p>\n<p>Logaldallan ja \u010d\u00e1j\u00e1hus \u2013 oasit arkiivvas.<\/p>\n<p>Snoahpamu\u0161. Bures boahtin!<\/p>\n<p><a href=\"https:\/\/finnmarksarkivene.no\/wp-content\/uploads\/2017\/11\/Samisk-arkiv-Program-Arkivdagen-2017-pdf-2.pdf\" target=\"_blank\" rel=\"noopener noreferrer\">Programme <\/a><\/p>\n<p><a href=\"https:\/\/www.facebook.com\/events\/1990248614588493\/\" target=\"_blank\" rel=\"noopener noreferrer\">https:\/\/www.facebook.com\/events\/1990248614588493\/<\/a><\/p>\n<p>Foredrag og utstilling \u2013 utdrag fra arkivet.<\/p>\n<p>Enkel servering. Velkommen!<\/p>\n<p><a href=\"https:\/\/finnmarksarkivene.no\/wp-content\/uploads\/2017\/11\/Samisk-arkiv-Program-Arkivdagen-2017-pdf-2.pdf\" target=\"_blank\" rel=\"noopener noreferrer\">\u00a0Program <\/a><\/p>\n<p><a href=\"https:\/\/www.facebook.com\/events\/1990248614588493\/\" target=\"_blank\" rel=\"noopener noreferrer\">https:\/\/www.facebook.com\/events\/1990248614588493\/<\/a><\/p>\n","protected":false},"excerpt":{"rendered":"Duorastaga 16.11.2017 dii. 18:00 Guovdageainnu gili\u0161iljus (Boares intern\u00e1htas). F\u00e1dd\u00e1: Intern\u00e1httaeallin Finnm\u00e1rkkus. L\u00e1gideapmi lea ovttasbargu gaskal Guovdageainnu gili\u0161ilju, IKA Finnm\u00e1rkku IKS, S\u00e1mi allaskuvla ja S\u00e1mi arkiivva. Arkivdagen arrangeres p\u00e5 Kautokeino bygdetun (Gamle internatet), torsdag 16. november kl. 18. Tema: Internatliv i Finnmark. Arrangementet er et samarbeid mellom Kautokeino bygdetun, IKA-Finnmark IKS, Samisk h\u00f8gskole og Samisk arkiv.","protected":false},"author":1,"featured_media":5647,"comment_status":"closed","ping_status":"closed","sticky":false,"template":"","format":"standard","meta":[],"categories":[11,4],"tags":[375],"_links":{"self":[{"href":"https:\/\/finnmarksarkivene.no\/index.php?rest_route=\/wp\/v2\/posts\/5645"}],"collection":[{"href":"https:\/\/finnmarksarkivene.no\/index.php?rest_route=\/wp\/v2\/posts"}],"about":[{"href":"https:\/\/finnmarksarkivene.no\/index.php?rest_route=\/wp\/v2\/types\/post"}],"author":[{"embeddable":true,"href":"https:\/\/finnmarksarkivene.no\/index.php?rest_route=\/wp\/v2\/users\/1"}],"replies":[{"embeddable":true,"href":"https:\/\/finnmarksarkivene.no\/index.php?rest_route=%2Fwp%2Fv2%2Fcomments&post=5645"}],"version-history":[{"count":4,"href":"https:\/\/finnmarksarkivene.no\/index.php?rest_route=\/wp\/v2\/posts\/5645\/revisions"}],"predecessor-version":[{"id":5653,"href":"https:\/\/finnmarksarkivene.no\/index.php?rest_route=\/wp\/v2\/posts\/5645\/revisions\/5653"}],"wp:featuredmedia":[{"embeddable":true,"href":"https:\/\/finnmarksarkivene.no\/index.php?rest_route=\/wp\/v2\/media\/5647"}],"wp:attachment":[{"href":"https:\/\/finnmarksarkivene.no\/index.php?rest_route=%2Fwp%2Fv2%2Fmedia&parent=5645"}],"wp:term":[{"taxonomy":"category","embeddable":true,"href":"https:\/\/finnmarksarkivene.no\/index.php?rest_route=%2Fwp%2Fv2%2Fcategories&post=5645"},{"taxonomy":"post_tag","embeddable":true,"href":"https:\/\/finnmarksarkivene.no\/index.php?rest_route=%2Fwp%2Fv2%2Ftags&post=5645"}],"curies":[{"name":"wp","href":"https:\/\/api.w.org\/{rel}","templated":true}]}}