{"id":5780,"date":"2018-01-11T13:12:25","date_gmt":"2018-01-11T13:12:25","guid":{"rendered":"http:\/\/finnmarksarkivene.no\/?p=5780"},"modified":"2018-01-11T13:12:25","modified_gmt":"2018-01-11T13:12:25","slug":"skoledirektor-lyder-aarseths-evakueringsbrev","status":"publish","type":"post","link":"https:\/\/finnmarksarkivene.no\/?p=5780","title":{"rendered":"Skoledirekt\u00f8r Lyder Aarseths evakueringsbrev"},"content":{"rendered":"<p>Lyder Aarseth (1886-1951) var l\u00e6rer og lokalpolitiker. Aarseth var formann i Vest-Finnmark krets av Noregs l\u00e6rerlag 1926-27, og fra 1923 var han ordf\u00f8rer i Kautokeino. I 1926 ble han valgt til formann i Finnmark fylkesting. Han bodde i Vads\u00f8 fra 1934 til 1951, da Lyder Aarseth d\u00f8de. Arkivet inneholder et brev som handler om hendelser under evakueringen fra Vads\u00f8 til Dyr\u00f8y i Troms. \u00a0Brevet er adressert til Jakob Matzow (dav\u00e6rende vegsjef i Finnmark) med familie og datert 11. mars 1945 i Kastnes<\/p>\n<p><!--more--><\/p>\n<table>\n<tbody>\n<tr>\n<td width=\"196\">Arkivnavn<\/td>\n<td width=\"416\">Skoledirekt\u00f8r Lyder Aarseths evakueringsbrev<\/p>\n<p><strong>\u00a0<\/strong><\/td>\n<\/tr>\n<tr>\n<td width=\"196\">Arkivskaper<\/td>\n<td width=\"416\">Lyder Aarseth<\/td>\n<\/tr>\n<tr>\n<td width=\"196\">Arkivref (id)<\/td>\n<td width=\"416\">FMFB\/PA\/1184<\/td>\n<\/tr>\n<tr>\n<td width=\"196\">Reg.base<\/td>\n<td width=\"416\">Asta<\/td>\n<\/tr>\n<tr>\n<td width=\"196\">Publ. base (evt. link til katalogen)<\/td>\n<td width=\"416\"><a href=\"http:\/\/www.arkivportalen.no\/side\/arkiv\/detaljer?arkivId=no-FMFB_arkiv_000000004705\" target=\"_blank\" rel=\"noopener noreferrer\">Arkivportalen<\/a><\/td>\n<\/tr>\n<tr>\n<td width=\"196\">Type materiale, ev. ogs\u00e5 innholdstype<\/td>\n<td width=\"416\">Et brev som handler om hendelser under evakueringen fra Vads\u00f8 til Dyr\u00f8y i Troms. \u00a0Brevet er adressert til Jakob Matzow (dav\u00e6rende vegsjef i Finnmark) med familie og datert 11. mars 1945 i Kastnes<\/p>\n<p>&nbsp;<\/td>\n<\/tr>\n<tr>\n<td width=\"196\">Tidsperiode<\/td>\n<td width=\"416\">11. mars 1945<\/td>\n<\/tr>\n<tr>\n<td width=\"196\">Type virksomhet<\/td>\n<td width=\"416\">&nbsp;<\/td>\n<\/tr>\n<tr>\n<td width=\"196\">Sted \/ omr\u00e5de<\/td>\n<td width=\"416\">&nbsp;<\/td>\n<\/tr>\n<tr>\n<td width=\"196\">Spr\u00e5k<\/td>\n<td width=\"416\">Norsk<\/td>\n<\/tr>\n<tr>\n<td width=\"196\">Ordningsgrad<\/td>\n<td width=\"416\">ordnet<\/td>\n<\/tr>\n<tr>\n<td width=\"196\">Omfang<\/td>\n<td width=\"416\">&nbsp;<\/td>\n<\/tr>\n<tr>\n<td width=\"196\">Arkivliste<\/td>\n<td width=\"416\"><a href=\"https:\/\/finnmarksarkivene.no\/wp-content\/uploads\/2018\/01\/A-0184-Skoledirekt\u00f8r-L.-Aars\u00e6thers-evakueringsbrev-1945.pdf\" target=\"_blank\" rel=\"noopener noreferrer\">A-0184 Skoledirekt\u00f8r L. Aarseths evakueringsbrev 1945<\/a><\/td>\n<\/tr>\n<tr>\n<td width=\"196\">Digitalisering (evt. link til dig. filer)<\/td>\n<td width=\"416\">&nbsp;<\/td>\n<\/tr>\n<tr>\n<td width=\"196\">Oppbevarings- \/deponeringssted<\/td>\n<td width=\"416\">Finnmark fylkesbibliotek<\/td>\n<\/tr>\n<tr>\n<td width=\"196\">Kontaktopplysninger<\/td>\n<td width=\"416\"><a href=\"http:\/\/www.finnmarkfylkesbibliotek.no\/tjenester\/privatarkiv\/\" target=\"_blank\" rel=\"noopener noreferrer\">Finnmark fylkesbibliotek<\/a><\/td>\n<\/tr>\n<tr>\n<td width=\"196\">Spesielle bemerkninger<\/p>\n<p>(fysisk tilstand, klausul osv.)<\/td>\n<td width=\"416\">&nbsp;<\/td>\n<\/tr>\n<\/tbody>\n<\/table>\n<p>&nbsp;<\/p>\n","protected":false},"excerpt":{"rendered":"Lyder Aarseth (1886-1951) var l\u00e6rer og lokalpolitiker. Aarseth var formann i Vest-Finnmark krets av Noregs l\u00e6rerlag 1926-27, og fra 1923 var han ordf\u00f8rer i Kautokeino. I 1926 ble han valgt til formann i Finnmark fylkesting. Han bodde i Vads\u00f8 fra 1934 til 1951, da Lyder Aarseth d\u00f8de. Arkivet inneholder et brev som handler om hendelser [&hellip;]","protected":false},"author":1,"featured_media":0,"comment_status":"closed","ping_status":"closed","sticky":false,"template":"","format":"standard","meta":[],"categories":[145],"tags":[201,265],"_links":{"self":[{"href":"https:\/\/finnmarksarkivene.no\/index.php?rest_route=\/wp\/v2\/posts\/5780"}],"collection":[{"href":"https:\/\/finnmarksarkivene.no\/index.php?rest_route=\/wp\/v2\/posts"}],"about":[{"href":"https:\/\/finnmarksarkivene.no\/index.php?rest_route=\/wp\/v2\/types\/post"}],"author":[{"embeddable":true,"href":"https:\/\/finnmarksarkivene.no\/index.php?rest_route=\/wp\/v2\/users\/1"}],"replies":[{"embeddable":true,"href":"https:\/\/finnmarksarkivene.no\/index.php?rest_route=%2Fwp%2Fv2%2Fcomments&post=5780"}],"version-history":[{"count":1,"href":"https:\/\/finnmarksarkivene.no\/index.php?rest_route=\/wp\/v2\/posts\/5780\/revisions"}],"predecessor-version":[{"id":5782,"href":"https:\/\/finnmarksarkivene.no\/index.php?rest_route=\/wp\/v2\/posts\/5780\/revisions\/5782"}],"wp:attachment":[{"href":"https:\/\/finnmarksarkivene.no\/index.php?rest_route=%2Fwp%2Fv2%2Fmedia&parent=5780"}],"wp:term":[{"taxonomy":"category","embeddable":true,"href":"https:\/\/finnmarksarkivene.no\/index.php?rest_route=%2Fwp%2Fv2%2Fcategories&post=5780"},{"taxonomy":"post_tag","embeddable":true,"href":"https:\/\/finnmarksarkivene.no\/index.php?rest_route=%2Fwp%2Fv2%2Ftags&post=5780"}],"curies":[{"name":"wp","href":"https:\/\/api.w.org\/{rel}","templated":true}]}}