{"id":5926,"date":"2018-02-23T10:47:45","date_gmt":"2018-02-23T10:47:45","guid":{"rendered":"http:\/\/finnmarksarkivene.no\/?p=5926"},"modified":"2019-02-19T14:01:03","modified_gmt":"2019-02-19T14:01:03","slug":"5926","status":"publish","type":"post","link":"https:\/\/finnmarksarkivene.no\/?p=5926","title":{"rendered":"Bj\u00f8rn Henrik Mathisens arkiv"},"content":{"rendered":"<p>Bj\u00f8rn Henrik Mathisen (1930-2017) ble f\u00f8dt og vokste opp i Berlev\u00e5g. I Vads\u00f8 bodde han fra 1960 da han kom til Kiby. Der tiltr\u00e5dte han sin f\u00f8rste jobb som l\u00e6rer. De siste \u00e5rene i arbeidslivet hadde han en administrativ funksjon hos undervisningsinspekt\u00f8ren. Det er f\u00f8rst og fremst den kulturelle virksomheten som gjorde han lokalkjent i Vads\u00f8.<\/p>\n<p><!--more--><\/p>\n<table>\n<tbody>\n<tr>\n<td width=\"196\">Arkivnavn<\/td>\n<td width=\"416\">Bj\u00f8rn Henrik Mathisens arkiv<\/td>\n<\/tr>\n<tr>\n<td width=\"196\">Arkivskaper<\/td>\n<td width=\"416\">Bj\u00f8rn Henrik Mathisen<\/td>\n<\/tr>\n<tr>\n<td width=\"196\">Arkivref (id)<\/td>\n<td width=\"416\">FMFB\/PA<\/td>\n<\/tr>\n<tr>\n<td width=\"196\">Reg.base<\/td>\n<td width=\"416\">Asta<\/td>\n<\/tr>\n<tr>\n<td width=\"196\">Publ. base (evt. link til katalogen)<\/td>\n<td width=\"416\"><a href=\"http:\/\/www.arkivportalen.no\/side\/arkiv\/detaljer?arkivId=no-FMFB_arkiv_000000004854\" target=\"_blank\" rel=\"noopener\">Arkivportalen<\/a><\/td>\n<\/tr>\n<tr>\n<td width=\"196\">Type materiale, ev. ogs\u00e5 innholdstype<\/td>\n<td width=\"416\">Sangtekster, limerick, arbeidsskisser og omfattende fotosamling, samt en eske \u00e6resmedaljer. Fotografiene er arkivert og registrert p\u00e5 fotoarkivet, med tilvekstnr. 18044:001-3115<\/td>\n<\/tr>\n<tr>\n<td width=\"196\">Tidsperiode<\/td>\n<td width=\"416\">1950-2017<\/td>\n<\/tr>\n<tr>\n<td width=\"196\">Type virksomhet<\/td>\n<td width=\"416\"><\/td>\n<\/tr>\n<tr>\n<td width=\"196\">Sted \/ omr\u00e5de<\/td>\n<td width=\"416\">Vads\u00f8<\/td>\n<\/tr>\n<tr>\n<td width=\"196\">Spr\u00e5k<\/td>\n<td width=\"416\"><\/td>\n<\/tr>\n<tr>\n<td width=\"196\">Ordningsgrad<\/td>\n<td width=\"416\">Ordnet<\/td>\n<\/tr>\n<tr>\n<td width=\"196\">Omfang<\/td>\n<td width=\"416\">30 arkivmapper og 6 arkivesker fotografier<\/td>\n<\/tr>\n<tr>\n<td width=\"196\">Arkivliste<\/td>\n<td width=\"416\"><a href=\"https:\/\/asta-content-repo.s3-us-west-2.amazonaws.com\/no-FMFB_arkiv_000000004858-2.pdf\" target=\"_blank\" rel=\"noopener\">A-0190 Bj\u00f8rn Henrik Mathisens arkiv<\/a><\/td>\n<\/tr>\n<tr>\n<td width=\"196\">Digitalisering (evt. link til dig. filer)<\/td>\n<td width=\"416\">nei<\/td>\n<\/tr>\n<tr>\n<td width=\"196\">Oppbevarings- \/deponeringssted<\/td>\n<td width=\"416\">Finnmark fylkesbibliotek<\/td>\n<\/tr>\n<tr>\n<td width=\"196\">Kontaktopplysninger<\/td>\n<td width=\"416\"><a href=\"http:\/\/www.finnmarkfylkesbibliotek.no\/tjenester\/privatarkiv\/\" target=\"_blank\" rel=\"noopener\">http:\/\/www.fm.fylkesbibl.no\/web\/<\/a><\/td>\n<\/tr>\n<tr>\n<td width=\"196\">Spesielle bemerkninger<\/p>\n<p>(fysisk tilstand, klausul osv.)<\/td>\n<td width=\"416\"><\/td>\n<\/tr>\n<\/tbody>\n<\/table>\n<p>&nbsp;<\/p>\n","protected":false},"excerpt":{"rendered":"Bj\u00f8rn Henrik Mathisen (1930-2017) ble f\u00f8dt og vokste opp i Berlev\u00e5g. I Vads\u00f8 bodde han fra 1960 da han kom til Kiby. Der tiltr\u00e5dte han sin f\u00f8rste jobb som l\u00e6rer. De siste \u00e5rene i arbeidslivet hadde han en administrativ funksjon hos undervisningsinspekt\u00f8ren. Det er f\u00f8rst og fremst den kulturelle virksomheten som gjorde han lokalkjent i [&hellip;]","protected":false},"author":2,"featured_media":5951,"comment_status":"closed","ping_status":"closed","sticky":false,"template":"","format":"standard","meta":[],"categories":[140],"tags":[64,96,228,272,63],"_links":{"self":[{"href":"https:\/\/finnmarksarkivene.no\/index.php?rest_route=\/wp\/v2\/posts\/5926"}],"collection":[{"href":"https:\/\/finnmarksarkivene.no\/index.php?rest_route=\/wp\/v2\/posts"}],"about":[{"href":"https:\/\/finnmarksarkivene.no\/index.php?rest_route=\/wp\/v2\/types\/post"}],"author":[{"embeddable":true,"href":"https:\/\/finnmarksarkivene.no\/index.php?rest_route=\/wp\/v2\/users\/2"}],"replies":[{"embeddable":true,"href":"https:\/\/finnmarksarkivene.no\/index.php?rest_route=%2Fwp%2Fv2%2Fcomments&post=5926"}],"version-history":[{"count":12,"href":"https:\/\/finnmarksarkivene.no\/index.php?rest_route=\/wp\/v2\/posts\/5926\/revisions"}],"predecessor-version":[{"id":6979,"href":"https:\/\/finnmarksarkivene.no\/index.php?rest_route=\/wp\/v2\/posts\/5926\/revisions\/6979"}],"wp:featuredmedia":[{"embeddable":true,"href":"https:\/\/finnmarksarkivene.no\/index.php?rest_route=\/wp\/v2\/media\/5951"}],"wp:attachment":[{"href":"https:\/\/finnmarksarkivene.no\/index.php?rest_route=%2Fwp%2Fv2%2Fmedia&parent=5926"}],"wp:term":[{"taxonomy":"category","embeddable":true,"href":"https:\/\/finnmarksarkivene.no\/index.php?rest_route=%2Fwp%2Fv2%2Fcategories&post=5926"},{"taxonomy":"post_tag","embeddable":true,"href":"https:\/\/finnmarksarkivene.no\/index.php?rest_route=%2Fwp%2Fv2%2Ftags&post=5926"}],"curies":[{"name":"wp","href":"https:\/\/api.w.org\/{rel}","templated":true}]}}