{"id":6142,"date":"2018-04-28T14:16:52","date_gmt":"2018-04-28T14:16:52","guid":{"rendered":"http:\/\/finnmarksarkivene.no\/?p=6142"},"modified":"2018-04-28T14:16:52","modified_gmt":"2018-04-28T14:16:52","slug":"hverdagsliv-ved-vardohus-festning-i-1814-2","status":"publish","type":"post","link":"https:\/\/finnmarksarkivene.no\/?p=6142","title":{"rendered":"Hverdagsliv ved Vard\u00f8hus festning i 1814"},"content":{"rendered":"<p>Mai 2018: VI ER OGS\u00c5 HER! MII LEAT NAI D\u00c1S! MEKIN OLEMME T\u00c4\u00c4LL\u00c4! Hverdagsliv ved Vard\u00f8hus festning i 1814. &#8220;De storpolitiske hendelsene i 1814 fikk betydning for soldatene ved Vard\u00f8hus festning. Det ble vanskelig \u00e5 skaffe n\u00f8dvendige matvarer og kl\u00e6r, redskaper til reparasjon av bygninger, forsvarsmateriell som kanoner og krutt, samt medisiner.&#8221;<\/p>\n<p>Statsarkivar Solbj\u00f8rg Ellingsen Fossheim har skrevet artikkel om Vard\u00f8husfestning som du kan lese her!<!--more--><\/p>\n<div id=\"attachment_580\" style=\"width: 310px\" class=\"wp-caption alignright\"><a href=\"https:\/\/finnmarksarkivene.no\/wp-content\/uploads\/2014\/03\/vard\u00f8hus.png\" target=\"_blank\" rel=\"noopener noreferrer\"><img aria-describedby=\"caption-attachment-580\" loading=\"lazy\" class=\"size-medium wp-image-580 \" src=\"https:\/\/finnmarksarkivene.no\/wp-content\/uploads\/2014\/03\/vard\u00f8hus-300x258.png\" alt=\"Plantegning av Vard\u00f8hus festning fra ca. 1817, utf\u00f8rt for Arm\u00e9departementet. Original i Riksarkivet.\" width=\"300\" height=\"258\" srcset=\"https:\/\/finnmarksarkivene.no\/wp-content\/uploads\/2014\/03\/vard\u00f8hus-300x258.png 300w, https:\/\/finnmarksarkivene.no\/wp-content\/uploads\/2014\/03\/vard\u00f8hus.png 515w\" sizes=\"(max-width: 300px) 100vw, 300px\" \/><\/a><p id=\"caption-attachment-580\" class=\"wp-caption-text\">Plantegning av Vard\u00f8hus festning fra ca. 1817, utf\u00f8rt for Arm\u00e9departementet. Original i Riksarkivet.<\/p><\/div>\n<p>Vard\u00f8hus festning\u00a0er Norges \u00f8stligste og nordligste festning og ligger i\u00a0Vard\u00f8\u00a0i\u00a0\u00d8st-Finnmark. Den ble beordret bygget av kong\u00a0H\u00e5kon V Magnusson\u00a0og stod ferdig omkring 1300 som forsvar mot folkene lenger \u00f8st. De \u00e5ttekantete festningsvollene ble bygget mellom 1734 og 1738.<\/p>\n<p>Vard\u00f8hus Festning er ogs\u00e5 verdens nordligste\u00a0festning. Om den ikke lenger har noen milit\u00e6r betydning, har den en spennende historie \u00e5 fortelle.<\/p>\n<p>I arkivmagasinets nummer 1\/14 ble det publisert en artikkel om Vard\u00f8hus festning, skrevet av Statsarkivar Solbj\u00f8rg Ellingsen Fossheim. Denne kan du lese her (utdrag fra Arkivmagasinet): <a href=\"https:\/\/finnmarksarkivene.no\/wp-content\/uploads\/2014\/03\/Arkivmagasinet-12014-Hverdagsliv-i-Vads\u00f8hus-festning-i-1814.pdf\" target=\"_blank\" rel=\"noopener noreferrer\">Arkivmagasinet 1,2014 Hverdagsliv i Vads\u00f8hus festning i 1814 <\/a><\/p>\n<p>Arkivet fra Vard\u00f8hus festning finnes ved Statsarkivet i Troms\u00f8:\u00a0 <a href=\"http:\/\/www.arkivportalen.no\/side\/arkiv\/detaljer?arkivId=no-a1450-09000000140864\" target=\"_blank\" rel=\"noopener noreferrer\">www.arkivportalen<\/a><\/p>\n","protected":false},"excerpt":{"rendered":"Mai 2018: VI ER OGS\u00c5 HER! MII LEAT NAI D\u00c1S! MEKIN OLEMME T\u00c4\u00c4LL\u00c4! Hverdagsliv ved Vard\u00f8hus festning i 1814. &#8220;De storpolitiske hendelsene i 1814 fikk betydning for soldatene ved Vard\u00f8hus festning. Det ble vanskelig \u00e5 skaffe n\u00f8dvendige matvarer og kl\u00e6r, redskaper til reparasjon av bygninger, forsvarsmateriell som kanoner og krutt, samt medisiner.&#8221; Statsarkivar Solbj\u00f8rg Ellingsen [&hellip;]","protected":false},"author":1,"featured_media":6143,"comment_status":"closed","ping_status":"closed","sticky":false,"template":"","format":"standard","meta":[],"categories":[382,11],"tags":[],"_links":{"self":[{"href":"https:\/\/finnmarksarkivene.no\/index.php?rest_route=\/wp\/v2\/posts\/6142"}],"collection":[{"href":"https:\/\/finnmarksarkivene.no\/index.php?rest_route=\/wp\/v2\/posts"}],"about":[{"href":"https:\/\/finnmarksarkivene.no\/index.php?rest_route=\/wp\/v2\/types\/post"}],"author":[{"embeddable":true,"href":"https:\/\/finnmarksarkivene.no\/index.php?rest_route=\/wp\/v2\/users\/1"}],"replies":[{"embeddable":true,"href":"https:\/\/finnmarksarkivene.no\/index.php?rest_route=%2Fwp%2Fv2%2Fcomments&post=6142"}],"version-history":[{"count":1,"href":"https:\/\/finnmarksarkivene.no\/index.php?rest_route=\/wp\/v2\/posts\/6142\/revisions"}],"predecessor-version":[{"id":6144,"href":"https:\/\/finnmarksarkivene.no\/index.php?rest_route=\/wp\/v2\/posts\/6142\/revisions\/6144"}],"wp:featuredmedia":[{"embeddable":true,"href":"https:\/\/finnmarksarkivene.no\/index.php?rest_route=\/wp\/v2\/media\/6143"}],"wp:attachment":[{"href":"https:\/\/finnmarksarkivene.no\/index.php?rest_route=%2Fwp%2Fv2%2Fmedia&parent=6142"}],"wp:term":[{"taxonomy":"category","embeddable":true,"href":"https:\/\/finnmarksarkivene.no\/index.php?rest_route=%2Fwp%2Fv2%2Fcategories&post=6142"},{"taxonomy":"post_tag","embeddable":true,"href":"https:\/\/finnmarksarkivene.no\/index.php?rest_route=%2Fwp%2Fv2%2Ftags&post=6142"}],"curies":[{"name":"wp","href":"https:\/\/api.w.org\/{rel}","templated":true}]}}