{"id":6150,"date":"2018-05-23T09:00:19","date_gmt":"2018-05-23T09:00:19","guid":{"rendered":"http:\/\/finnmarksarkivene.no\/?p=6150"},"modified":"2018-05-31T06:51:23","modified_gmt":"2018-05-31T06:51:23","slug":"slattonn-ved-sirkkagarden-en-unik-bildeserie-av-arktisk-jordbruk","status":"publish","type":"post","link":"https:\/\/finnmarksarkivene.no\/?p=6150","title":{"rendered":"V\u00e5ronn\/sl\u00e5ttonn ved Sirkkag\u00e5rden \u2013 en unik bildeserie av arktisk jordbruk"},"content":{"rendered":"<p><strong>VI ER OGS\u00c5 HER! MII LEAT NAI D\u00c1S! MEKIN OLEMME T\u00c4\u00c4LL\u00c4! -artikkelen i juni handler om arktisk jordbruk ved Sirkkag\u00e5rden.<br \/>\n<\/strong><\/p>\n<p>Fotoserien dokumenterer arbeidsdager under v\u00e5r- og sl\u00e5ttetiden p\u00e5 en kvensk\/norskfinsk bondeg\u00e5rd i Vads\u00f8 p\u00e5 midten av 1950-tallet. Vi vet ikke hvem som tok bildene.<\/p>\n<p>Bildeserien er l\u00e5nt fra Kristian Sirkka som ogs\u00e5 avleverte m\u00f8teprotokoll for Varanger Landbruksselskap fra perioden 3. november \u2013 24. oktober 1931 til Finnmark fylkesbibliotek.<\/p>\n<p>M\u00f8teprotokollen finnes digitalisert p\u00e5 Arkivportalen:<\/p>\n<p><a href=\"http:\/\/www.arkivportalen.no\/fil\/FMFB\/no-FMFB_arkiv_000000003110\/no-FMFB_arkiv_000000003110-3.pdf\" target=\"_blank\" rel=\"noopener\">http:\/\/www.arkivportalen.no\/fil\/FMFB\/no-FMFB_arkiv_000000003110\/no-FMFB_arkiv_000000003110-3.pdf<\/a><\/p>\n<p><a href=\"https:\/\/finnmarksarkivene.no\/wp-content\/uploads\/2014\/03\/A-0059-Varanger-landbruksselskap.pdf\" target=\"_blank\" rel=\"noopener\">https:\/\/finnmarksarkivene.no\/wp-content\/uploads\/2014\/03\/A-0059-Varanger-landbruksselskap.pdf<\/a><\/p>\n<div id=\"attachment_6151\" style=\"width: 910px\" class=\"wp-caption aligncenter\"><a href=\"https:\/\/finnmarksarkivene.no\/wp-content\/uploads\/2018\/05\/Bilde-1.-Hesten-Vesla-med-sleperiver.jpg\"><img aria-describedby=\"caption-attachment-6151\" loading=\"lazy\" class=\"size-large wp-image-6151\" src=\"https:\/\/finnmarksarkivene.no\/wp-content\/uploads\/2018\/05\/Bilde-1.-Hesten-Vesla-med-sleperiver-1024x685.jpg\" alt=\"\" width=\"900\" height=\"602\" srcset=\"https:\/\/finnmarksarkivene.no\/wp-content\/uploads\/2018\/05\/Bilde-1.-Hesten-Vesla-med-sleperiver-1024x685.jpg 1024w, https:\/\/finnmarksarkivene.no\/wp-content\/uploads\/2018\/05\/Bilde-1.-Hesten-Vesla-med-sleperiver-300x201.jpg 300w, https:\/\/finnmarksarkivene.no\/wp-content\/uploads\/2018\/05\/Bilde-1.-Hesten-Vesla-med-sleperiver-768x514.jpg 768w, https:\/\/finnmarksarkivene.no\/wp-content\/uploads\/2018\/05\/Bilde-1.-Hesten-Vesla-med-sleperiver.jpg 1750w\" sizes=\"(max-width: 900px) 100vw, 900px\" \/><\/a><p id=\"caption-attachment-6151\" class=\"wp-caption-text\">Georg Sirkka kj\u00f8r sleperiver som trekker h\u00f8y til hersene. Hesten Vesla trekker.<\/p><\/div>\n<div id=\"attachment_6152\" style=\"width: 910px\" class=\"wp-caption aligncenter\"><a href=\"https:\/\/finnmarksarkivene.no\/wp-content\/uploads\/2018\/05\/Bilde-2.-Georg-Sirkka-heiner-lj\u00e5en..jpg\"><img aria-describedby=\"caption-attachment-6152\" loading=\"lazy\" class=\"size-large wp-image-6152\" src=\"https:\/\/finnmarksarkivene.no\/wp-content\/uploads\/2018\/05\/Bilde-2.-Georg-Sirkka-heiner-lj\u00e5en.-1024x677.jpg\" alt=\"\" width=\"900\" height=\"595\" srcset=\"https:\/\/finnmarksarkivene.no\/wp-content\/uploads\/2018\/05\/Bilde-2.-Georg-Sirkka-heiner-lj\u00e5en.-1024x677.jpg 1024w, https:\/\/finnmarksarkivene.no\/wp-content\/uploads\/2018\/05\/Bilde-2.-Georg-Sirkka-heiner-lj\u00e5en.-300x198.jpg 300w, https:\/\/finnmarksarkivene.no\/wp-content\/uploads\/2018\/05\/Bilde-2.-Georg-Sirkka-heiner-lj\u00e5en.-768x508.jpg 768w, https:\/\/finnmarksarkivene.no\/wp-content\/uploads\/2018\/05\/Bilde-2.-Georg-Sirkka-heiner-lj\u00e5en..jpg 1741w\" sizes=\"(max-width: 900px) 100vw, 900px\" \/><\/a><p id=\"caption-attachment-6152\" class=\"wp-caption-text\">Georg Sirkka heiner lj\u00e5en. I bakgrunn kan man se hesjer hos Richard Bekola.<br \/>Det ble satt fiskegarn over hesja for \u00e5 sikre at h\u00f8yet liggende fast hvis det ble mye vind. For \u00e5 feste garnet dro man h\u00f8ydotter igjennom det, noe som vises som sm\u00e5 dotter p\u00e5 hesjene i bakgrunnen.<\/p><\/div>\n<p>&nbsp;<\/p>\n<div id=\"attachment_6153\" style=\"width: 910px\" class=\"wp-caption aligncenter\"><a href=\"https:\/\/finnmarksarkivene.no\/wp-content\/uploads\/2018\/05\/Bilde-3.-Vesla-og-Georg-Sirkka-kj\u00f8r-ut-naturgj\u00f8dsel.jpg\"><img aria-describedby=\"caption-attachment-6153\" loading=\"lazy\" class=\"size-large wp-image-6153\" src=\"https:\/\/finnmarksarkivene.no\/wp-content\/uploads\/2018\/05\/Bilde-3.-Vesla-og-Georg-Sirkka-kj\u00f8r-ut-naturgj\u00f8dsel-1024x681.jpg\" alt=\"\" width=\"900\" height=\"599\" srcset=\"https:\/\/finnmarksarkivene.no\/wp-content\/uploads\/2018\/05\/Bilde-3.-Vesla-og-Georg-Sirkka-kj\u00f8r-ut-naturgj\u00f8dsel-1024x681.jpg 1024w, https:\/\/finnmarksarkivene.no\/wp-content\/uploads\/2018\/05\/Bilde-3.-Vesla-og-Georg-Sirkka-kj\u00f8r-ut-naturgj\u00f8dsel-300x200.jpg 300w, https:\/\/finnmarksarkivene.no\/wp-content\/uploads\/2018\/05\/Bilde-3.-Vesla-og-Georg-Sirkka-kj\u00f8r-ut-naturgj\u00f8dsel-768x511.jpg 768w, https:\/\/finnmarksarkivene.no\/wp-content\/uploads\/2018\/05\/Bilde-3.-Vesla-og-Georg-Sirkka-kj\u00f8r-ut-naturgj\u00f8dsel.jpg 1753w\" sizes=\"(max-width: 900px) 100vw, 900px\" \/><\/a><p id=\"caption-attachment-6153\" class=\"wp-caption-text\">Vesla og Georg Sirkka kj\u00f8r ut naturgj\u00f8dsel. Legg merke til NRK mastene p\u00e5 bakgrunnen.<\/p><\/div>\n<div id=\"attachment_6154\" style=\"width: 910px\" class=\"wp-caption aligncenter\"><a href=\"https:\/\/finnmarksarkivene.no\/wp-content\/uploads\/2018\/05\/Bilde-4.-Barna-opp-p\u00e5-Sirkkag\u00e5rden.jpg\"><img aria-describedby=\"caption-attachment-6154\" loading=\"lazy\" class=\"size-large wp-image-6154\" src=\"https:\/\/finnmarksarkivene.no\/wp-content\/uploads\/2018\/05\/Bilde-4.-Barna-opp-p\u00e5-Sirkkag\u00e5rden-1024x680.jpg\" alt=\"\" width=\"900\" height=\"598\" srcset=\"https:\/\/finnmarksarkivene.no\/wp-content\/uploads\/2018\/05\/Bilde-4.-Barna-opp-p\u00e5-Sirkkag\u00e5rden-1024x680.jpg 1024w, https:\/\/finnmarksarkivene.no\/wp-content\/uploads\/2018\/05\/Bilde-4.-Barna-opp-p\u00e5-Sirkkag\u00e5rden-300x199.jpg 300w, https:\/\/finnmarksarkivene.no\/wp-content\/uploads\/2018\/05\/Bilde-4.-Barna-opp-p\u00e5-Sirkkag\u00e5rden-768x510.jpg 768w, https:\/\/finnmarksarkivene.no\/wp-content\/uploads\/2018\/05\/Bilde-4.-Barna-opp-p\u00e5-Sirkkag\u00e5rden.jpg 1764w\" sizes=\"(max-width: 900px) 100vw, 900px\" \/><\/a><p id=\"caption-attachment-6154\" class=\"wp-caption-text\">B\u00e5de store og sm\u00e5, tobeinte og firebeinte var med p\u00e5 sl\u00e5ttemarka. Bak fra h\u00f8yre: Kristian Sirkka med hunder Buster, Johnny Larsen med g\u00e5rdskatten. Foran fra h\u00f8yre: Kurt Jensen, Jorunn Pedersen og Knut Wara.<\/p><\/div>\n<div id=\"attachment_6157\" style=\"width: 910px\" class=\"wp-caption aligncenter\"><a href=\"https:\/\/finnmarksarkivene.no\/wp-content\/uploads\/2018\/05\/Bilde-5.-Karl-Sirkka-sl\u00e5r-h\u00f8y-med-finsk-lj\u00e5en.jpg\"><img aria-describedby=\"caption-attachment-6157\" loading=\"lazy\" class=\"size-large wp-image-6157\" src=\"https:\/\/finnmarksarkivene.no\/wp-content\/uploads\/2018\/05\/Bilde-5.-Karl-Sirkka-sl\u00e5r-h\u00f8y-med-finsk-lj\u00e5en-1024x680.jpg\" alt=\"\" width=\"900\" height=\"598\" srcset=\"https:\/\/finnmarksarkivene.no\/wp-content\/uploads\/2018\/05\/Bilde-5.-Karl-Sirkka-sl\u00e5r-h\u00f8y-med-finsk-lj\u00e5en-1024x680.jpg 1024w, https:\/\/finnmarksarkivene.no\/wp-content\/uploads\/2018\/05\/Bilde-5.-Karl-Sirkka-sl\u00e5r-h\u00f8y-med-finsk-lj\u00e5en-300x199.jpg 300w, https:\/\/finnmarksarkivene.no\/wp-content\/uploads\/2018\/05\/Bilde-5.-Karl-Sirkka-sl\u00e5r-h\u00f8y-med-finsk-lj\u00e5en-768x510.jpg 768w, https:\/\/finnmarksarkivene.no\/wp-content\/uploads\/2018\/05\/Bilde-5.-Karl-Sirkka-sl\u00e5r-h\u00f8y-med-finsk-lj\u00e5en.jpg 1764w\" sizes=\"(max-width: 900px) 100vw, 900px\" \/><\/a><p id=\"caption-attachment-6157\" class=\"wp-caption-text\">Karl Sirkka, bestefaren i huset, sl\u00e5r h\u00f8y med finsk lj\u00e5. Til h\u00f8yre p\u00e5 bildet ser man Tuomainen sin sj\u00e5 som fremdeles st\u00e5r der i dag.<\/p><\/div>\n<div id=\"attachment_6158\" style=\"width: 910px\" class=\"wp-caption aligncenter\"><a href=\"https:\/\/finnmarksarkivene.no\/wp-content\/uploads\/2018\/05\/Bilde-6.-Wally-Stock-og-Ellen-Sirkka-kjemmer-h\u00f8y.jpg\"><img aria-describedby=\"caption-attachment-6158\" loading=\"lazy\" class=\"size-large wp-image-6158\" src=\"https:\/\/finnmarksarkivene.no\/wp-content\/uploads\/2018\/05\/Bilde-6.-Wally-Stock-og-Ellen-Sirkka-kjemmer-h\u00f8y-1024x676.jpg\" alt=\"\" width=\"900\" height=\"594\" srcset=\"https:\/\/finnmarksarkivene.no\/wp-content\/uploads\/2018\/05\/Bilde-6.-Wally-Stock-og-Ellen-Sirkka-kjemmer-h\u00f8y-1024x676.jpg 1024w, https:\/\/finnmarksarkivene.no\/wp-content\/uploads\/2018\/05\/Bilde-6.-Wally-Stock-og-Ellen-Sirkka-kjemmer-h\u00f8y-300x198.jpg 300w, https:\/\/finnmarksarkivene.no\/wp-content\/uploads\/2018\/05\/Bilde-6.-Wally-Stock-og-Ellen-Sirkka-kjemmer-h\u00f8y-768x507.jpg 768w, https:\/\/finnmarksarkivene.no\/wp-content\/uploads\/2018\/05\/Bilde-6.-Wally-Stock-og-Ellen-Sirkka-kjemmer-h\u00f8y.jpg 1753w\" sizes=\"(max-width: 900px) 100vw, 900px\" \/><\/a><p id=\"caption-attachment-6158\" class=\"wp-caption-text\">Wally Stock (til h\u00f8yre) og Ellen Sirkka (moren til Kristian) kjemmer h\u00f8y.<\/p><\/div>\n<div id=\"attachment_6159\" style=\"width: 910px\" class=\"wp-caption aligncenter\"><a href=\"https:\/\/finnmarksarkivene.no\/wp-content\/uploads\/2018\/05\/Bilde-7.-B\u00e5de-unger-og-voksne-p\u00e5-h\u00f8ymarka.jpg\"><img aria-describedby=\"caption-attachment-6159\" loading=\"lazy\" class=\"size-large wp-image-6159\" src=\"https:\/\/finnmarksarkivene.no\/wp-content\/uploads\/2018\/05\/Bilde-7.-B\u00e5de-unger-og-voksne-p\u00e5-h\u00f8ymarka-1024x682.jpg\" alt=\"\" width=\"900\" height=\"599\" srcset=\"https:\/\/finnmarksarkivene.no\/wp-content\/uploads\/2018\/05\/Bilde-7.-B\u00e5de-unger-og-voksne-p\u00e5-h\u00f8ymarka-1024x682.jpg 1024w, https:\/\/finnmarksarkivene.no\/wp-content\/uploads\/2018\/05\/Bilde-7.-B\u00e5de-unger-og-voksne-p\u00e5-h\u00f8ymarka-300x200.jpg 300w, https:\/\/finnmarksarkivene.no\/wp-content\/uploads\/2018\/05\/Bilde-7.-B\u00e5de-unger-og-voksne-p\u00e5-h\u00f8ymarka-768x511.jpg 768w, https:\/\/finnmarksarkivene.no\/wp-content\/uploads\/2018\/05\/Bilde-7.-B\u00e5de-unger-og-voksne-p\u00e5-h\u00f8ymarka.jpg 1756w\" sizes=\"(max-width: 900px) 100vw, 900px\" \/><\/a><p id=\"caption-attachment-6159\" class=\"wp-caption-text\">Til venstre: Bestefaren Karl Sirkka, Erling St\u00e5lsett med Anne Line Nora og Karl Wilhelm Sirkka.<\/p><\/div>\n","protected":false},"excerpt":{"rendered":"VI ER OGS\u00c5 HER! MII LEAT NAI D\u00c1S! MEKIN OLEMME T\u00c4\u00c4LL\u00c4! -artikkelen i juni handler om arktisk jordbruk ved Sirkkag\u00e5rden. Fotoserien dokumenterer arbeidsdager under v\u00e5r- og sl\u00e5ttetiden p\u00e5 en kvensk\/norskfinsk bondeg\u00e5rd i Vads\u00f8 p\u00e5 midten av 1950-tallet. Vi vet ikke hvem som tok bildene. Bildeserien er l\u00e5nt fra Kristian Sirkka som ogs\u00e5 avleverte m\u00f8teprotokoll for [&hellip;]","protected":false},"author":2,"featured_media":6159,"comment_status":"closed","ping_status":"closed","sticky":false,"template":"","format":"standard","meta":[],"categories":[382,11],"tags":[],"_links":{"self":[{"href":"https:\/\/finnmarksarkivene.no\/index.php?rest_route=\/wp\/v2\/posts\/6150"}],"collection":[{"href":"https:\/\/finnmarksarkivene.no\/index.php?rest_route=\/wp\/v2\/posts"}],"about":[{"href":"https:\/\/finnmarksarkivene.no\/index.php?rest_route=\/wp\/v2\/types\/post"}],"author":[{"embeddable":true,"href":"https:\/\/finnmarksarkivene.no\/index.php?rest_route=\/wp\/v2\/users\/2"}],"replies":[{"embeddable":true,"href":"https:\/\/finnmarksarkivene.no\/index.php?rest_route=%2Fwp%2Fv2%2Fcomments&post=6150"}],"version-history":[{"count":12,"href":"https:\/\/finnmarksarkivene.no\/index.php?rest_route=\/wp\/v2\/posts\/6150\/revisions"}],"predecessor-version":[{"id":6183,"href":"https:\/\/finnmarksarkivene.no\/index.php?rest_route=\/wp\/v2\/posts\/6150\/revisions\/6183"}],"wp:featuredmedia":[{"embeddable":true,"href":"https:\/\/finnmarksarkivene.no\/index.php?rest_route=\/wp\/v2\/media\/6159"}],"wp:attachment":[{"href":"https:\/\/finnmarksarkivene.no\/index.php?rest_route=%2Fwp%2Fv2%2Fmedia&parent=6150"}],"wp:term":[{"taxonomy":"category","embeddable":true,"href":"https:\/\/finnmarksarkivene.no\/index.php?rest_route=%2Fwp%2Fv2%2Fcategories&post=6150"},{"taxonomy":"post_tag","embeddable":true,"href":"https:\/\/finnmarksarkivene.no\/index.php?rest_route=%2Fwp%2Fv2%2Ftags&post=6150"}],"curies":[{"name":"wp","href":"https:\/\/api.w.org\/{rel}","templated":true}]}}