{"id":6264,"date":"2018-06-26T08:20:33","date_gmt":"2018-06-26T08:20:33","guid":{"rendered":"http:\/\/finnmarksarkivene.no\/?p=6264"},"modified":"2018-09-11T09:59:22","modified_gmt":"2018-09-11T09:59:22","slug":"ellisif-wessel-pa-reise-med-sitt-kamera","status":"publish","type":"post","link":"https:\/\/finnmarksarkivene.no\/?p=6264","title":{"rendered":"Ellisif Wessel p\u00e5 reise med sitt kamera"},"content":{"rendered":"<p style=\"text-align: left;\"><strong>Juli-August 2018. VI ER OGS\u00c5 HER! MII LEAT NAI D\u00c1S! MEKIN OLEMME T\u00c4\u00c4LL\u00c4! Denne m\u00e5nedens bidrag til prosjektet kommer fra Gry Andreassen, registrator ved Varanger museum, avd. Grenselandmuseet. Artikkelen handler om \u00a0Wessels fotosamling p\u00e5 Grenselandmuseet som kan sees som museets viktigste samling. Det er ikke den st\u00f8rste i omfang, men muligens den av st\u00f8rst betydning.<br \/>\n<\/strong><\/p>\n<p><!--more--><\/p>\n<h3><strong>Ellisif Wessel p\u00e5 reise med sitt kamera<\/strong><\/h3>\n<p><em>Skrevet av Gry Andreassen, registrator Varanger museum, avd. Grenselandmuseet.<\/em><\/p>\n<p>Ellisif Wessel (1866-1949) var nitten \u00e5r gammel da hun kom til Kirkenes som nygift doktorfrue. Hennes mann Andreas Bredal Wessel hadde f\u00e5tt jobben som Syd-Varangers nye distriktslege. Kommunen hadde rundt tusen innbyggere, de fleste bodde ute i distriktene og drev innen prim\u00e6rn\u00e6ringene jordbruk, fiske, jakt, reindrift eller en kombinasjon av disse.<\/p>\n<div id=\"attachment_6270\" style=\"width: 310px\" class=\"wp-caption alignleft\"><a href=\"https:\/\/finnmarksarkivene.no\/wp-content\/uploads\/2018\/06\/kvenkoner-i-Neiden.jpg\"><img aria-describedby=\"caption-attachment-6270\" loading=\"lazy\" class=\"size-medium wp-image-6270\" src=\"https:\/\/finnmarksarkivene.no\/wp-content\/uploads\/2018\/06\/kvenkoner-i-Neiden-300x237.jpg\" alt=\"\" width=\"300\" height=\"237\" srcset=\"https:\/\/finnmarksarkivene.no\/wp-content\/uploads\/2018\/06\/kvenkoner-i-Neiden-300x237.jpg 300w, https:\/\/finnmarksarkivene.no\/wp-content\/uploads\/2018\/06\/kvenkoner-i-Neiden-768x607.jpg 768w, https:\/\/finnmarksarkivene.no\/wp-content\/uploads\/2018\/06\/kvenkoner-i-Neiden-1024x810.jpg 1024w\" sizes=\"(max-width: 300px) 100vw, 300px\" \/><\/a><p id=\"caption-attachment-6270\" class=\"wp-caption-text\">SMU.F000220 Her har Wessel v\u00e6rt i Neiden og fotografert to kvenkoner som sitter i solveggen og r\u00f8yker pipe. Fra h\u00f8yre: Grete Kersil\u00e6 og Lisa Riesto.<\/p><\/div>\n<p>Ellisif og doktoren ble sv\u00e6rt glade i distriktets mennesker og de kjempet p\u00e5 hver sin m\u00e5te for de svake i samfunnet. I krisetider var Ellisif de fattiges hjelper som delte ut mat, kl\u00e6r og tr\u00f8stende ord. Hun sto p\u00e5 barrikadene for gruvearbeiderne og hun var sentral i oppstarten av fagforeningen Nordens Klippe.<\/p>\n<p>Hun l\u00e6rte seg \u00e5 fotografere, sannsynligvis p\u00e5 en av sine reiser til Kristiania, og hun fikk sitt eget kamera. Etter dette fotograferte hun overalt, hun tok hundrevis av bilder ute og i m\u00f8ter med folk. Hun reiste rundt i distriktet og dets n\u00e6romr\u00e5der, f\u00f8rst med sin mann p\u00e5 doktorbes\u00f8k, men senere ogs\u00e5 p\u00e5 lengere turer alene.<\/p>\n<div id=\"attachment_6271\" style=\"width: 310px\" class=\"wp-caption alignright\"><a href=\"https:\/\/finnmarksarkivene.no\/wp-content\/uploads\/2018\/06\/SMU.F000199-Doktorskyss-med-hest-og-kjerre.jpg\"><img aria-describedby=\"caption-attachment-6271\" loading=\"lazy\" class=\"size-medium wp-image-6271\" src=\"https:\/\/finnmarksarkivene.no\/wp-content\/uploads\/2018\/06\/SMU.F000199-Doktorskyss-med-hest-og-kjerre-300x214.jpg\" alt=\"\" width=\"300\" height=\"214\" srcset=\"https:\/\/finnmarksarkivene.no\/wp-content\/uploads\/2018\/06\/SMU.F000199-Doktorskyss-med-hest-og-kjerre-300x214.jpg 300w, https:\/\/finnmarksarkivene.no\/wp-content\/uploads\/2018\/06\/SMU.F000199-Doktorskyss-med-hest-og-kjerre-768x547.jpg 768w, https:\/\/finnmarksarkivene.no\/wp-content\/uploads\/2018\/06\/SMU.F000199-Doktorskyss-med-hest-og-kjerre-1024x730.jpg 1024w\" sizes=\"(max-width: 300px) 100vw, 300px\" \/><\/a><p id=\"caption-attachment-6271\" class=\"wp-caption-text\">SMU.F000199 Doktorskyss med hest og kjerre. Margit Bigga Hansdatter Johnsen venter p\u00e5 \u00e5 kj\u00f8re doktoren p\u00e5 sykebes\u00f8k.<\/p><\/div>\n<p>Reisene ut i distriktet var ofte som ekspedisjoner \u00e5 regne, fruen skulle ha med seg kameraet og esker med glassplater. Doktoren samlet p\u00e5 biller, sommerfugler og egg s\u00e5 oppakningen deres ble ofte stor. P\u00e5 vinteren reiste de med rein og slede, sommerstid gikk turen ofte med hest og kjerre, til fots eller med b\u00e5t langs de store elvene. Ellisif tok bilder av mennesker hun m\u00f8tte p\u00e5 disse reisene, barna hun m\u00f8tte, naturen hun s\u00e5 og hun fotograferte spesielle begivenheter.<\/p>\n<p>Wessel brukte glassnegativer i sin fotografering, s\u00e5kalte t\u00f8rrplater. Hun hadde et relativt lett kamera som hun tok med p\u00e5 reise og forholdvis raskt kunne montere opp og ta bilder. Glassnegativene brakte hun med seg i ei eske, b\u00e5de brukte og ubrukte.<\/p>\n<p>Ellisif Wessel bodde nesten hele sitt voksne liv i Kirkenes, kun avbrutt av en tid i hovedstaden da hun og mannen var separert. Ellisif og Andreas ble aldri skilt, men ble senere forenet og bodde sammen til hans d\u00f8d i 1940.<\/p>\n<div id=\"attachment_6272\" style=\"width: 310px\" class=\"wp-caption alignleft\"><a href=\"https:\/\/finnmarksarkivene.no\/wp-content\/uploads\/2018\/06\/SMU.F000045-etter-samisk-gudstjeneste.jpg\"><img aria-describedby=\"caption-attachment-6272\" loading=\"lazy\" class=\"size-medium wp-image-6272\" src=\"https:\/\/finnmarksarkivene.no\/wp-content\/uploads\/2018\/06\/SMU.F000045-etter-samisk-gudstjeneste-300x217.jpg\" alt=\"\" width=\"300\" height=\"217\" srcset=\"https:\/\/finnmarksarkivene.no\/wp-content\/uploads\/2018\/06\/SMU.F000045-etter-samisk-gudstjeneste-300x217.jpg 300w, https:\/\/finnmarksarkivene.no\/wp-content\/uploads\/2018\/06\/SMU.F000045-etter-samisk-gudstjeneste-768x555.jpg 768w, https:\/\/finnmarksarkivene.no\/wp-content\/uploads\/2018\/06\/SMU.F000045-etter-samisk-gudstjeneste-1024x740.jpg 1024w\" sizes=\"(max-width: 300px) 100vw, 300px\" \/><\/a><p id=\"caption-attachment-6272\" class=\"wp-caption-text\">SMU.F000045 Menigheten utenfor Kirkenes kirke etter samisk gudstjeneste ca 1890. Presten Emil Stang Lund skimtes p\u00e5 trappen med hvit krage.<\/p><\/div>\n<p>Ellisif Wessel trakk seg tilbake fra offentligheten, og hun d\u00f8de 83 \u00e5r gammel p\u00e5 et pleiehjem som hun lot bygge p\u00e5 sin eiendom, Wesselborgen.<\/p>\n<p>Fotosamlingen etter Wessel er en av Grenselandmuseets viktigste samlinger. Det er ikke den st\u00f8rste i omfang, men muligens den av st\u00f8rst betydning. Blant annet fordi det dreier seg om fotografi fra en tid der ikke mange reiste rundt og fotograferte. Det finnes sv\u00e6rt f\u00e5 bilder fra denne tiden i v\u00e5r samling, ja i hele Finnmark. Mye av Finnmark ble brent, bombet og \u00f8delagt under andre verdenskrig slik at vi antar at masse dokumentasjon har blitt borte. Mesteparten av Wessels bilder gikk ogs\u00e5 tapt da huset hennes brant ned i 1944.<\/p>\n<div id=\"attachment_6273\" style=\"width: 310px\" class=\"wp-caption alignright\"><a href=\"https:\/\/finnmarksarkivene.no\/wp-content\/uploads\/2018\/06\/SMU.F000177-Skoltefamilien-Antinovitsch-Sverdloff-fra-Suenjel.jpg\"><img aria-describedby=\"caption-attachment-6273\" loading=\"lazy\" class=\"size-medium wp-image-6273\" src=\"https:\/\/finnmarksarkivene.no\/wp-content\/uploads\/2018\/06\/SMU.F000177-Skoltefamilien-Antinovitsch-Sverdloff-fra-Suenjel-300x211.jpg\" alt=\"\" width=\"300\" height=\"211\" srcset=\"https:\/\/finnmarksarkivene.no\/wp-content\/uploads\/2018\/06\/SMU.F000177-Skoltefamilien-Antinovitsch-Sverdloff-fra-Suenjel-300x211.jpg 300w, https:\/\/finnmarksarkivene.no\/wp-content\/uploads\/2018\/06\/SMU.F000177-Skoltefamilien-Antinovitsch-Sverdloff-fra-Suenjel-768x540.jpg 768w, https:\/\/finnmarksarkivene.no\/wp-content\/uploads\/2018\/06\/SMU.F000177-Skoltefamilien-Antinovitsch-Sverdloff-fra-Suenjel-1024x720.jpg 1024w\" sizes=\"(max-width: 300px) 100vw, 300px\" \/><\/a><p id=\"caption-attachment-6273\" class=\"wp-caption-text\">SMU.F000177 Skoltefamilien Antinovitsch Sverdloff fra Suenjel skolteby i russisk lappmark fotografert utenfor t\u00f8mmerkoien, 1903.<\/p><\/div>\n<p>Fotografiene er en unik dokumentasjon p\u00e5 det samfunnet hun levde i, et samfunn i endring \u2013 en brytningstid f\u00f8r gruveindustrien forandret hele samfunnet. P\u00e5 noen \u00e5r vokste innbyggertallet drastisk og utviklingen av Kirkenes var radikal \u2013 fra en h\u00e5ndfull hus til et velfungerende moderne samfunn.<\/p>\n<p>Grenselandmuseets samling best\u00e5r av omtrent 500 unike motiv, disse finnes som glassnegativer, l\u00f8se positiver, l\u00f8se negativer, digitale filer, postkort, arkivmateriale og innlimte positiv i album. Albumene er v\u00e5r st\u00f8rste kilde til bildene. Samlingen er kommet til museet som gaver fra venner og familie av dem som i utgangspunktet har f\u00e5tt dem av fotografen selv.<\/p>\n<div id=\"attachment_6274\" style=\"width: 310px\" class=\"wp-caption aligncenter\"><a href=\"https:\/\/finnmarksarkivene.no\/wp-content\/uploads\/2018\/06\/SMU.F000040-Fjellfinner-ovenfor-Langfjorden-vinteren-1897.jpg\"><img aria-describedby=\"caption-attachment-6274\" loading=\"lazy\" class=\"size-medium wp-image-6274\" src=\"https:\/\/finnmarksarkivene.no\/wp-content\/uploads\/2018\/06\/SMU.F000040-Fjellfinner-ovenfor-Langfjorden-vinteren-1897-300x215.jpg\" alt=\"\" width=\"300\" height=\"215\" srcset=\"https:\/\/finnmarksarkivene.no\/wp-content\/uploads\/2018\/06\/SMU.F000040-Fjellfinner-ovenfor-Langfjorden-vinteren-1897-300x215.jpg 300w, https:\/\/finnmarksarkivene.no\/wp-content\/uploads\/2018\/06\/SMU.F000040-Fjellfinner-ovenfor-Langfjorden-vinteren-1897-768x549.jpg 768w, https:\/\/finnmarksarkivene.no\/wp-content\/uploads\/2018\/06\/SMU.F000040-Fjellfinner-ovenfor-Langfjorden-vinteren-1897-1024x733.jpg 1024w\" sizes=\"(max-width: 300px) 100vw, 300px\" \/><\/a><p id=\"caption-attachment-6274\" class=\"wp-caption-text\">SMU.F000040 Fjellfinner ovenfor Langfjorden, vinteren 1897.<\/p><\/div>\n<div id=\"attachment_6275\" style=\"width: 310px\" class=\"wp-caption aligncenter\"><a href=\"https:\/\/finnmarksarkivene.no\/wp-content\/uploads\/2018\/06\/SMU.F000054-oppover-Pasvikdalen-1896.jpg\"><img aria-describedby=\"caption-attachment-6275\" loading=\"lazy\" class=\"size-medium wp-image-6275\" src=\"https:\/\/finnmarksarkivene.no\/wp-content\/uploads\/2018\/06\/SMU.F000054-oppover-Pasvikdalen-1896-300x195.jpg\" alt=\"\" width=\"300\" height=\"195\" srcset=\"https:\/\/finnmarksarkivene.no\/wp-content\/uploads\/2018\/06\/SMU.F000054-oppover-Pasvikdalen-1896-300x195.jpg 300w, https:\/\/finnmarksarkivene.no\/wp-content\/uploads\/2018\/06\/SMU.F000054-oppover-Pasvikdalen-1896-768x500.jpg 768w, https:\/\/finnmarksarkivene.no\/wp-content\/uploads\/2018\/06\/SMU.F000054-oppover-Pasvikdalen-1896-1024x667.jpg 1024w\" sizes=\"(max-width: 300px) 100vw, 300px\" \/><\/a><p id=\"caption-attachment-6275\" class=\"wp-caption-text\">SMU.F000066 Fra en reise oppover Pasvikdalen 1896. Rast for natten ved Pasvikelva, Hestefoss. Midt i bildet er Ole Johnsen Must som Wessel brukte som skysskar og kjentmann flere ganger. Jenta p\u00e5 bildet er en venninne av Ellisif Wessel. Frk. Lilleng.<\/p><\/div>\n<div id=\"attachment_6276\" style=\"width: 310px\" class=\"wp-caption aligncenter\"><a href=\"https:\/\/finnmarksarkivene.no\/wp-content\/uploads\/2018\/06\/SMU.F000152-Leir-ved-Langvannet-n\u00e6r-Kobbfoss.jpg\"><img aria-describedby=\"caption-attachment-6276\" loading=\"lazy\" class=\"size-medium wp-image-6276\" src=\"https:\/\/finnmarksarkivene.no\/wp-content\/uploads\/2018\/06\/SMU.F000152-Leir-ved-Langvannet-n\u00e6r-Kobbfoss-300x215.jpg\" alt=\"\" width=\"300\" height=\"215\" srcset=\"https:\/\/finnmarksarkivene.no\/wp-content\/uploads\/2018\/06\/SMU.F000152-Leir-ved-Langvannet-n\u00e6r-Kobbfoss-300x215.jpg 300w, https:\/\/finnmarksarkivene.no\/wp-content\/uploads\/2018\/06\/SMU.F000152-Leir-ved-Langvannet-n\u00e6r-Kobbfoss-768x549.jpg 768w, https:\/\/finnmarksarkivene.no\/wp-content\/uploads\/2018\/06\/SMU.F000152-Leir-ved-Langvannet-n\u00e6r-Kobbfoss-1024x732.jpg 1024w\" sizes=\"(max-width: 300px) 100vw, 300px\" \/><\/a><p id=\"caption-attachment-6276\" class=\"wp-caption-text\">SMU.F000152 Leir ved Langvannet n\u00e6r Kobbfoss i Pasvikdalen h\u00f8sten 1898.<\/p><\/div>\n<div id=\"attachment_6277\" style=\"width: 310px\" class=\"wp-caption aligncenter\"><a href=\"https:\/\/finnmarksarkivene.no\/wp-content\/uploads\/2018\/06\/SMU.F000138-Fra-en-reise-helt-\u00f8verst-i-Pasvikdalen.jpg\"><img aria-describedby=\"caption-attachment-6277\" loading=\"lazy\" class=\"size-medium wp-image-6277\" src=\"https:\/\/finnmarksarkivene.no\/wp-content\/uploads\/2018\/06\/SMU.F000138-Fra-en-reise-helt-\u00f8verst-i-Pasvikdalen-300x215.jpg\" alt=\"\" width=\"300\" height=\"215\" srcset=\"https:\/\/finnmarksarkivene.no\/wp-content\/uploads\/2018\/06\/SMU.F000138-Fra-en-reise-helt-\u00f8verst-i-Pasvikdalen-300x215.jpg 300w, https:\/\/finnmarksarkivene.no\/wp-content\/uploads\/2018\/06\/SMU.F000138-Fra-en-reise-helt-\u00f8verst-i-Pasvikdalen-768x550.jpg 768w, https:\/\/finnmarksarkivene.no\/wp-content\/uploads\/2018\/06\/SMU.F000138-Fra-en-reise-helt-\u00f8verst-i-Pasvikdalen-1024x733.jpg 1024w\" sizes=\"(max-width: 300px) 100vw, 300px\" \/><\/a><p id=\"caption-attachment-6277\" class=\"wp-caption-text\">SMU.F000138 Fra en reise helt \u00f8verst i Pasvikdalen. Enaresamen Hendo-Anti med sin datter Maarit fotografert utenfor gapahuken sin.<\/p><\/div>\n<div id=\"attachment_6278\" style=\"width: 310px\" class=\"wp-caption aligncenter\"><a href=\"https:\/\/finnmarksarkivene.no\/wp-content\/uploads\/2018\/06\/SMU.F000442-Skoltesamene-trakk-utover-fjordene.jpg\"><img aria-describedby=\"caption-attachment-6278\" loading=\"lazy\" class=\"size-medium wp-image-6278\" src=\"https:\/\/finnmarksarkivene.no\/wp-content\/uploads\/2018\/06\/SMU.F000442-Skoltesamene-trakk-utover-fjordene-300x213.jpg\" alt=\"\" width=\"300\" height=\"213\" srcset=\"https:\/\/finnmarksarkivene.no\/wp-content\/uploads\/2018\/06\/SMU.F000442-Skoltesamene-trakk-utover-fjordene-300x213.jpg 300w, https:\/\/finnmarksarkivene.no\/wp-content\/uploads\/2018\/06\/SMU.F000442-Skoltesamene-trakk-utover-fjordene-768x546.jpg 768w, https:\/\/finnmarksarkivene.no\/wp-content\/uploads\/2018\/06\/SMU.F000442-Skoltesamene-trakk-utover-fjordene-1024x728.jpg 1024w\" sizes=\"(max-width: 300px) 100vw, 300px\" \/><\/a><p id=\"caption-attachment-6278\" class=\"wp-caption-text\">SMU.F000442 Skoltesamene trakk utover fjordene for laksefiske p\u00e5 sommeren, her er skoltefamilien Lavran fotografert ved sin fiskergamme i Ropelv, B\u00f8kfjorden, 1900. En ungjente sitter og spinner p\u00e5 en h\u00e5ndtein.<\/p><\/div>\n<div id=\"attachment_6279\" style=\"width: 310px\" class=\"wp-caption aligncenter\"><a href=\"https:\/\/finnmarksarkivene.no\/wp-content\/uploads\/2018\/06\/SMU.F000454-Prest-Konstantin-Tsjekoldin-og-skoltesamiske-elever.jpg\"><img aria-describedby=\"caption-attachment-6279\" loading=\"lazy\" class=\"size-medium wp-image-6279\" src=\"https:\/\/finnmarksarkivene.no\/wp-content\/uploads\/2018\/06\/SMU.F000454-Prest-Konstantin-Tsjekoldin-og-skoltesamiske-elever-300x214.jpg\" alt=\"\" width=\"300\" height=\"214\" srcset=\"https:\/\/finnmarksarkivene.no\/wp-content\/uploads\/2018\/06\/SMU.F000454-Prest-Konstantin-Tsjekoldin-og-skoltesamiske-elever-300x214.jpg 300w, https:\/\/finnmarksarkivene.no\/wp-content\/uploads\/2018\/06\/SMU.F000454-Prest-Konstantin-Tsjekoldin-og-skoltesamiske-elever-768x548.jpg 768w, https:\/\/finnmarksarkivene.no\/wp-content\/uploads\/2018\/06\/SMU.F000454-Prest-Konstantin-Tsjekoldin-og-skoltesamiske-elever-1024x731.jpg 1024w\" sizes=\"(max-width: 300px) 100vw, 300px\" \/><\/a><p id=\"caption-attachment-6279\" class=\"wp-caption-text\">SMU.F000454 Prest Konstantin Tsjekoldin og skoltesamiske elever utenfor et skolekapell, Pasvik russisk side, vinteren 1897.<\/p><\/div>\n<div id=\"attachment_6280\" style=\"width: 310px\" class=\"wp-caption aligncenter\"><a href=\"https:\/\/finnmarksarkivene.no\/wp-content\/uploads\/2018\/06\/SMU.F000054-Kirkenes-1898..jpg\"><img aria-describedby=\"caption-attachment-6280\" loading=\"lazy\" class=\"size-medium wp-image-6280\" src=\"https:\/\/finnmarksarkivene.no\/wp-content\/uploads\/2018\/06\/SMU.F000054-Kirkenes-1898.-300x208.jpg\" alt=\"\" width=\"300\" height=\"208\" srcset=\"https:\/\/finnmarksarkivene.no\/wp-content\/uploads\/2018\/06\/SMU.F000054-Kirkenes-1898.-300x208.jpg 300w, https:\/\/finnmarksarkivene.no\/wp-content\/uploads\/2018\/06\/SMU.F000054-Kirkenes-1898.-768x533.jpg 768w, https:\/\/finnmarksarkivene.no\/wp-content\/uploads\/2018\/06\/SMU.F000054-Kirkenes-1898.-1024x711.jpg 1024w\" sizes=\"(max-width: 300px) 100vw, 300px\" \/><\/a><p id=\"caption-attachment-6280\" class=\"wp-caption-text\">SMU.F000054 Kirkenes 1898. Til h\u00f8yre handelsmann Hans Petter Figenschous handelssted, i midten Tokles hus Klokkerg\u00e5rden, lengst til venstre kommunens tinghus. Kirken i bakgrunnen. Nede ved elva Figenschous sj\u00f8boder.<\/p><\/div>\n<p>&nbsp;<\/p>\n","protected":false},"excerpt":{"rendered":"Juli-August 2018. VI ER OGS\u00c5 HER! MII LEAT NAI D\u00c1S! MEKIN OLEMME T\u00c4\u00c4LL\u00c4! Denne m\u00e5nedens bidrag til prosjektet kommer fra Gry Andreassen, registrator ved Varanger museum, avd. Grenselandmuseet. Artikkelen handler om \u00a0Wessels fotosamling p\u00e5 Grenselandmuseet som kan sees som museets viktigste samling. Det er ikke den st\u00f8rste i omfang, men muligens den av st\u00f8rst betydning.","protected":false},"author":2,"featured_media":6270,"comment_status":"closed","ping_status":"closed","sticky":false,"template":"","format":"standard","meta":[],"categories":[382,11],"tags":[],"_links":{"self":[{"href":"https:\/\/finnmarksarkivene.no\/index.php?rest_route=\/wp\/v2\/posts\/6264"}],"collection":[{"href":"https:\/\/finnmarksarkivene.no\/index.php?rest_route=\/wp\/v2\/posts"}],"about":[{"href":"https:\/\/finnmarksarkivene.no\/index.php?rest_route=\/wp\/v2\/types\/post"}],"author":[{"embeddable":true,"href":"https:\/\/finnmarksarkivene.no\/index.php?rest_route=\/wp\/v2\/users\/2"}],"replies":[{"embeddable":true,"href":"https:\/\/finnmarksarkivene.no\/index.php?rest_route=%2Fwp%2Fv2%2Fcomments&post=6264"}],"version-history":[{"count":16,"href":"https:\/\/finnmarksarkivene.no\/index.php?rest_route=\/wp\/v2\/posts\/6264\/revisions"}],"predecessor-version":[{"id":6414,"href":"https:\/\/finnmarksarkivene.no\/index.php?rest_route=\/wp\/v2\/posts\/6264\/revisions\/6414"}],"wp:featuredmedia":[{"embeddable":true,"href":"https:\/\/finnmarksarkivene.no\/index.php?rest_route=\/wp\/v2\/media\/6270"}],"wp:attachment":[{"href":"https:\/\/finnmarksarkivene.no\/index.php?rest_route=%2Fwp%2Fv2%2Fmedia&parent=6264"}],"wp:term":[{"taxonomy":"category","embeddable":true,"href":"https:\/\/finnmarksarkivene.no\/index.php?rest_route=%2Fwp%2Fv2%2Fcategories&post=6264"},{"taxonomy":"post_tag","embeddable":true,"href":"https:\/\/finnmarksarkivene.no\/index.php?rest_route=%2Fwp%2Fv2%2Ftags&post=6264"}],"curies":[{"name":"wp","href":"https:\/\/api.w.org\/{rel}","templated":true}]}}