{"id":6605,"date":"2018-11-12T17:48:49","date_gmt":"2018-11-12T17:48:49","guid":{"rendered":"http:\/\/finnmarksarkivene.no\/?p=6605"},"modified":"2018-11-27T06:55:59","modified_gmt":"2018-11-27T06:55:59","slug":"arkivdagen-pa-statsarkivet-i-tromso","status":"publish","type":"post","link":"https:\/\/finnmarksarkivene.no\/?p=6605","title":{"rendered":"Arkivdagen 2018 p\u00e5 Statsarkivet i Troms\u00f8"},"content":{"rendered":"<p>Arkivdagen markeres 15.11.2018 kl. 12.00-15.00 p\u00e5<br \/>\nStatsarkivet i Troms\u00f8<\/p>\n<p><!--more--><\/p>\n<p>Kl. 12.00 Troms\u00f8 Sanitetsforening 1896-1921: Helse- og omsorgsarbeid,<br \/>\nkvinnestemmerett og nasjonsbygging. Ved Syn\u00f8ve Bringslid<\/p>\n<div class=\"text_exposed_show\">\n<p>Kl. 13.00 Kobber, kvener og spr\u00e5kpolitikk: Om \u00e5 bruke arkivet i forskning p\u00e5 spr\u00e5k og<br \/>\narbeid. Ved Florian Hiss<\/p>\n<p>Om foredragsholderne:<br \/>\nSyn\u00f8ve Bringslid er f\u00f8rstearkivar ved Statsarkivet i Troms\u00f8 og vil i sitt foredrag se p\u00e5 Troms\u00f8 Sanitetsforenings arbeid de f\u00f8rste 25 \u00e5rene i et lokalt og nasjonalt perspektiv. Troms\u00f8 Sanitetsforening var en av de f\u00f8rste lokalforeningene av Norske Kvinners Sanitetsforening som ble stiftet, og fikk relativt mange medlemmer. Sentralt i Kristiania var det Norsk Kvinnesaksforening, som arbeidet for at kvinnene skulle f\u00e5 politisk stemmerett, som tok initiativ til \u00e5 danne NKS. I foredraget vil det bli satt lys p\u00e5 kvinnene som stiftet Troms\u00f8 Sanitetsforening i 1896: Hvem var de, og hvilke oppgaver valgte de \u00e5 ta fatt i? Endret oppgavene seg i l\u00f8pet av 25 \u00e5r, og hvem samarbeidet de med?<\/p>\n<p>Formannen i Troms\u00f8 Sanitetsforening sendte brev og bad om st\u00f8tte til foreningen fra flere, deriblant Sara Fabricius og\u00a0Cora Sandel). Arkiv P-0740, Troms\u00f8 Sanitetsforening, kopibok.<\/p>\n<p>Florian Hiss er spr\u00e5kviter ved UiT\u2013Norges arktiske universitet og har gjennomf\u00f8rt et forskningsprosjekt om spr\u00e5kmangfold og arbeid i nord. Han skal fortelle om spr\u00e5kbruk og spr\u00e5kpolitikk i og rundt K\u00e5fjord kobberverk og bruken av arkivmateriale i sosiolingvistisk forskning. K\u00e5fjord kobberverk var p\u00e5 midten av 1800-tallet blant Norges st\u00f8rste industribedrifter og en tidlig akt\u00f8r i globaliseringa i nord. Gruva samlet rundt seg et spr\u00e5klig og kulturelt mangfoldig arbeidersamfunn av f\u00f8rst og fremst innvandrere og tilflyttere, deriblant mange kvener fra Tornedalen.<\/p>\n<p>Fotoene er fra arkiv P-0002, Alten Kobberverk.<\/p>\n<p><a href=\"https:\/\/finnmarksarkivene.no\/wp-content\/uploads\/2018\/11\/45808166_10155591077052407_1585197606328336384_n.jpg\"><img loading=\"lazy\" class=\"alignleft size-medium wp-image-6606\" src=\"https:\/\/finnmarksarkivene.no\/wp-content\/uploads\/2018\/11\/45808166_10155591077052407_1585197606328336384_n-300x218.jpg\" alt=\"\" width=\"300\" height=\"218\" srcset=\"https:\/\/finnmarksarkivene.no\/wp-content\/uploads\/2018\/11\/45808166_10155591077052407_1585197606328336384_n-300x218.jpg 300w, https:\/\/finnmarksarkivene.no\/wp-content\/uploads\/2018\/11\/45808166_10155591077052407_1585197606328336384_n.jpg 605w\" sizes=\"(max-width: 300px) 100vw, 300px\" \/><\/a><\/p>\n<\/div>\n<p>&nbsp;<\/p>\n<p>&nbsp;<\/p>\n<p>&nbsp;<\/p>\n<p>&nbsp;<\/p>\n<p>&nbsp;<\/p>\n<p><a href=\"https:\/\/finnmarksarkivene.no\/wp-content\/uploads\/2018\/11\/45751606_10155591077057407_4940101783637721088_n.jpg\"><img loading=\"lazy\" class=\"alignleft size-medium wp-image-6610\" src=\"https:\/\/finnmarksarkivene.no\/wp-content\/uploads\/2018\/11\/45751606_10155591077057407_4940101783637721088_n-300x219.jpg\" alt=\"\" width=\"300\" height=\"219\" srcset=\"https:\/\/finnmarksarkivene.no\/wp-content\/uploads\/2018\/11\/45751606_10155591077057407_4940101783637721088_n-300x219.jpg 300w, https:\/\/finnmarksarkivene.no\/wp-content\/uploads\/2018\/11\/45751606_10155591077057407_4940101783637721088_n.jpg 605w\" sizes=\"(max-width: 300px) 100vw, 300px\" \/><\/a><\/p>\n<p>&nbsp;<\/p>\n<p>&nbsp;<\/p>\n<p>&nbsp;<\/p>\n<p>&nbsp;<\/p>\n<p>&nbsp;<\/p>\n<p>&nbsp;<\/p>\n<p>&nbsp;<\/p>\n<p>&nbsp;<\/p>\n","protected":false},"excerpt":{"rendered":"Arkivdagen markeres 15.11.2018 kl. 12.00-15.00 p\u00e5 Statsarkivet i Troms\u00f8","protected":false},"author":1,"featured_media":6606,"comment_status":"closed","ping_status":"closed","sticky":false,"template":"","format":"standard","meta":[],"categories":[11],"tags":[],"_links":{"self":[{"href":"https:\/\/finnmarksarkivene.no\/index.php?rest_route=\/wp\/v2\/posts\/6605"}],"collection":[{"href":"https:\/\/finnmarksarkivene.no\/index.php?rest_route=\/wp\/v2\/posts"}],"about":[{"href":"https:\/\/finnmarksarkivene.no\/index.php?rest_route=\/wp\/v2\/types\/post"}],"author":[{"embeddable":true,"href":"https:\/\/finnmarksarkivene.no\/index.php?rest_route=\/wp\/v2\/users\/1"}],"replies":[{"embeddable":true,"href":"https:\/\/finnmarksarkivene.no\/index.php?rest_route=%2Fwp%2Fv2%2Fcomments&post=6605"}],"version-history":[{"count":4,"href":"https:\/\/finnmarksarkivene.no\/index.php?rest_route=\/wp\/v2\/posts\/6605\/revisions"}],"predecessor-version":[{"id":6645,"href":"https:\/\/finnmarksarkivene.no\/index.php?rest_route=\/wp\/v2\/posts\/6605\/revisions\/6645"}],"wp:featuredmedia":[{"embeddable":true,"href":"https:\/\/finnmarksarkivene.no\/index.php?rest_route=\/wp\/v2\/media\/6606"}],"wp:attachment":[{"href":"https:\/\/finnmarksarkivene.no\/index.php?rest_route=%2Fwp%2Fv2%2Fmedia&parent=6605"}],"wp:term":[{"taxonomy":"category","embeddable":true,"href":"https:\/\/finnmarksarkivene.no\/index.php?rest_route=%2Fwp%2Fv2%2Fcategories&post=6605"},{"taxonomy":"post_tag","embeddable":true,"href":"https:\/\/finnmarksarkivene.no\/index.php?rest_route=%2Fwp%2Fv2%2Ftags&post=6605"}],"curies":[{"name":"wp","href":"https:\/\/api.w.org\/{rel}","templated":true}]}}