{"id":6828,"date":"2019-01-03T13:14:55","date_gmt":"2019-01-03T13:14:55","guid":{"rendered":"http:\/\/finnmarksarkivene.no\/?p=6828"},"modified":"2019-02-08T07:04:56","modified_gmt":"2019-02-08T07:04:56","slug":"vadso-historielag-2","status":"publish","type":"post","link":"https:\/\/finnmarksarkivene.no\/?p=6828","title":{"rendered":"Vads\u00f8 historielag"},"content":{"rendered":"<p>Finnmark fylkesbibliotek deponerer arkivet fra Vads\u00f8 historielag. Det er utf\u00f8rt avleveringer av materiale i flere omganger. Den f\u00f8rste fant sted i 2008 da arkivet ble flyttet fra Vads\u00f8 museum til fylkesbiblioteket. Senere har Anne Martha Steinnes, J\u00f8rgen Dahl og Eirin Basma Finseth avlevert arkivmateriale. Arkivet er ordnet og katalogisert ved Finnmark fylkesbibliotek januar 2019.<!--more--><\/p>\n<table>\n<tbody>\n<tr>\n<td width=\"196\">Arkivnavn<\/td>\n<td width=\"416\">Vads\u00f8 historielag<\/td>\n<\/tr>\n<tr>\n<td width=\"196\">Arkivskaper<\/td>\n<td width=\"416\">Vads\u00f8 historielag<\/td>\n<\/tr>\n<tr>\n<td width=\"196\">Arkivref (id)<\/td>\n<td width=\"416\">FMFK -1205<\/td>\n<\/tr>\n<tr>\n<td width=\"196\">Reg.base<\/td>\n<td width=\"416\">ASTA<\/td>\n<\/tr>\n<tr>\n<td width=\"196\">Publ. base (evt. link til katalogen)<\/td>\n<td width=\"416\"><a href=\"http:\/\/www.arkivportalen.no\/entity\/no-FMFB_arkiv_000000005215\" target=\"_blank\" rel=\"noopener\">Arkivportalen<\/a><\/td>\n<\/tr>\n<tr>\n<td width=\"196\">Type materiale, ev. ogs\u00e5 innholdstype<\/td>\n<td width=\"416\"><a href=\"https:\/\/asta-content-repo.s3-us-west-2.amazonaws.com\/no-FMFB_arkiv_000000005294-2.pdf\" target=\"_blank\" rel=\"noopener\">A-0205 Vads\u00f8 historielag<\/a><\/td>\n<\/tr>\n<tr>\n<td width=\"196\">Tidsperiode<\/td>\n<td width=\"416\">1978-2016<\/td>\n<\/tr>\n<tr>\n<td width=\"196\">Type virksomhet<\/td>\n<td width=\"416\">historielag<\/td>\n<\/tr>\n<tr>\n<td width=\"196\">Sted \/ omr\u00e5de<\/td>\n<td width=\"416\">Vads\u00f8<\/td>\n<\/tr>\n<tr>\n<td width=\"196\">Spr\u00e5k<\/td>\n<td width=\"416\">norsk<\/td>\n<\/tr>\n<tr>\n<td width=\"196\">Ordningsgrad<\/td>\n<td width=\"416\">Ferdig ordnet og katalogisert<\/td>\n<\/tr>\n<tr>\n<td width=\"196\">Omfang<\/td>\n<td width=\"416\">1,6 hm<\/td>\n<\/tr>\n<tr>\n<td width=\"196\">Arkivliste<\/td>\n<td width=\"416\">ja<\/td>\n<\/tr>\n<tr>\n<td width=\"196\">Digitalisering (evt. link til dig. filer)<\/td>\n<td width=\"416\">nei<\/td>\n<\/tr>\n<tr>\n<td width=\"196\">Oppbevarings- \/deponeringssted<\/td>\n<td width=\"416\">Finnmark fylkesbibliotek<\/td>\n<\/tr>\n<tr>\n<td width=\"196\">Kontaktopplysninger<\/td>\n<td width=\"416\"><a href=\"http:\/\/www.finnmarkfylkesbibliotek.no\/tjenester\/privatarkiv\/\" target=\"_blank\" rel=\"noopener\">http:\/\/www.fm.fylkesbibl.no\/web\/index.php\/privatarkiv\/privatarkiver-finnmark-fylkesbibliotek<\/a><\/td>\n<\/tr>\n<tr>\n<td width=\"196\">Spesielle bemerkninger<\/p>\n<p>(fysisk tilstand, klausul osv.)<\/td>\n<td width=\"416\"><\/td>\n<\/tr>\n<\/tbody>\n<\/table>\n","protected":false},"excerpt":{"rendered":"Finnmark fylkesbibliotek deponerer arkivet fra Vads\u00f8 historielag. Det er utf\u00f8rt avleveringer av materiale i flere omganger. Den f\u00f8rste fant sted i 2008 da arkivet ble flyttet fra Vads\u00f8 museum til fylkesbiblioteket. Senere har Anne Martha Steinnes, J\u00f8rgen Dahl og Eirin Basma Finseth avlevert arkivmateriale. Arkivet er ordnet og katalogisert ved Finnmark fylkesbibliotek januar 2019.","protected":false},"author":1,"featured_media":0,"comment_status":"closed","ping_status":"closed","sticky":false,"template":"","format":"standard","meta":[],"categories":[137],"tags":[],"_links":{"self":[{"href":"https:\/\/finnmarksarkivene.no\/index.php?rest_route=\/wp\/v2\/posts\/6828"}],"collection":[{"href":"https:\/\/finnmarksarkivene.no\/index.php?rest_route=\/wp\/v2\/posts"}],"about":[{"href":"https:\/\/finnmarksarkivene.no\/index.php?rest_route=\/wp\/v2\/types\/post"}],"author":[{"embeddable":true,"href":"https:\/\/finnmarksarkivene.no\/index.php?rest_route=\/wp\/v2\/users\/1"}],"replies":[{"embeddable":true,"href":"https:\/\/finnmarksarkivene.no\/index.php?rest_route=%2Fwp%2Fv2%2Fcomments&post=6828"}],"version-history":[{"count":6,"href":"https:\/\/finnmarksarkivene.no\/index.php?rest_route=\/wp\/v2\/posts\/6828\/revisions"}],"predecessor-version":[{"id":6943,"href":"https:\/\/finnmarksarkivene.no\/index.php?rest_route=\/wp\/v2\/posts\/6828\/revisions\/6943"}],"wp:attachment":[{"href":"https:\/\/finnmarksarkivene.no\/index.php?rest_route=%2Fwp%2Fv2%2Fmedia&parent=6828"}],"wp:term":[{"taxonomy":"category","embeddable":true,"href":"https:\/\/finnmarksarkivene.no\/index.php?rest_route=%2Fwp%2Fv2%2Fcategories&post=6828"},{"taxonomy":"post_tag","embeddable":true,"href":"https:\/\/finnmarksarkivene.no\/index.php?rest_route=%2Fwp%2Fv2%2Ftags&post=6828"}],"curies":[{"name":"wp","href":"https:\/\/api.w.org\/{rel}","templated":true}]}}