{"id":6915,"date":"2019-02-07T07:01:27","date_gmt":"2019-02-07T07:01:27","guid":{"rendered":"http:\/\/finnmarksarkivene.no\/?p=6915"},"modified":"2019-04-01T10:02:29","modified_gmt":"2019-04-01T10:02:29","slug":"finnes-bruk-av-samisk-sprak-i-kommunal-forvaltning","status":"publish","type":"post","link":"https:\/\/finnmarksarkivene.no\/?p=6915","title":{"rendered":"Finnes det bruk av samisk spr\u00e5k i kommunal forvaltning?"},"content":{"rendered":"<p><strong>&#8220;I anledning samefolkets dag, har vi sett etter bruk av samisk i kommunal forvaltning. I arkivet til dengang Kistrand er det funnet dokumenter skrevet p\u00e5 samisk.Dette er s\u00e5 viktige dokumenter at de er blitt endel av v\u00e5r norske dokumentarv&#8221;, skriver Gunnhild S. Engstad, daglig leder fra IKA Finnmark.<\/strong><\/p>\n<p><!--more--><\/p>\n<p>Artikkelforfatter er Gunnhild S. Engstad, dagligleder fra IKA Finnmark<\/p>\n<p>I 2006 gjennomgikk Kaisa Johanna Maliniemi\u00a0bl.a. det kommunale arkivet til Kistrand 1845-1911\u00a0som ledd i sin\u00a0forskning p\u00e5 minoriteter i offentlige arkiv. Kistrand dekket p\u00e5 1800-tallet omr\u00e5der som\u00a0idag utgj\u00f8r Kautokeino, Karasjok, Porsanger, deler av M\u00e5s\u00f8y og deler av Nordkapp.\u00a0Her fant hun dokumenter p\u00e5 b\u00e5de kvensk og samisk. Hennes systematiske gjennomgang av hele arkivet avdekket s\u00e5 mange som 120 samiske dokumenter.<br \/>\n<a href=\"https:\/\/www.kulturradet.no\/vis-publikasjon\/-\/arkivdokumentene-forteller\" target=\"_blank\" rel=\"noopener\">Les mer om arkivene<\/a> og resultatet av hennes forskning.<\/p>\n<p>Det <a href=\"https:\/\/www.arkivverket.no\/utforsk-arkivene\/norges-dokumentarv\/kvenske-og-samiske-dokumenter-fra-kistrand-kommunearkiv-1845-1914\" target=\"_blank\" rel=\"noopener\">kommunale arkivet til Kistrand 1845-1914<\/a> er oppbevart p\u00e5 Statsarkivet i Troms\u00f8 og tilgjengelig der. Det ble avlevert f\u00f8r IKA Finnmark IKS ble opprettet.\u00a0Vi har til oss ogs\u00e5 f\u00e5tt avlevert kommunalt arkiv fra den perioden for Kistrand, hovedsaklig skolearkiv.\u00a0\u00a0Kaisa Johanna Maliniemis funn, var s\u00e5 viktig at hele arkivet n\u00e5 inng\u00e5r som del av v\u00e5r <a href=\"https:\/\/www.kulturradet.no\/norges-dokumentarv\/register\" target=\"_blank\" rel=\"noopener\">norske dokumentarv<\/a>.<\/p>\n<p>I IKA Finnmark IKS s\u00f8ken etter informasjon fra\u00a0Kistrand,\u00a0Fattigstyrets arkiv\u00a0fra siste del av 1800-tallet, og kom over flere av dokumentene p\u00e5 samisk. Dokumentene\u00a0kan v\u00e6re skrevet p\u00e5 det type papir man har\u00a0for h\u00e5nd.\u00a0Her f\u00e5r du en liten smakebit fra 1895-1897:<\/p>\n<div id=\"attachment_6916\" style=\"width: 910px\" class=\"wp-caption aligncenter\"><a href=\"https:\/\/finnmarksarkivene.no\/wp-content\/uploads\/2019\/02\/IMG_3958samisk.jpg\"><img aria-describedby=\"caption-attachment-6916\" loading=\"lazy\" class=\"wp-image-6916 size-large\" src=\"https:\/\/finnmarksarkivene.no\/wp-content\/uploads\/2019\/02\/IMG_3958samisk-1024x803.jpg\" alt=\"\" width=\"900\" height=\"706\" srcset=\"https:\/\/finnmarksarkivene.no\/wp-content\/uploads\/2019\/02\/IMG_3958samisk-1024x803.jpg 1024w, https:\/\/finnmarksarkivene.no\/wp-content\/uploads\/2019\/02\/IMG_3958samisk-300x235.jpg 300w, https:\/\/finnmarksarkivene.no\/wp-content\/uploads\/2019\/02\/IMG_3958samisk-768x602.jpg 768w\" sizes=\"(max-width: 900px) 100vw, 900px\" \/><\/a><p id=\"caption-attachment-6916\" class=\"wp-caption-text\">Brevet fra Magga Johannesdatter, Goradak<\/p><\/div>\n<div id=\"attachment_6917\" style=\"width: 690px\" class=\"wp-caption aligncenter\"><a href=\"https:\/\/finnmarksarkivene.no\/wp-content\/uploads\/2019\/02\/IMG_3960samisk.jpg\"><img aria-describedby=\"caption-attachment-6917\" loading=\"lazy\" class=\"wp-image-6917 size-large\" src=\"https:\/\/finnmarksarkivene.no\/wp-content\/uploads\/2019\/02\/IMG_3960samisk-680x1024.jpg\" alt=\"\" width=\"680\" height=\"1024\" srcset=\"https:\/\/finnmarksarkivene.no\/wp-content\/uploads\/2019\/02\/IMG_3960samisk-680x1024.jpg 680w, https:\/\/finnmarksarkivene.no\/wp-content\/uploads\/2019\/02\/IMG_3960samisk-199x300.jpg 199w, https:\/\/finnmarksarkivene.no\/wp-content\/uploads\/2019\/02\/IMG_3960samisk-768x1157.jpg 768w, https:\/\/finnmarksarkivene.no\/wp-content\/uploads\/2019\/02\/IMG_3960samisk.jpg 1705w\" sizes=\"(max-width: 680px) 100vw, 680px\" \/><\/a><p id=\"caption-attachment-6917\" class=\"wp-caption-text\">Brevet fra Jon Johanesen Guttorm, Kj\u00e6s<\/p><\/div>\n<div id=\"attachment_6918\" style=\"width: 671px\" class=\"wp-caption aligncenter\"><a href=\"https:\/\/finnmarksarkivene.no\/wp-content\/uploads\/2019\/02\/IMG_3962samisk.jpg\"><img aria-describedby=\"caption-attachment-6918\" loading=\"lazy\" class=\"wp-image-6918 size-large\" src=\"https:\/\/finnmarksarkivene.no\/wp-content\/uploads\/2019\/02\/IMG_3962samisk-661x1024.jpg\" alt=\"\" width=\"661\" height=\"1024\" srcset=\"https:\/\/finnmarksarkivene.no\/wp-content\/uploads\/2019\/02\/IMG_3962samisk-661x1024.jpg 661w, https:\/\/finnmarksarkivene.no\/wp-content\/uploads\/2019\/02\/IMG_3962samisk-194x300.jpg 194w, https:\/\/finnmarksarkivene.no\/wp-content\/uploads\/2019\/02\/IMG_3962samisk-768x1189.jpg 768w, https:\/\/finnmarksarkivene.no\/wp-content\/uploads\/2019\/02\/IMG_3962samisk.jpg 1717w\" sizes=\"(max-width: 661px) 100vw, 661px\" \/><\/a><p id=\"caption-attachment-6918\" class=\"wp-caption-text\">Brevet fra H. H. Kolvik<\/p><\/div>\n<div id=\"attachment_6919\" style=\"width: 910px\" class=\"wp-caption aligncenter\"><a href=\"https:\/\/finnmarksarkivene.no\/wp-content\/uploads\/2019\/02\/IMG_3963samisk.jpg\"><img aria-describedby=\"caption-attachment-6919\" loading=\"lazy\" class=\"wp-image-6919 size-large\" src=\"https:\/\/finnmarksarkivene.no\/wp-content\/uploads\/2019\/02\/IMG_3963samisk-1024x566.jpg\" alt=\"\" width=\"900\" height=\"497\" srcset=\"https:\/\/finnmarksarkivene.no\/wp-content\/uploads\/2019\/02\/IMG_3963samisk-1024x566.jpg 1024w, https:\/\/finnmarksarkivene.no\/wp-content\/uploads\/2019\/02\/IMG_3963samisk-300x166.jpg 300w, https:\/\/finnmarksarkivene.no\/wp-content\/uploads\/2019\/02\/IMG_3963samisk-768x424.jpg 768w\" sizes=\"(max-width: 900px) 100vw, 900px\" \/><\/a><p id=\"caption-attachment-6919\" class=\"wp-caption-text\">Kl. Klemetsen, Stabbursnes<\/p><\/div>\n<div id=\"attachment_6928\" style=\"width: 732px\" class=\"wp-caption aligncenter\"><a href=\"https:\/\/finnmarksarkivene.no\/wp-content\/uploads\/2019\/02\/IMG_4050samisk.jpg\"><img aria-describedby=\"caption-attachment-6928\" loading=\"lazy\" class=\"size-large wp-image-6928\" src=\"https:\/\/finnmarksarkivene.no\/wp-content\/uploads\/2019\/02\/IMG_4050samisk-722x1024.jpg\" alt=\"\" width=\"722\" height=\"1024\" srcset=\"https:\/\/finnmarksarkivene.no\/wp-content\/uploads\/2019\/02\/IMG_4050samisk-722x1024.jpg 722w, https:\/\/finnmarksarkivene.no\/wp-content\/uploads\/2019\/02\/IMG_4050samisk-211x300.jpg 211w, https:\/\/finnmarksarkivene.no\/wp-content\/uploads\/2019\/02\/IMG_4050samisk-768x1090.jpg 768w, https:\/\/finnmarksarkivene.no\/wp-content\/uploads\/2019\/02\/IMG_4050samisk.jpg 1980w\" sizes=\"(max-width: 722px) 100vw, 722px\" \/><\/a><p id=\"caption-attachment-6928\" class=\"wp-caption-text\">Brev fra Johan Olsen<\/p><\/div>\n<p>&nbsp;<\/p>\n<p>&nbsp;<\/p>\n<p>&nbsp;<\/p>\n<p>&nbsp;<\/p>\n<p>&nbsp;<\/p>\n","protected":false},"excerpt":{"rendered":"&#8220;I anledning samefolkets dag, har vi sett etter bruk av samisk i kommunal forvaltning. I arkivet til dengang Kistrand er det funnet dokumenter skrevet p\u00e5 samisk.Dette er s\u00e5 viktige dokumenter at de er blitt endel av v\u00e5r norske dokumentarv&#8221;, skriver Gunnhild S. Engstad, daglig leder fra IKA Finnmark.","protected":false},"author":1,"featured_media":6919,"comment_status":"closed","ping_status":"closed","sticky":false,"template":"","format":"standard","meta":[],"categories":[11],"tags":[],"_links":{"self":[{"href":"https:\/\/finnmarksarkivene.no\/index.php?rest_route=\/wp\/v2\/posts\/6915"}],"collection":[{"href":"https:\/\/finnmarksarkivene.no\/index.php?rest_route=\/wp\/v2\/posts"}],"about":[{"href":"https:\/\/finnmarksarkivene.no\/index.php?rest_route=\/wp\/v2\/types\/post"}],"author":[{"embeddable":true,"href":"https:\/\/finnmarksarkivene.no\/index.php?rest_route=\/wp\/v2\/users\/1"}],"replies":[{"embeddable":true,"href":"https:\/\/finnmarksarkivene.no\/index.php?rest_route=%2Fwp%2Fv2%2Fcomments&post=6915"}],"version-history":[{"count":13,"href":"https:\/\/finnmarksarkivene.no\/index.php?rest_route=\/wp\/v2\/posts\/6915\/revisions"}],"predecessor-version":[{"id":7239,"href":"https:\/\/finnmarksarkivene.no\/index.php?rest_route=\/wp\/v2\/posts\/6915\/revisions\/7239"}],"wp:featuredmedia":[{"embeddable":true,"href":"https:\/\/finnmarksarkivene.no\/index.php?rest_route=\/wp\/v2\/media\/6919"}],"wp:attachment":[{"href":"https:\/\/finnmarksarkivene.no\/index.php?rest_route=%2Fwp%2Fv2%2Fmedia&parent=6915"}],"wp:term":[{"taxonomy":"category","embeddable":true,"href":"https:\/\/finnmarksarkivene.no\/index.php?rest_route=%2Fwp%2Fv2%2Fcategories&post=6915"},{"taxonomy":"post_tag","embeddable":true,"href":"https:\/\/finnmarksarkivene.no\/index.php?rest_route=%2Fwp%2Fv2%2Ftags&post=6915"}],"curies":[{"name":"wp","href":"https:\/\/api.w.org\/{rel}","templated":true}]}}