{"id":6959,"date":"2019-02-13T11:20:11","date_gmt":"2019-02-13T11:20:11","guid":{"rendered":"http:\/\/finnmarksarkivene.no\/?p=6959"},"modified":"2019-03-25T10:54:57","modified_gmt":"2019-03-25T10:54:57","slug":"nytt-magasin-er-apnet-pa-gjenreisningsmuseet","status":"publish","type":"post","link":"https:\/\/finnmarksarkivene.no\/?p=6959","title":{"rendered":"Nytt magasin er \u00e5pnet p\u00e5 Gjenreisningsmuseet"},"content":{"rendered":"<p><strong>Torsdag 24. januar var det offisiell \u00e5pning av nytt magasin p\u00e5 Gjenreisningsmuseet for Finnmark og Nord-Troms i Hammerfest. Prosjektet startet i 2013, og n\u00e5 er magasinet innflyttingsklart. Tilbakeflyttingen av gjenstander og arkivalia kan starte.<\/strong><\/p>\n<p><!--more--><\/p>\n<div class=\"articlebody cf\">\n<div class=\"innerbody\">\n<div id=\"attachment_6961\" style=\"width: 910px\" class=\"wp-caption aligncenter\"><a href=\"https:\/\/finnmarksarkivene.no\/wp-content\/uploads\/2019\/02\/Tove-Daniela-og-tre-herrer.jpg\"><img aria-describedby=\"caption-attachment-6961\" loading=\"lazy\" class=\"wp-image-6961 size-large\" src=\"https:\/\/finnmarksarkivene.no\/wp-content\/uploads\/2019\/02\/Tove-Daniela-og-tre-herrer-1024x768.jpg\" alt=\"\" width=\"900\" height=\"675\" srcset=\"https:\/\/finnmarksarkivene.no\/wp-content\/uploads\/2019\/02\/Tove-Daniela-og-tre-herrer.jpg 1024w, https:\/\/finnmarksarkivene.no\/wp-content\/uploads\/2019\/02\/Tove-Daniela-og-tre-herrer-300x225.jpg 300w, https:\/\/finnmarksarkivene.no\/wp-content\/uploads\/2019\/02\/Tove-Daniela-og-tre-herrer-768x576.jpg 768w\" sizes=\"(max-width: 900px) 100vw, 900px\" \/><\/a><p id=\"caption-attachment-6961\" class=\"wp-caption-text\">Gjengen bak magasinarbeidet, fra venstre Daniela K\u00f6tter fra Gjenreisningsmuseet, Petter N\u00e6ss fra prosjektavdelingen, Tove Johansen fra Gjenreisningsmuseet, Even Bech Simonsen fra SB2 og Atle Hansen fra prosjektavdelingen. Foto: Gerd Hagen, Hammerfest kommune.<\/p><\/div>\n<p>Museets magasin skal gjenreises og samlingene (b\u00e5de gjenstander og arkivalia) har f\u00e5tt nye flotte kulisser hvor bevaringsforholdene er optimale for ethvert behov som en kan lese i museets hjemmeside .<\/p>\n<p>\u00c5pningen ble feiret med utstillingen &#8220;Gull eller gr\u00e5stein&#8221; designet av Maria Stephansen. Publikumet ble \u00f8nsket velkommen av konstituert avdelingsleder Evelyn Johnsen, fikk h\u00f8re litt om prosjektet av gjenstandskonservator Daniela K\u00f6tter og hilsen fra Direkt\u00f8r og museumsselskapet fra styreleder Leif Vidar Olsen. Prosjektavdelingen hos kommunen og entrepren\u00f8r SB2 som har st\u00e5tt for utbyggingen ble takket, sammen med Gerd Hagen som har v\u00e6rt en viktig st\u00f8ttespiller for museet.<\/p>\n<div id=\"attachment_6960\" style=\"width: 910px\" class=\"wp-caption aligncenter\"><a href=\"https:\/\/finnmarksarkivene.no\/wp-content\/uploads\/2019\/02\/Daniela-viser-det-primavera-magasinet.jpg\"><img aria-describedby=\"caption-attachment-6960\" loading=\"lazy\" class=\"size-large wp-image-6960\" src=\"https:\/\/finnmarksarkivene.no\/wp-content\/uploads\/2019\/02\/Daniela-viser-det-primavera-magasinet-1024x768.jpg\" alt=\"\" width=\"900\" height=\"675\" srcset=\"https:\/\/finnmarksarkivene.no\/wp-content\/uploads\/2019\/02\/Daniela-viser-det-primavera-magasinet.jpg 1024w, https:\/\/finnmarksarkivene.no\/wp-content\/uploads\/2019\/02\/Daniela-viser-det-primavera-magasinet-300x225.jpg 300w, https:\/\/finnmarksarkivene.no\/wp-content\/uploads\/2019\/02\/Daniela-viser-det-primavera-magasinet-768x576.jpg 768w\" sizes=\"(max-width: 900px) 100vw, 900px\" \/><\/a><p id=\"caption-attachment-6960\" class=\"wp-caption-text\">Gjenstandskonservator Daniela K\u00f6tter viser rundt p\u00e5 det nye magasinet. Foto: Gerd Hagen, Hammerfest kommune.<\/p><\/div>\n<p>Den offisielle \u00e5pningen skjedde nede p\u00e5 magasinomr\u00e5dene. Her talte Gerd Hagen om kommunens visjoner for museumsbygget. Varaordf\u00f8rer Marianne Sivertsen N\u00e6ss sto s\u00e5 for den offisielle \u00e5pningen.<\/p>\n<\/div>\n<\/div>\n<div id=\"attachment_6962\" style=\"width: 910px\" class=\"wp-caption aligncenter\"><a href=\"https:\/\/finnmarksarkivene.no\/wp-content\/uploads\/2019\/02\/Utstillingen-Gull-eller-Gr\u00e5stein.jpg\"><img aria-describedby=\"caption-attachment-6962\" loading=\"lazy\" class=\"size-large wp-image-6962\" src=\"https:\/\/finnmarksarkivene.no\/wp-content\/uploads\/2019\/02\/Utstillingen-Gull-eller-Gr\u00e5stein-1024x768.jpg\" alt=\"\" width=\"900\" height=\"675\" srcset=\"https:\/\/finnmarksarkivene.no\/wp-content\/uploads\/2019\/02\/Utstillingen-Gull-eller-Gr\u00e5stein.jpg 1024w, https:\/\/finnmarksarkivene.no\/wp-content\/uploads\/2019\/02\/Utstillingen-Gull-eller-Gr\u00e5stein-300x225.jpg 300w, https:\/\/finnmarksarkivene.no\/wp-content\/uploads\/2019\/02\/Utstillingen-Gull-eller-Gr\u00e5stein-768x576.jpg 768w\" sizes=\"(max-width: 900px) 100vw, 900px\" \/><\/a><p id=\"caption-attachment-6962\" class=\"wp-caption-text\">Avdelingsleder Evelyn Johnsen \u00f8nsket publikum velkommen til \u00e5pningen. Utstillingen &#8220;Gull eller gr\u00e5stein&#8221; var designet av museumspedagog\/formidler Maria Stephansen. Foto: Gerd Hagen, Hammerfest kommune.<\/p><\/div>\n<div class=\"articlebody cf\">\n<div class=\"innerbody\">\n<p>Festen fortsatte med omvisning i magasinene, arkivet og verkstedet og selvf\u00f8lgelig var det ogs\u00e5 kake. Tilbakeflyttingen av gjenstander og arkivalia kan starte etter festen!<\/p>\n<div id=\"attachment_6963\" style=\"width: 910px\" class=\"wp-caption aligncenter\"><a href=\"https:\/\/finnmarksarkivene.no\/wp-content\/uploads\/2019\/02\/Ordf\u00f8reren-Marianne-N\u00e6ss.jpg\"><img aria-describedby=\"caption-attachment-6963\" loading=\"lazy\" class=\"wp-image-6963 size-large\" src=\"https:\/\/finnmarksarkivene.no\/wp-content\/uploads\/2019\/02\/Ordf\u00f8reren-Marianne-N\u00e6ss-1024x768.jpg\" alt=\"\" width=\"900\" height=\"675\" srcset=\"https:\/\/finnmarksarkivene.no\/wp-content\/uploads\/2019\/02\/Ordf\u00f8reren-Marianne-N\u00e6ss.jpg 1024w, https:\/\/finnmarksarkivene.no\/wp-content\/uploads\/2019\/02\/Ordf\u00f8reren-Marianne-N\u00e6ss-300x225.jpg 300w, https:\/\/finnmarksarkivene.no\/wp-content\/uploads\/2019\/02\/Ordf\u00f8reren-Marianne-N\u00e6ss-768x576.jpg 768w\" sizes=\"(max-width: 900px) 100vw, 900px\" \/><\/a><p id=\"caption-attachment-6963\" class=\"wp-caption-text\">Varaordf\u00f8rer Marianne N\u00e6ss sto for den offisielle \u00e5pningen og snorklippingen. Foto: Gerd Hagen.<\/p><\/div>\n<p>Les mer p\u00e5:<\/p>\n<p>Kystmuseenes hjememside:\u00a0 <a href=\"https:\/\/www.kystmuseene.no\/nytt-magasin-er-aapnet-paa-gjenreisningsmuseet.6184730-107297.html\" target=\"_blank\" rel=\"noopener\">https:\/\/www.kystmuseene.no\/nytt-magasin-er-aapnet-paa-gjenreisningsmuseet.6184730-107297.html<\/a><\/p>\n<p>Ifinnmark (for abonnenter) <a href=\"https:\/\/www.ifinnmark.no\/vest-finnmark\/hammerfest\/kultur\/har-pusset-opp-for-over-14-millioner-kroner-innflyttingen-tar-halvannet-ar\/s\/5-81-928456\">https:\/\/www.ifinnmark.no\/vest-finnmark\/hammerfest\/kultur\/har-pusset-opp-for-over-14-millioner-kroner-innflyttingen-tar-halvannet-ar\/s\/5-81-928456<\/a><\/p>\n<p>Hammerfestingen (for abonnenter) <a href=\"https:\/\/hammerfestingen.no\/apnet-det-nye-magasinet\/\">https:\/\/hammerfestingen.no\/apnet-det-nye-magasinet\/<\/a><\/p>\n<p><a href=\"https:\/\/hammerfestingen.no\/na-starter-tilbakeflyttingen\/\">https:\/\/hammerfestingen.no\/na-starter-tilbakeflyttingen\/<\/a><\/p>\n<p>Nrk Finnmark <a href=\"https:\/\/www.nrk.no\/finnmark\/endelig-penger-til-a-ta-vare-pa-historia-1.13167782\">https:\/\/www.nrk.no\/finnmark\/endelig-penger-til-a-ta-vare-pa-historia-1.13167782<\/a><\/p>\n<\/div>\n<\/div>\n<div id=\"attachment_6964\" style=\"width: 910px\" class=\"wp-caption aligncenter\"><a href=\"https:\/\/finnmarksarkivene.no\/wp-content\/uploads\/2019\/02\/Publikum.jpg\"><img aria-describedby=\"caption-attachment-6964\" loading=\"lazy\" class=\"wp-image-6964 size-large\" src=\"https:\/\/finnmarksarkivene.no\/wp-content\/uploads\/2019\/02\/Publikum-1024x768.jpg\" alt=\"\" width=\"900\" height=\"675\" srcset=\"https:\/\/finnmarksarkivene.no\/wp-content\/uploads\/2019\/02\/Publikum.jpg 1024w, https:\/\/finnmarksarkivene.no\/wp-content\/uploads\/2019\/02\/Publikum-300x225.jpg 300w, https:\/\/finnmarksarkivene.no\/wp-content\/uploads\/2019\/02\/Publikum-768x576.jpg 768w\" sizes=\"(max-width: 900px) 100vw, 900px\" \/><\/a><p id=\"caption-attachment-6964\" class=\"wp-caption-text\">Flere hammerfestninger kom til \u00e5pningen og ville se det nye, flotte magasinet. Foto: Gerd Hagen<\/p><\/div>\n<div class=\"articlebody cf\">\n<div class=\"innerbody\">\n<p>&nbsp;<\/p>\n<\/div>\n<\/div>\n","protected":false},"excerpt":{"rendered":"Torsdag 24. januar var det offisiell \u00e5pning av nytt magasin p\u00e5 Gjenreisningsmuseet for Finnmark og Nord-Troms i Hammerfest. Prosjektet startet i 2013, og n\u00e5 er magasinet innflyttingsklart. Tilbakeflyttingen av gjenstander og arkivalia kan starte.","protected":false},"author":1,"featured_media":6961,"comment_status":"closed","ping_status":"closed","sticky":false,"template":"","format":"standard","meta":[],"categories":[11],"tags":[],"_links":{"self":[{"href":"https:\/\/finnmarksarkivene.no\/index.php?rest_route=\/wp\/v2\/posts\/6959"}],"collection":[{"href":"https:\/\/finnmarksarkivene.no\/index.php?rest_route=\/wp\/v2\/posts"}],"about":[{"href":"https:\/\/finnmarksarkivene.no\/index.php?rest_route=\/wp\/v2\/types\/post"}],"author":[{"embeddable":true,"href":"https:\/\/finnmarksarkivene.no\/index.php?rest_route=\/wp\/v2\/users\/1"}],"replies":[{"embeddable":true,"href":"https:\/\/finnmarksarkivene.no\/index.php?rest_route=%2Fwp%2Fv2%2Fcomments&post=6959"}],"version-history":[{"count":9,"href":"https:\/\/finnmarksarkivene.no\/index.php?rest_route=\/wp\/v2\/posts\/6959\/revisions"}],"predecessor-version":[{"id":7193,"href":"https:\/\/finnmarksarkivene.no\/index.php?rest_route=\/wp\/v2\/posts\/6959\/revisions\/7193"}],"wp:featuredmedia":[{"embeddable":true,"href":"https:\/\/finnmarksarkivene.no\/index.php?rest_route=\/wp\/v2\/media\/6961"}],"wp:attachment":[{"href":"https:\/\/finnmarksarkivene.no\/index.php?rest_route=%2Fwp%2Fv2%2Fmedia&parent=6959"}],"wp:term":[{"taxonomy":"category","embeddable":true,"href":"https:\/\/finnmarksarkivene.no\/index.php?rest_route=%2Fwp%2Fv2%2Fcategories&post=6959"},{"taxonomy":"post_tag","embeddable":true,"href":"https:\/\/finnmarksarkivene.no\/index.php?rest_route=%2Fwp%2Fv2%2Ftags&post=6959"}],"curies":[{"name":"wp","href":"https:\/\/api.w.org\/{rel}","templated":true}]}}