{"id":7200,"date":"2019-03-25T13:49:58","date_gmt":"2019-03-25T13:49:58","guid":{"rendered":"http:\/\/finnmarksarkivene.no\/?p=7200"},"modified":"2019-03-28T14:10:22","modified_gmt":"2019-03-28T14:10:22","slug":"utstilling-koji-tsuda-mine-8-ar-i-samiske-landskap","status":"publish","type":"post","link":"https:\/\/finnmarksarkivene.no\/?p=7200","title":{"rendered":"Fotoutstilling Koji TSUDA: MINE 8 \u00c5R I SAMISKE LANDSKAP"},"content":{"rendered":"<p>Arrangementet vil v\u00e6re en del av Samisk p\u00e5skefestival 2019, Guovdageaidnu \/ Kautokeino 13. &#8211; 22. april 2019.\u00a0<!--more--><\/p>\n<p><a href=\"http:\/\/www.samieasterfestival.com\/program.html\">http:\/\/www.samieasterfestival.com\/program.html<\/a><\/p>\n<p><a href=\"https:\/\/finnmarksarkivene.no\/wp-content\/uploads\/2019\/03\/fotoutstilling-kauto.png\"><img loading=\"lazy\" class=\"aligncenter size-large wp-image-7204\" src=\"https:\/\/finnmarksarkivene.no\/wp-content\/uploads\/2019\/03\/fotoutstilling-kauto-1024x249.png\" alt=\"\" width=\"900\" height=\"219\" srcset=\"https:\/\/finnmarksarkivene.no\/wp-content\/uploads\/2019\/03\/fotoutstilling-kauto-1024x249.png 1024w, https:\/\/finnmarksarkivene.no\/wp-content\/uploads\/2019\/03\/fotoutstilling-kauto-300x73.png 300w, https:\/\/finnmarksarkivene.no\/wp-content\/uploads\/2019\/03\/fotoutstilling-kauto-768x186.png 768w, https:\/\/finnmarksarkivene.no\/wp-content\/uploads\/2019\/03\/fotoutstilling-kauto.png 1170w\" sizes=\"(max-width: 900px) 100vw, 900px\" \/><\/a><\/p>\n<p style=\"text-align: center;\">Koji TSUDA<\/p>\n<p style=\"text-align: center;\">Foto 1974 &#8211; 1986<\/p>\n<p style=\"text-align: center;\">Utstilling 17. &#8211; 22.04 p\u00e5 Diehtosiida 12.00 -16.00<\/p>\n<p style=\"text-align: center;\">\u00c5pning 17.04. kl.16:00<\/p>\n<p style=\"text-align: center;\">Velkommen!<\/p>\n<p><strong>Fotografens kommentar til fotoutstillinga:<\/strong><\/p>\n<p>V\u00e5ren 1974 reiste jeg fra Japan til Norge og det var f\u00f8rste gang jeg dro utenlands. Jeg reiste i Nord-Norge p\u00e5 s\u00f8ken etter nordlyset og samenes land. Reisa ble \u00e5 vare i to og et halvt \u00e5r.<\/p>\n<p>I 1975 ble jeg kjent med Nils Peder fra M\u00e1ze. Jeg var fascinert av samenes liv og gjorde min andre reise til Guovdageaidnu h\u00f8sten 1977. Da m\u00f8tte jeg Nils Peder igjen og fikk anledning til \u00e5 oppleve vinter og v\u00e5rflytting med hans siida.<\/p>\n<p>Vinteren 1979 bes\u00f8kte jeg p\u00e5 nytt det samiske omr\u00e5det. I 1980 fikk jeg mulighet til \u00e5 oppleve v\u00e5rflyttinga sammen med Junnan og Nilliko og deres familier. Senere fotograferte jeg fra deres sommerboplasser.<\/p>\n<p>V\u00e5ren 1986 dro jeg igjen til S\u00e1pmi &#8211; sammen med japanske barn. Jeg fotograferte samisk hverdagsliv og begivenheter under Kautokeinop\u00e5sken og publiserte disse i et japansk barneblad.<\/p>\n<p>&nbsp;<\/p>\n<p>\u300c\u9b45\u305b\u3089\u308c\u3057\u3000\u00a0\u00a0\u00a0\u00a0\u00a0\u00a0\u00a0\u00a0\u00a0\u00a0\u00a0\u00a0\u00a0\u00a0\u00a0\u00a0\u00a0\u00a0\u00a0\u00a0\u00a0\u00a0\u00a0\u00a0\u00a0\u00a0\u00a0\u00a0\u00a0\u00a0\u00a0\u00a0\u00a0\u00a0\u00a0 \u30b5\u30fc\u30df\u3068\u5171\u306b\u3000\u00a0\u00a0\u00a0\u00a0\u00a0\u00a0\u00a0\u00a0\u00a0\u00a0\u00a0\u00a0\u00a0\u00a0\u00a0\u00a0\u00a0\u00a0\u00a0\u00a0\u00a0\u00a0\u00a0 \u00a0 \u00a0\u00a0\u00a0\u00a0\u00a0\u00a0\u00a0\u00a0\u00a0 \u767d\u3068\u7dd1\u300d<\/p>\n<p>Knyttet med mitt eget hjerte\u00a0\u00a0\u00a0\u00a0\u00a0\u00a0\u00a0\u00a0\u00a0\u00a0\u00a0\u00a0\u00a0\u00a0\u00a0\u00a0 Samenes reinbeiteland\u00a0\u00a0\u00a0\u00a0\u00a0\u00a0\u00a0\u00a0\u00a0\u00a0\u00a0\u00a0\u00a0\u00a0\u00a0\u00a0\u00a0\u00a0\u00a0\u00a0\u00a0\u00a0\u00a0\u00a0 Hvitt og gr\u00f8nt<\/p>\n<p>&nbsp;<\/p>\n<p>&nbsp;<\/p>\n<p style=\"text-align: center;\">\n","protected":false},"excerpt":{"rendered":"Arrangementet vil v\u00e6re en del av Samisk p\u00e5skefestival 2019, Guovdageaidnu \/ Kautokeino 13. &#8211; 22. april 2019.\u00a0","protected":false},"author":1,"featured_media":7201,"comment_status":"closed","ping_status":"closed","sticky":false,"template":"","format":"standard","meta":[],"categories":[11],"tags":[],"_links":{"self":[{"href":"https:\/\/finnmarksarkivene.no\/index.php?rest_route=\/wp\/v2\/posts\/7200"}],"collection":[{"href":"https:\/\/finnmarksarkivene.no\/index.php?rest_route=\/wp\/v2\/posts"}],"about":[{"href":"https:\/\/finnmarksarkivene.no\/index.php?rest_route=\/wp\/v2\/types\/post"}],"author":[{"embeddable":true,"href":"https:\/\/finnmarksarkivene.no\/index.php?rest_route=\/wp\/v2\/users\/1"}],"replies":[{"embeddable":true,"href":"https:\/\/finnmarksarkivene.no\/index.php?rest_route=%2Fwp%2Fv2%2Fcomments&post=7200"}],"version-history":[{"count":11,"href":"https:\/\/finnmarksarkivene.no\/index.php?rest_route=\/wp\/v2\/posts\/7200\/revisions"}],"predecessor-version":[{"id":7233,"href":"https:\/\/finnmarksarkivene.no\/index.php?rest_route=\/wp\/v2\/posts\/7200\/revisions\/7233"}],"wp:featuredmedia":[{"embeddable":true,"href":"https:\/\/finnmarksarkivene.no\/index.php?rest_route=\/wp\/v2\/media\/7201"}],"wp:attachment":[{"href":"https:\/\/finnmarksarkivene.no\/index.php?rest_route=%2Fwp%2Fv2%2Fmedia&parent=7200"}],"wp:term":[{"taxonomy":"category","embeddable":true,"href":"https:\/\/finnmarksarkivene.no\/index.php?rest_route=%2Fwp%2Fv2%2Fcategories&post=7200"},{"taxonomy":"post_tag","embeddable":true,"href":"https:\/\/finnmarksarkivene.no\/index.php?rest_route=%2Fwp%2Fv2%2Ftags&post=7200"}],"curies":[{"name":"wp","href":"https:\/\/api.w.org\/{rel}","templated":true}]}}