{"id":7227,"date":"2019-01-28T07:59:52","date_gmt":"2019-01-28T07:59:52","guid":{"rendered":"http:\/\/finnmarksarkivene.no\/?p=7227"},"modified":"2019-03-28T08:07:08","modified_gmt":"2019-03-28T08:07:08","slug":"arshjul-2019","status":"publish","type":"post","link":"https:\/\/finnmarksarkivene.no\/?p=7227","title":{"rendered":"\u00c5rshjul 2019"},"content":{"rendered":"<p>I \u00e5r skriver vi om disse temaene.<!--more--><\/p>\n<table width=\"98%\">\n<tbody>\n<tr>\n<td width=\"15%\"><strong>M\u00c5NED<\/strong><\/td>\n<td width=\"28%\"><strong>TEMA \/ EMNE<\/strong><\/td>\n<td width=\"29%\"><strong>Hvem skriver?<\/strong><\/td>\n<td width=\"27%\"><strong>Om hva?<\/strong><\/td>\n<\/tr>\n<tr>\n<td width=\"15%\"><strong>Januar<\/strong><\/td>\n<td width=\"28%\"><\/td>\n<td width=\"29%\">Tove og Bodil fra Varanger museum<\/td>\n<td width=\"27%\">Kirkeutsmykking i kirker i Varanger<\/td>\n<\/tr>\n<tr>\n<td width=\"15%\"><strong>Februar-mai<\/strong><\/td>\n<td width=\"28%\">Samefolkets dag 6.2.<\/td>\n<td width=\"29%\">Gunnhild v\/IKA Finnmark<\/td>\n<td width=\"27%\">Bruk av samisk spr\u00e5k i forvaltning<\/td>\n<\/tr>\n<tr>\n<td width=\"15%\"><strong>Mars<\/strong><\/td>\n<td width=\"28%\">Kvinnedagen 8. mars<\/td>\n<td width=\"29%\">Helena og Sonja v \/ Finnmark fylkesbibliotek<\/td>\n<td width=\"27%\">Hilja Bjerks arkiv (Midnattsskirenn for kvinner i B\u00e5tsfjord) og Sonjas foto<\/td>\n<\/tr>\n<tr>\n<td width=\"15%\"><\/td>\n<td width=\"28%\">Kvenfolkets dag 16. mars<\/td>\n<td width=\"29%\">Inger Lene\u00a0 v\/ Varangerarkiver<\/p>\n<p>&nbsp;<\/td>\n<td width=\"27%\">\u00abKompanibok for kvenene p\u00e5 kysten\u00bb fra Brodtkorb-arkivet<\/td>\n<\/tr>\n<tr>\n<td width=\"15%\"><strong>April<\/strong><\/td>\n<td width=\"28%\">Finnmarksarkivenes V\u00e5rslepp<\/p>\n<p>&nbsp;<\/td>\n<td width=\"29%\">Artikkel om Vi er ogs\u00e5 her prosjektet (basert p\u00e5 KAI-foredrag i Troms\u00f8)<\/td>\n<td width=\"27%\">Grete, Gunnhild, Svein-Olaf\/Solbj\u00f8rg og Helena<\/td>\n<\/tr>\n<tr>\n<td width=\"15%\"><strong>\u00a0<\/strong><\/td>\n<td width=\"28%\">Kvensk spr\u00e5kdag 26.4.<\/td>\n<td width=\"29%\">Gunnhild v\/IKA Finnmark<\/td>\n<td width=\"27%\">Kvenske dokumenter i forvaltning<\/td>\n<\/tr>\n<tr>\n<td width=\"15%\"><\/td>\n<td width=\"28%\">Industrihistorie p\u00e5 vidda<\/td>\n<td width=\"29%\">Grete v\/Samisk arkiv<\/td>\n<td width=\"27%\">Kautokeino produksjonslag<\/td>\n<\/tr>\n<tr>\n<td width=\"15%\"><strong>Mai <\/strong><\/td>\n<td width=\"28%\">Internasjonale villaksens \u00e5r (laksesesongen begynner)<\/td>\n<td width=\"29%\">Claus v\/Tana museum<\/td>\n<td width=\"27%\">Arkivet etter lakseoppkj\u00f8per A. Lavde<\/td>\n<\/tr>\n<tr>\n<td width=\"15%\"><strong>Juni<\/strong><\/td>\n<td width=\"28%\">Verdens flyktningedag (20. 6.)<\/td>\n<td width=\"29%\">Helena v\/ Finnmark fylkesbibliotek<\/td>\n<td width=\"27%\">Inger Bergmos flyktingearkiv<\/td>\n<\/tr>\n<tr>\n<td width=\"15%\"><strong>Juli<\/strong><\/td>\n<td width=\"28%\">Pomorene<\/td>\n<td width=\"29%\">Inger Lene og Synn\u00f8ve v\/ Varangerarkiver<\/td>\n<td width=\"27%\">Brodtkorb-arkivet<\/td>\n<\/tr>\n<tr>\n<td width=\"15%\"><strong>August<\/strong><\/td>\n<td width=\"28%\">FNs internasjonale urfolksdag 9. august<\/td>\n<td width=\"29%\">Nils J\u00f8rgen, Grete v\/ Samisk arkiv<\/td>\n<td width=\"27%\">Om prosjektet med japansk fotograf som har dokumentert liv i S\u00e1pmi, b.la. i Karasjok<\/td>\n<\/tr>\n<tr>\n<td width=\"15%\"><strong>September<\/strong><\/td>\n<td width=\"28%\">Kulturminnedagene (7.-15.9): Fremtidens kulturarv : levende lokalsamfunn<br \/>\n(andre emner kan v\u00e6re barn og unge, bok\u00e5ret, valg 2019)<\/td>\n<td width=\"29%\">Gunnhild v\/IKA Finnmark<\/td>\n<td width=\"27%\">Fra arkivet etter Russenes handelshus: fergeleieforbindelser og utvikling av lokalsamfunnet<\/td>\n<\/tr>\n<tr>\n<td width=\"15%\"><strong>\u00a0<\/strong><\/td>\n<td width=\"28%\">Markeringen av frigj\u00f8ringen 75 \u00e5r. 25.10. er det 75 \u00e5r siden frigj\u00f8ringen av \u00d8st-Finnmark<\/td>\n<td width=\"29%\">Tove v\/ Gjenreisningsmuseet<\/td>\n<td width=\"27%\">\u00abTil lykke med dagen\u00ab<\/td>\n<\/tr>\n<tr>\n<td width=\"15%\"><strong>Oktober-november<\/strong><\/td>\n<td width=\"28%\">Markering av frigj\u00f8ringen \u00a0(25.10.1944)<\/td>\n<td width=\"29%\">Solbj\u00f8rg v\/ SaT\u00f8<\/td>\n<td width=\"27%\">Arkivet fra Amtmannen i Finnmark &#8211; m\u00f8teprotokoll med det f\u00f8rste administrasjonsm\u00f8te etter frigj\u00f8ringa i 1944 (oktober).<\/td>\n<\/tr>\n<tr>\n<td width=\"15%\"><strong>\u00a0<\/strong><\/td>\n<td width=\"28%\">Glimter fra Arkivdagen 2019<\/td>\n<td width=\"29%\">Helena, Sonja og Evy v\/ Finnmark fylkesbibliotek<\/td>\n<td width=\"27%\">Rune Rautios krigshistorisk samling<\/td>\n<\/tr>\n<tr>\n<td width=\"15%\"><strong>Desember<\/strong><\/td>\n<td width=\"28%\">N\u00e5 er det jul igjen\u2026<\/td>\n<td width=\"29%\">Alle<\/td>\n<td width=\"27%\">Stoff til julekalender<\/td>\n<\/tr>\n<\/tbody>\n<\/table>\n<p>&nbsp;<\/p>\n","protected":false},"excerpt":{"rendered":"I \u00e5r skriver vi om disse temaene.","protected":false},"author":1,"featured_media":5500,"comment_status":"closed","ping_status":"closed","sticky":false,"template":"","format":"standard","meta":[],"categories":[382],"tags":[],"_links":{"self":[{"href":"https:\/\/finnmarksarkivene.no\/index.php?rest_route=\/wp\/v2\/posts\/7227"}],"collection":[{"href":"https:\/\/finnmarksarkivene.no\/index.php?rest_route=\/wp\/v2\/posts"}],"about":[{"href":"https:\/\/finnmarksarkivene.no\/index.php?rest_route=\/wp\/v2\/types\/post"}],"author":[{"embeddable":true,"href":"https:\/\/finnmarksarkivene.no\/index.php?rest_route=\/wp\/v2\/users\/1"}],"replies":[{"embeddable":true,"href":"https:\/\/finnmarksarkivene.no\/index.php?rest_route=%2Fwp%2Fv2%2Fcomments&post=7227"}],"version-history":[{"count":3,"href":"https:\/\/finnmarksarkivene.no\/index.php?rest_route=\/wp\/v2\/posts\/7227\/revisions"}],"predecessor-version":[{"id":7230,"href":"https:\/\/finnmarksarkivene.no\/index.php?rest_route=\/wp\/v2\/posts\/7227\/revisions\/7230"}],"wp:featuredmedia":[{"embeddable":true,"href":"https:\/\/finnmarksarkivene.no\/index.php?rest_route=\/wp\/v2\/media\/5500"}],"wp:attachment":[{"href":"https:\/\/finnmarksarkivene.no\/index.php?rest_route=%2Fwp%2Fv2%2Fmedia&parent=7227"}],"wp:term":[{"taxonomy":"category","embeddable":true,"href":"https:\/\/finnmarksarkivene.no\/index.php?rest_route=%2Fwp%2Fv2%2Fcategories&post=7227"},{"taxonomy":"post_tag","embeddable":true,"href":"https:\/\/finnmarksarkivene.no\/index.php?rest_route=%2Fwp%2Fv2%2Ftags&post=7227"}],"curies":[{"name":"wp","href":"https:\/\/api.w.org\/{rel}","templated":true}]}}