{"id":7237,"date":"2019-04-01T10:01:06","date_gmt":"2019-04-01T10:01:06","guid":{"rendered":"http:\/\/finnmarksarkivene.no\/?p=7237"},"modified":"2019-04-01T10:01:06","modified_gmt":"2019-04-01T10:01:06","slug":"geahcadan-samegiela-geavaheami-gielddalas-halddaseamis","status":"publish","type":"post","link":"https:\/\/finnmarksarkivene.no\/?p=7237","title":{"rendered":"Geah\u010dadan s\u00e1megiela geavaheami gielddala\u0161 h\u00e1ldda\u0161eamis"},"content":{"rendered":"<p><strong>\u00a0\u201cS\u00e1mi \u00e1lbmotbeaivvi oktavuo\u0111as, leat mii geah\u010dadan s\u00e1megiela geavaheami gielddala\u0161 h\u00e1ldda\u0161eamis. Dal\u00e1 \u010cu\u0111egietti arkiivavuorkk\u00e1s leat g\u00e1vdnon s\u00e1megillii \u010d\u00e1llon dokumeanttat. Dokumeanttat leat nu deh\u00e1la\u010d\u010dat ahte leat oassin Norgga dokumeanta\u00e1rbbis\u201d, \u010d\u00e1ll\u00e1 Gunnhild S. Engstad, IKA Finnm\u00e1rkku (Gielddaid gaskasa\u0161 arkiiva) beaivv\u00e1la\u0161 jo\u0111iheaddji. <\/strong><!--more--><\/p>\n<p>Artihkkala lea \u010d\u00e1ll\u00e1n Gunnhild S. Engstad. IKA Finnm\u00e1rkku beaivv\u00e1la\u0161 jo\u0111iheaddji.<\/p>\n<p>Kaisa Johanna Maliniemi lea 2006:s dutkan mii almmola\u0161 arkiivvain g\u00e1vdno unnitloguid birra, ja dutkanbarggus oktavuo\u0111as son geah\u010dadii ea.ea. \u010cu\u0111egietti gielddala\u0161 arkiivva, mii lea \u00e1igodagas 1845-1911. \u010cu\u0111egietti gildii gulle 1800-logus dat guovllut mat odne goh\u010doduvvojit Guovdageaidnu, K\u00e1r\u00e1\u0161johka, Pors\u00e1\u014bgu, ja vel muhtun guovllut Muos\u00e1t gielddas ja Davvenj\u00e1rggas. Arkiivvas son g\u00e1vnnai dokumeanttaid sihke kvena- ja s\u00e1megillii. Su \u00a0system\u00e1htala\u0161 dutkanbarggus son g\u00e1vnnai nu ollu go 120 s\u00e1megielat dokumeantta<u>.\u00a0 Loga eanet arkiivvaid<\/u> ja su dutkanbohtosiid birra.<\/p>\n<p><u>\u010cu\u0111egietti 1845-1914 gielddala\u0161 arkiiva<\/u> lea vurkejuvvon St\u00e1htaarkiivvas Romssas ja dat lea doppe oaidninl\u00e1hkai. Dat addojuvvui ovdal go IKA Finnm\u00e1rku IKS \u00e1sahuvvui. Mii leat\u00a0 o\u017e\u017eon skuvlaarkiivva, mii lea seamma \u00e1igodagas ja mii gull\u00e1 \u010cu\u0111egietti gielddala\u0161 arkiivii. \u00a0Arkiivadie\u0111ut maid Kaisa Johanna Maliniemi g\u00e1vnnai ledje nu deh\u00e1la\u010d\u010dat ahte olles arkiiva lea d\u00e1l oassi <u>Norgga dokumeanta\u00e1rbbis<\/u>.<\/p>\n<p>Gielddaid gaskasa\u0161 arkiiva Finnm\u00e1rkkus (IKA) lea \u00e1\u014bgirit ohcan die\u0111uid \u010cu\u0111egietti birra ja lea g\u00e1vdnan Gefiidfuolahusstivrra arkiivva, mii lea 1800-logu loahpageah\u010den, ja arkiivvas leat ollu \u00a0dokumeanttat \u010d\u00e1llojuvvon s\u00e1megillii. Dan \u00e1iggi olbmot \u010d\u00e1lle dakk\u00e1r b\u00e1hpiriid ala mat ledje ol\u00e1muttus. D\u00e1s beasat lohkat moadde reivve mat leat \u010d\u00e1llojuvvon jagiin 1895-1897:<\/p>\n<div id=\"attachment_6916\" style=\"width: 910px\" class=\"wp-caption aligncenter\"><a href=\"https:\/\/finnmarksarkivene.no\/wp-content\/uploads\/2019\/02\/IMG_3958samisk.jpg\"><img aria-describedby=\"caption-attachment-6916\" loading=\"lazy\" class=\"size-large wp-image-6916\" src=\"https:\/\/finnmarksarkivene.no\/wp-content\/uploads\/2019\/02\/IMG_3958samisk-1024x803.jpg\" alt=\"\" width=\"900\" height=\"706\" srcset=\"https:\/\/finnmarksarkivene.no\/wp-content\/uploads\/2019\/02\/IMG_3958samisk-1024x803.jpg 1024w, https:\/\/finnmarksarkivene.no\/wp-content\/uploads\/2019\/02\/IMG_3958samisk-300x235.jpg 300w, https:\/\/finnmarksarkivene.no\/wp-content\/uploads\/2019\/02\/IMG_3958samisk-768x602.jpg 768w\" sizes=\"(max-width: 900px) 100vw, 900px\" \/><\/a><p id=\"caption-attachment-6916\" class=\"wp-caption-text\">Magga Johannesdatter reivve, Goradak<\/p><\/div>\n<div id=\"attachment_6917\" style=\"width: 690px\" class=\"wp-caption aligncenter\"><a href=\"https:\/\/finnmarksarkivene.no\/wp-content\/uploads\/2019\/02\/IMG_3960samisk.jpg\"><img aria-describedby=\"caption-attachment-6917\" loading=\"lazy\" class=\"wp-image-6917 size-large\" src=\"https:\/\/finnmarksarkivene.no\/wp-content\/uploads\/2019\/02\/IMG_3960samisk-680x1024.jpg\" alt=\"\" width=\"680\" height=\"1024\" srcset=\"https:\/\/finnmarksarkivene.no\/wp-content\/uploads\/2019\/02\/IMG_3960samisk-680x1024.jpg 680w, https:\/\/finnmarksarkivene.no\/wp-content\/uploads\/2019\/02\/IMG_3960samisk-199x300.jpg 199w, https:\/\/finnmarksarkivene.no\/wp-content\/uploads\/2019\/02\/IMG_3960samisk-768x1157.jpg 768w, https:\/\/finnmarksarkivene.no\/wp-content\/uploads\/2019\/02\/IMG_3960samisk.jpg 1705w\" sizes=\"(max-width: 680px) 100vw, 680px\" \/><\/a><p id=\"caption-attachment-6917\" class=\"wp-caption-text\">Jon Johanesen Guttorm reivve, Keaisa<\/p><\/div>\n<div id=\"attachment_6918\" style=\"width: 671px\" class=\"wp-caption aligncenter\"><a href=\"https:\/\/finnmarksarkivene.no\/wp-content\/uploads\/2019\/02\/IMG_3962samisk.jpg\"><img aria-describedby=\"caption-attachment-6918\" loading=\"lazy\" class=\"wp-image-6918 size-large\" src=\"https:\/\/finnmarksarkivene.no\/wp-content\/uploads\/2019\/02\/IMG_3962samisk-661x1024.jpg\" alt=\"\" width=\"661\" height=\"1024\" srcset=\"https:\/\/finnmarksarkivene.no\/wp-content\/uploads\/2019\/02\/IMG_3962samisk-661x1024.jpg 661w, https:\/\/finnmarksarkivene.no\/wp-content\/uploads\/2019\/02\/IMG_3962samisk-194x300.jpg 194w, https:\/\/finnmarksarkivene.no\/wp-content\/uploads\/2019\/02\/IMG_3962samisk-768x1189.jpg 768w, https:\/\/finnmarksarkivene.no\/wp-content\/uploads\/2019\/02\/IMG_3962samisk.jpg 1717w\" sizes=\"(max-width: 661px) 100vw, 661px\" \/><\/a><p id=\"caption-attachment-6918\" class=\"wp-caption-text\">H.H. Kolvik reivve<\/p><\/div>\n<div id=\"attachment_6919\" style=\"width: 910px\" class=\"wp-caption aligncenter\"><a href=\"https:\/\/finnmarksarkivene.no\/wp-content\/uploads\/2019\/02\/IMG_3963samisk.jpg\"><img aria-describedby=\"caption-attachment-6919\" loading=\"lazy\" class=\"wp-image-6919 size-large\" src=\"https:\/\/finnmarksarkivene.no\/wp-content\/uploads\/2019\/02\/IMG_3963samisk-1024x566.jpg\" alt=\"\" width=\"900\" height=\"497\" srcset=\"https:\/\/finnmarksarkivene.no\/wp-content\/uploads\/2019\/02\/IMG_3963samisk-1024x566.jpg 1024w, https:\/\/finnmarksarkivene.no\/wp-content\/uploads\/2019\/02\/IMG_3963samisk-300x166.jpg 300w, https:\/\/finnmarksarkivene.no\/wp-content\/uploads\/2019\/02\/IMG_3963samisk-768x424.jpg 768w\" sizes=\"(max-width: 900px) 100vw, 900px\" \/><\/a><p id=\"caption-attachment-6919\" class=\"wp-caption-text\">Kl. Klemetsen reivve, R\u00e1vtto\u0161nj\u00e1rga<\/p><\/div>\n<div id=\"attachment_6928\" style=\"width: 732px\" class=\"wp-caption aligncenter\"><a href=\"https:\/\/finnmarksarkivene.no\/wp-content\/uploads\/2019\/02\/IMG_4050samisk.jpg\"><img aria-describedby=\"caption-attachment-6928\" loading=\"lazy\" class=\"wp-image-6928 size-large\" src=\"https:\/\/finnmarksarkivene.no\/wp-content\/uploads\/2019\/02\/IMG_4050samisk-722x1024.jpg\" alt=\"\" width=\"722\" height=\"1024\" srcset=\"https:\/\/finnmarksarkivene.no\/wp-content\/uploads\/2019\/02\/IMG_4050samisk-722x1024.jpg 722w, https:\/\/finnmarksarkivene.no\/wp-content\/uploads\/2019\/02\/IMG_4050samisk-211x300.jpg 211w, https:\/\/finnmarksarkivene.no\/wp-content\/uploads\/2019\/02\/IMG_4050samisk-768x1090.jpg 768w, https:\/\/finnmarksarkivene.no\/wp-content\/uploads\/2019\/02\/IMG_4050samisk.jpg 1980w\" sizes=\"(max-width: 722px) 100vw, 722px\" \/><\/a><p id=\"caption-attachment-6928\" class=\"wp-caption-text\">Johan Olsen reivve<\/p><\/div>\n","protected":false},"excerpt":{"rendered":"\u00a0\u201cS\u00e1mi \u00e1lbmotbeaivvi oktavuo\u0111as, leat mii geah\u010dadan s\u00e1megiela geavaheami gielddala\u0161 h\u00e1ldda\u0161eamis. Dal\u00e1 \u010cu\u0111egietti arkiivavuorkk\u00e1s leat g\u00e1vdnon s\u00e1megillii \u010d\u00e1llon dokumeanttat. Dokumeanttat leat nu deh\u00e1la\u010d\u010dat ahte leat oassin Norgga dokumeanta\u00e1rbbis\u201d, \u010d\u00e1ll\u00e1 Gunnhild S. Engstad, IKA Finnm\u00e1rkku (Gielddaid gaskasa\u0161 arkiiva) beaivv\u00e1la\u0161 jo\u0111iheaddji.","protected":false},"author":1,"featured_media":6919,"comment_status":"closed","ping_status":"closed","sticky":false,"template":"","format":"standard","meta":[],"categories":[384,4],"tags":[],"_links":{"self":[{"href":"https:\/\/finnmarksarkivene.no\/index.php?rest_route=\/wp\/v2\/posts\/7237"}],"collection":[{"href":"https:\/\/finnmarksarkivene.no\/index.php?rest_route=\/wp\/v2\/posts"}],"about":[{"href":"https:\/\/finnmarksarkivene.no\/index.php?rest_route=\/wp\/v2\/types\/post"}],"author":[{"embeddable":true,"href":"https:\/\/finnmarksarkivene.no\/index.php?rest_route=\/wp\/v2\/users\/1"}],"replies":[{"embeddable":true,"href":"https:\/\/finnmarksarkivene.no\/index.php?rest_route=%2Fwp%2Fv2%2Fcomments&post=7237"}],"version-history":[{"count":1,"href":"https:\/\/finnmarksarkivene.no\/index.php?rest_route=\/wp\/v2\/posts\/7237\/revisions"}],"predecessor-version":[{"id":7238,"href":"https:\/\/finnmarksarkivene.no\/index.php?rest_route=\/wp\/v2\/posts\/7237\/revisions\/7238"}],"wp:featuredmedia":[{"embeddable":true,"href":"https:\/\/finnmarksarkivene.no\/index.php?rest_route=\/wp\/v2\/media\/6919"}],"wp:attachment":[{"href":"https:\/\/finnmarksarkivene.no\/index.php?rest_route=%2Fwp%2Fv2%2Fmedia&parent=7237"}],"wp:term":[{"taxonomy":"category","embeddable":true,"href":"https:\/\/finnmarksarkivene.no\/index.php?rest_route=%2Fwp%2Fv2%2Fcategories&post=7237"},{"taxonomy":"post_tag","embeddable":true,"href":"https:\/\/finnmarksarkivene.no\/index.php?rest_route=%2Fwp%2Fv2%2Ftags&post=7237"}],"curies":[{"name":"wp","href":"https:\/\/api.w.org\/{rel}","templated":true}]}}