{"id":7269,"date":"2019-04-23T12:40:24","date_gmt":"2019-04-23T12:40:24","guid":{"rendered":"http:\/\/finnmarksarkivene.no\/?p=7269"},"modified":"2020-05-05T08:12:49","modified_gmt":"2020-05-05T08:12:49","slug":"norsk-dokumentarv-bestar-ogsa-av-dokumenter-pa-kvensk","status":"publish","type":"post","link":"https:\/\/finnmarksarkivene.no\/?p=7269","title":{"rendered":"Norsk dokumentarv best\u00e5r ogs\u00e5 av dokumenter p\u00e5 kvensk"},"content":{"rendered":"<p><strong>Kvensk spr\u00e5kdag den 26. april markeres med Gunnhild S. Engstad sitt innlegg<\/strong> <strong>&#8220;Norsk dokumentarv best\u00e5r ogs\u00e5 av dokumenter p\u00e5 kvensk&#8221;.\u00a0<\/strong><!--more--><\/p>\n<p>Begrepet \u00abkven\u00bb finner vi omtalt i de eldste skriftlige kilder vi har i Norge samt p\u00e5 gamle kart. Kvener er en nasjonal minoritet i Norge som kom til dagens Norge i nord, \u00f8stfra i omr\u00e5det Bottenvika.<\/p>\n<p>Hva er en kven? Ja det er et stort sp\u00f8rsm\u00e5l med mange svar. Du kan lese videre her:<br \/>\n<a href=\"https:\/\/www.norgeshistorie.no\/hvordan-blir-historie-til\/vikingtid\/K8_03_Ottars_beretning.html\" target=\"_blank\" rel=\"noopener\">Universitetet i Oslo, Om Ottars beretning<\/a><br \/>\n<a href=\"http:\/\/www.kvenskinstitutt.no\/kvener\/\" target=\"_blank\" rel=\"noopener\">Kvensk institutt, B\u00f8rselv<\/a><br \/>\n<a href=\"https:\/\/www.varangermuseum.no\/fagomrader\/kvener-norskfinner\/\" target=\"_blank\" rel=\"noopener\">Varangermuseene, om kvener<\/a><br \/>\n<a href=\"https:\/\/forskning.no\/blogg\/museumsviten\/kvener-ut-av-skapet\" target=\"_blank\" rel=\"noopener\">Forskning.no, Troms\u00f8 museum bloggartikkel om kvener i dag<\/a><\/p>\n<p>I arkivet til den gang Kistrand kommune, er det funnet dokumenter skrevet p\u00e5 kvensk i offentlig saksbehandling.<br \/>\nDette er s\u00e5 viktige dokumenter at de er blitt endel av v\u00e5r norske dokumentarv.<\/p>\n<p>I 2006 gjennomgikk Kaisa Johanna Maliniemi\u00a0bl.a. det kommunale arkivet til Kistrand 1845-1911\u00a0som ledd i sin\u00a0forskning p\u00e5 minoriteter i offentlige arkiv. Kistrand kommune dekket p\u00e5 1800-tallet omr\u00e5der som\u00a0idag utgj\u00f8r Kautokeino, Karasjok, Porsanger, deler av M\u00e5s\u00f8y og deler av Nordkapp.\u00a0Her fant hun dokumenter p\u00e5 b\u00e5de kvensk og samisk. Hennes systematiske gjennomgang av hele arkivet avdekket s\u00e5 mange som 240 kvensk dokumenter i tidsrommet 1867-1911. <a href=\"https:\/\/www.kulturradet.no\/vis-publikasjon\/-\/arkivdokumentene-forteller\" target=\"_blank\" rel=\"noopener\">Les mer om arkivene<\/a> og resultatet av hennes forskning.<\/p>\n<p>Det <a href=\"https:\/\/www.arkivverket.no\/utforsk-arkivene\/norges-dokumentarv\/kvenske-og-samiske-dokumenter-fra-kistrand-kommunearkiv-1845-1914\" target=\"_blank\" rel=\"noopener\">kommunale arkivet til Kistrand 1845-1914<\/a> er oppbevart p\u00e5 Statsarkivet i Troms\u00f8 og tilgjengelig der. Det ble avlevert f\u00f8r IKA Finnmark IKS ble opprettet.\u00a0Vi har til oss ogs\u00e5 f\u00e5tt avlevert kommunalt arkiv fra Kistrand kommune, hovedsakelig skolearkiv.\u00a0\u00a0Kaisa Johanne Maliniemis funn, var s\u00e5 viktig at hele arkivet n\u00e5 inng\u00e5r som del av v\u00e5r <a href=\"https:\/\/www.kulturradet.no\/norges-dokumentarv\/register\" target=\"_blank\" rel=\"noopener\">norske dokumentarv<\/a>.<\/p>\n<p>I v\u00e5r egen s\u00f8ken etter informasjon fra\u00a0Kistrand,\u00a0Fattigstyrets arkiv\u00a0fra siste del av 1800-tallet, kom vi over flere av dokumentene p\u00e5 kvensk.\u00a0Her f\u00e5r du en liten smakebit fra 1889-1897:<\/p>\n<p><a href=\"https:\/\/finnmarksarkivene.no\/wp-content\/uploads\/2019\/04\/1889.pdf\" target=\"_blank\" rel=\"noopener\">1889<\/a><br \/>\n<a href=\"https:\/\/finnmarksarkivene.no\/wp-content\/uploads\/2019\/04\/1891.pdf\" target=\"_blank\" rel=\"noopener\">1891<\/a><br \/>\n<a href=\"https:\/\/finnmarksarkivene.no\/wp-content\/uploads\/2019\/04\/1899.pdf\">1899<\/a><br \/>\n<a href=\"https:\/\/finnmarksarkivene.no\/wp-content\/uploads\/2019\/04\/GreteRatama.pdf\" target=\"_blank\" rel=\"noopener\">Grethe Ratamas s\u00f8knad<\/a><\/p>\n<p>Vi takker Kvensk forening, Lakselv og Kvensk Institutt for oversettelse av smakebitene.<\/p>\n<p><a href=\"https:\/\/finnmarksarkivene.no\/wp-content\/uploads\/2019\/04\/1889.jpg\"><img loading=\"lazy\" class=\"aligncenter size-full wp-image-7276\" src=\"https:\/\/finnmarksarkivene.no\/wp-content\/uploads\/2019\/04\/1889.jpg\" alt=\"\" width=\"1706\" height=\"2619\" srcset=\"https:\/\/finnmarksarkivene.no\/wp-content\/uploads\/2019\/04\/1889.jpg 1706w, https:\/\/finnmarksarkivene.no\/wp-content\/uploads\/2019\/04\/1889-195x300.jpg 195w, https:\/\/finnmarksarkivene.no\/wp-content\/uploads\/2019\/04\/1889-768x1179.jpg 768w, https:\/\/finnmarksarkivene.no\/wp-content\/uploads\/2019\/04\/1889-667x1024.jpg 667w\" sizes=\"(max-width: 1706px) 100vw, 1706px\" \/><\/a><\/p>\n<p>&nbsp;<\/p>\n<p>&nbsp;<\/p>\n","protected":false},"excerpt":{"rendered":"Kvensk spr\u00e5kdag den 26. april markeres med Gunnhild S. Engstad sitt innlegg &#8220;Norsk dokumentarv best\u00e5r ogs\u00e5 av dokumenter p\u00e5 kvensk&#8221;.\u00a0","protected":false},"author":1,"featured_media":7275,"comment_status":"closed","ping_status":"closed","sticky":false,"template":"","format":"standard","meta":[],"categories":[382,11,8],"tags":[],"_links":{"self":[{"href":"https:\/\/finnmarksarkivene.no\/index.php?rest_route=\/wp\/v2\/posts\/7269"}],"collection":[{"href":"https:\/\/finnmarksarkivene.no\/index.php?rest_route=\/wp\/v2\/posts"}],"about":[{"href":"https:\/\/finnmarksarkivene.no\/index.php?rest_route=\/wp\/v2\/types\/post"}],"author":[{"embeddable":true,"href":"https:\/\/finnmarksarkivene.no\/index.php?rest_route=\/wp\/v2\/users\/1"}],"replies":[{"embeddable":true,"href":"https:\/\/finnmarksarkivene.no\/index.php?rest_route=%2Fwp%2Fv2%2Fcomments&post=7269"}],"version-history":[{"count":7,"href":"https:\/\/finnmarksarkivene.no\/index.php?rest_route=\/wp\/v2\/posts\/7269\/revisions"}],"predecessor-version":[{"id":7282,"href":"https:\/\/finnmarksarkivene.no\/index.php?rest_route=\/wp\/v2\/posts\/7269\/revisions\/7282"}],"wp:featuredmedia":[{"embeddable":true,"href":"https:\/\/finnmarksarkivene.no\/index.php?rest_route=\/wp\/v2\/media\/7275"}],"wp:attachment":[{"href":"https:\/\/finnmarksarkivene.no\/index.php?rest_route=%2Fwp%2Fv2%2Fmedia&parent=7269"}],"wp:term":[{"taxonomy":"category","embeddable":true,"href":"https:\/\/finnmarksarkivene.no\/index.php?rest_route=%2Fwp%2Fv2%2Fcategories&post=7269"},{"taxonomy":"post_tag","embeddable":true,"href":"https:\/\/finnmarksarkivene.no\/index.php?rest_route=%2Fwp%2Fv2%2Ftags&post=7269"}],"curies":[{"name":"wp","href":"https:\/\/api.w.org\/{rel}","templated":true}]}}